{"id":23208,"date":"2025-06-16T20:27:00","date_gmt":"2025-06-16T18:27:00","guid":{"rendered":"https:\/\/agora.xtec.cat\/escalmacelles\/?p=23208"},"modified":"2025-06-16T20:27:00","modified_gmt":"2025-06-16T18:27:00","slug":"i5-coneix-lescola-de-primaria-amb-lajuda-de-2n","status":"publish","type":"post","link":"https:\/\/agora.xtec.cat\/escalmacelles\/portada\/i5-coneix-lescola-de-primaria-amb-lajuda-de-2n\/","title":{"rendered":"I5 coneix l&#8217;escola de Prim\u00e0ria amb l\u2019ajuda de 2n"},"content":{"rendered":"<p data-start=\"197\" data-end=\"355\">La setmana passada vam rebre una visita molt especial! Els nens i nenes d&#8217;I5 van venir a con\u00e8ixer l&#8217;escola de Prim\u00e0ria, on comen\u00e7aran una nova etapa el curs vinent.<\/p>\n<p data-start=\"357\" data-end=\"628\">Per fer-los sentir ben acollits, els alumnes de 2n van fer de guies i amfitrions. Els van ensenyar diferents espais de l\u2019escola i els van preparar activitats l\u00fadiques perqu\u00e8 poguessin passar un mat\u00ed ben divertit. Tots plegats van compartir jocs, rialles i molta il\u00b7lusi\u00f3.<\/p>\n<p data-start=\"630\" data-end=\"843\">Va estat una experi\u00e8ncia molt enriquidora per a grans i petits! Els d&#8217;I5 van poder fer un primer tastet de l\u2019escola que els espera, i els de 2n van viure l\u2019oportunitat de ser responsables, acollidors i exemplars.<\/p>\n<p data-start=\"630\" data-end=\"843\">Gr\u00e0cies per la visita! <a href=\"https:\/\/photos.app.goo.gl\/4REk7Qe3t9vQeDDi7\"><img loading=\"lazy\" decoding=\"async\" class=\"alignnone size-full wp-image-23209\" src=\"https:\/\/agora.xtec.cat\/escalmacelles\/wp-content\/uploads\/usu1902\/2025\/06\/portada.jpg\" alt=\"\" width=\"1022\" height=\"763\" srcset=\"https:\/\/agora.xtec.cat\/escalmacelles\/wp-content\/uploads\/usu1902\/2025\/06\/portada.jpg 1022w, https:\/\/agora.xtec.cat\/escalmacelles\/wp-content\/uploads\/usu1902\/2025\/06\/portada-300x224.jpg 300w, https:\/\/agora.xtec.cat\/escalmacelles\/wp-content\/uploads\/usu1902\/2025\/06\/portada-768x573.jpg 768w\" sizes=\"auto, (max-width: 1022px) 100vw, 1022px\" \/><\/a><\/p>\n<p data-start=\"630\" data-end=\"843\">\n","protected":false},"excerpt":{"rendered":"<p>La setmana passada vam rebre una visita molt especial! Els nens i nenes d&#8217;I5 van venir a con\u00e8ixer l&#8217;escola de Prim\u00e0ria, on comen\u00e7aran una nova etapa el curs vinent. Per fer-los sentir ben acollits, els alumnes de 2n van fer de guies i amfitrions. Els van ensenyar diferents espais de l\u2019escola i els van preparar [&hellip;]<\/p>\n","protected":false},"author":30,"featured_media":0,"comment_status":"open","ping_status":"open","sticky":false,"template":"","format":"standard","meta":{"_bbp_topic_count":0,"_bbp_reply_count":0,"_bbp_total_topic_count":0,"_bbp_total_reply_count":0,"_bbp_voice_count":0,"_bbp_anonymous_reply_count":0,"_bbp_topic_count_hidden":0,"_bbp_reply_count_hidden":0,"_bbp_forum_subforum_count":0,"site-sidebar-layout":"default","site-content-layout":"","ast-site-content-layout":"default","site-content-style":"default","site-sidebar-style":"default","ast-global-header-display":"","ast-banner-title-visibility":"","ast-main-header-display":"","ast-hfb-above-header-display":"","ast-hfb-below-header-display":"","ast-hfb-mobile-header-display":"","site-post-title":"","ast-breadcrumbs-content":"","ast-featured-img":"","footer-sml-layout":"","theme-transparent-header-meta":"default","adv-header-id-meta":"","stick-header-meta":"","header-above-stick-meta":"","header-main-stick-meta":"","header-below-stick-meta":"","astra-migrate-meta-layouts":"set","ast-page-background-enabled":"default","ast-page-background-meta":{"desktop":{"background-color":"var(--ast-global-color-4)","background-image":"","background-repeat":"repeat","background-position":"center center","background-size":"auto","background-attachment":"scroll","background-type":"","background-media":"","overlay-type":"","overlay-color":"","overlay-opacity":"","overlay-gradient":""},"tablet":{"background-color":"","background-image":"","background-repeat":"repeat","background-position":"center center","background-size":"auto","background-attachment":"scroll","background-type":"","background-media":"","overlay-type":"","overlay-color":"","overlay-opacity":"","overlay-gradient":""},"mobile":{"background-color":"","background-image":"","background-repeat":"repeat","background-position":"center center","background-size":"auto","background-attachment":"scroll","background-type":"","background-media":"","overlay-type":"","overlay-color":"","overlay-opacity":"","overlay-gradient":""}},"ast-content-background-meta":{"desktop":{"background-color":"var(--ast-global-color-5)","background-image":"","background-repeat":"repeat","background-position":"center center","background-size":"auto","background-attachment":"scroll","background-type":"","background-media":"","overlay-type":"","overlay-color":"","overlay-opacity":"","overlay-gradient":""},"tablet":{"background-color":"var(--ast-global-color-5)","background-image":"","background-repeat":"repeat","background-position":"center center","background-size":"auto","background-attachment":"scroll","background-type":"","background-media":"","overlay-type":"","overlay-color":"","overlay-opacity":"","overlay-gradient":""},"mobile":{"background-color":"var(--ast-global-color-5)","background-image":"","background-repeat":"repeat","background-position":"center center","background-size":"auto","background-attachment":"scroll","background-type":"","background-media":"","overlay-type":"","overlay-color":"","overlay-opacity":"","overlay-gradient":""}},"footnotes":""},"categories":[10,11,4,5],"tags":[],"class_list":["post-23208","post","type-post","status-publish","format-standard","hentry","category-1r","category-2n","category-portada","category-primaria"],"post_mailing_queue_ids":[],"_links":{"self":[{"href":"https:\/\/agora.xtec.cat\/escalmacelles\/wp-json\/wp\/v2\/posts\/23208","targetHints":{"allow":["GET"]}}],"collection":[{"href":"https:\/\/agora.xtec.cat\/escalmacelles\/wp-json\/wp\/v2\/posts"}],"about":[{"href":"https:\/\/agora.xtec.cat\/escalmacelles\/wp-json\/wp\/v2\/types\/post"}],"author":[{"embeddable":true,"href":"https:\/\/agora.xtec.cat\/escalmacelles\/wp-json\/wp\/v2\/users\/30"}],"replies":[{"embeddable":true,"href":"https:\/\/agora.xtec.cat\/escalmacelles\/wp-json\/wp\/v2\/comments?post=23208"}],"version-history":[{"count":2,"href":"https:\/\/agora.xtec.cat\/escalmacelles\/wp-json\/wp\/v2\/posts\/23208\/revisions"}],"predecessor-version":[{"id":23211,"href":"https:\/\/agora.xtec.cat\/escalmacelles\/wp-json\/wp\/v2\/posts\/23208\/revisions\/23211"}],"wp:attachment":[{"href":"https:\/\/agora.xtec.cat\/escalmacelles\/wp-json\/wp\/v2\/media?parent=23208"}],"wp:term":[{"taxonomy":"category","embeddable":true,"href":"https:\/\/agora.xtec.cat\/escalmacelles\/wp-json\/wp\/v2\/categories?post=23208"},{"taxonomy":"post_tag","embeddable":true,"href":"https:\/\/agora.xtec.cat\/escalmacelles\/wp-json\/wp\/v2\/tags?post=23208"}],"curies":[{"name":"wp","href":"https:\/\/api.w.org\/{rel}","templated":true}]}}