{"id":23136,"date":"2025-04-11T11:49:34","date_gmt":"2025-04-11T09:49:34","guid":{"rendered":"https:\/\/agora.xtec.cat\/escalmacelles\/?p=23136"},"modified":"2025-04-11T11:49:34","modified_gmt":"2025-04-11T09:49:34","slug":"visita-a-les-coves-de-lespluga-de-francoli-3r-de-primaria","status":"publish","type":"post","link":"https:\/\/agora.xtec.cat\/escalmacelles\/portada\/visita-a-les-coves-de-lespluga-de-francoli-3r-de-primaria\/","title":{"rendered":"Visita a les coves de l&#8217;Espluga de Francol\u00ed \u2013 3r de Prim\u00e0ria"},"content":{"rendered":"<div>\n<p>Ahir, l\u2019alumnat de 3r de Prim\u00e0ria vam fer una sortida molt especial a les coves de l\u2019Espluga de Francol\u00ed per culminar el projecte sobre la Prehist\u00f2ria que hem estat treballant durant el segon trimestre.<\/p>\n<p>L\u2019experi\u00e8ncia va ser molt enriquidora i divertida. Els infants van poder posar en pr\u00e0ctica molts dels coneixements adquirits a l\u2019aula, com ara la realitzaci\u00f3 de pintures rupestres i el gravat a pedra amb s\u00edlex. A m\u00e9s, van tenir l\u2019oportunitat d\u2019endinsar-se a les coves i descobrir, de manera vivencial, com era la vida dels nostres avantpassats gr\u00e0cies a unes recreacions espectaculars.<\/p>\n<p>Va ser un dia ple d\u2019aprenentatges, emocions i descobertes que segur que recordaran durant molt de temps!<\/p>\n<p style=\"text-align: center;\"><strong><em>Clicant a la imatge podeu accedir a la galeria.<\/em><\/strong><\/p>\n<\/div>\n<div><a href=\"https:\/\/photos.app.goo.gl\/kQtSAEpe3bQPfMQx7\"><img loading=\"lazy\" decoding=\"async\" class=\"alignnone size-full wp-image-23137\" src=\"https:\/\/agora.xtec.cat\/escalmacelles\/wp-content\/uploads\/usu1902\/2025\/04\/aa.jpg\" alt=\"\" width=\"1024\" height=\"768\" srcset=\"https:\/\/agora.xtec.cat\/escalmacelles\/wp-content\/uploads\/usu1902\/2025\/04\/aa.jpg 1024w, https:\/\/agora.xtec.cat\/escalmacelles\/wp-content\/uploads\/usu1902\/2025\/04\/aa-300x225.jpg 300w, https:\/\/agora.xtec.cat\/escalmacelles\/wp-content\/uploads\/usu1902\/2025\/04\/aa-768x576.jpg 768w, https:\/\/agora.xtec.cat\/escalmacelles\/wp-content\/uploads\/usu1902\/2025\/04\/aa-200x150.jpg 200w\" sizes=\"auto, (max-width: 1024px) 100vw, 1024px\" \/><\/a><\/div>\n","protected":false},"excerpt":{"rendered":"<p>Ahir, l\u2019alumnat de 3r de Prim\u00e0ria vam fer una sortida molt especial a les coves de l\u2019Espluga de Francol\u00ed per culminar el projecte sobre la Prehist\u00f2ria que hem estat treballant durant el segon trimestre. L\u2019experi\u00e8ncia va ser molt enriquidora i divertida. Els infants van poder posar en pr\u00e0ctica molts dels coneixements adquirits a l\u2019aula, com [&hellip;]<\/p>\n","protected":false},"author":13,"featured_media":0,"comment_status":"open","ping_status":"closed","sticky":false,"template":"","format":"standard","meta":{"_bbp_topic_count":0,"_bbp_reply_count":0,"_bbp_total_topic_count":0,"_bbp_total_reply_count":0,"_bbp_voice_count":0,"_bbp_anonymous_reply_count":0,"_bbp_topic_count_hidden":0,"_bbp_reply_count_hidden":0,"_bbp_forum_subforum_count":0,"site-sidebar-layout":"default","site-content-layout":"","ast-site-content-layout":"","site-content-style":"default","site-sidebar-style":"default","ast-global-header-display":"","ast-banner-title-visibility":"","ast-main-header-display":"","ast-hfb-above-header-display":"","ast-hfb-below-header-display":"","ast-hfb-mobile-header-display":"","site-post-title":"","ast-breadcrumbs-content":"","ast-featured-img":"","footer-sml-layout":"","theme-transparent-header-meta":"","adv-header-id-meta":"","stick-header-meta":"","header-above-stick-meta":"","header-main-stick-meta":"","header-below-stick-meta":"","astra-migrate-meta-layouts":"default","ast-page-background-enabled":"default","ast-page-background-meta":{"desktop":{"background-color":"var(--ast-global-color-4)","background-image":"","background-repeat":"repeat","background-position":"center center","background-size":"auto","background-attachment":"scroll","background-type":"","background-media":"","overlay-type":"","overlay-color":"","overlay-opacity":"","overlay-gradient":""},"tablet":{"background-color":"","background-image":"","background-repeat":"repeat","background-position":"center center","background-size":"auto","background-attachment":"scroll","background-type":"","background-media":"","overlay-type":"","overlay-color":"","overlay-opacity":"","overlay-gradient":""},"mobile":{"background-color":"","background-image":"","background-repeat":"repeat","background-position":"center center","background-size":"auto","background-attachment":"scroll","background-type":"","background-media":"","overlay-type":"","overlay-color":"","overlay-opacity":"","overlay-gradient":""}},"ast-content-background-meta":{"desktop":{"background-color":"var(--ast-global-color-5)","background-image":"","background-repeat":"repeat","background-position":"center center","background-size":"auto","background-attachment":"scroll","background-type":"","background-media":"","overlay-type":"","overlay-color":"","overlay-opacity":"","overlay-gradient":""},"tablet":{"background-color":"var(--ast-global-color-5)","background-image":"","background-repeat":"repeat","background-position":"center center","background-size":"auto","background-attachment":"scroll","background-type":"","background-media":"","overlay-type":"","overlay-color":"","overlay-opacity":"","overlay-gradient":""},"mobile":{"background-color":"var(--ast-global-color-5)","background-image":"","background-repeat":"repeat","background-position":"center center","background-size":"auto","background-attachment":"scroll","background-type":"","background-media":"","overlay-type":"","overlay-color":"","overlay-opacity":"","overlay-gradient":""}},"footnotes":""},"categories":[12,66,4,5],"tags":[138,552,381,382,78,197],"class_list":["post-23136","post","type-post","status-publish","format-standard","hentry","category-3r","category-espai-pares","category-portada","category-primaria","tag-ciclemitja","tag-covesespluga","tag-esplugadefrancoli","tag-prehistoria","tag-sortida","tag-tercer"],"post_mailing_queue_ids":[],"_links":{"self":[{"href":"https:\/\/agora.xtec.cat\/escalmacelles\/wp-json\/wp\/v2\/posts\/23136","targetHints":{"allow":["GET"]}}],"collection":[{"href":"https:\/\/agora.xtec.cat\/escalmacelles\/wp-json\/wp\/v2\/posts"}],"about":[{"href":"https:\/\/agora.xtec.cat\/escalmacelles\/wp-json\/wp\/v2\/types\/post"}],"author":[{"embeddable":true,"href":"https:\/\/agora.xtec.cat\/escalmacelles\/wp-json\/wp\/v2\/users\/13"}],"replies":[{"embeddable":true,"href":"https:\/\/agora.xtec.cat\/escalmacelles\/wp-json\/wp\/v2\/comments?post=23136"}],"version-history":[{"count":1,"href":"https:\/\/agora.xtec.cat\/escalmacelles\/wp-json\/wp\/v2\/posts\/23136\/revisions"}],"predecessor-version":[{"id":23138,"href":"https:\/\/agora.xtec.cat\/escalmacelles\/wp-json\/wp\/v2\/posts\/23136\/revisions\/23138"}],"wp:attachment":[{"href":"https:\/\/agora.xtec.cat\/escalmacelles\/wp-json\/wp\/v2\/media?parent=23136"}],"wp:term":[{"taxonomy":"category","embeddable":true,"href":"https:\/\/agora.xtec.cat\/escalmacelles\/wp-json\/wp\/v2\/categories?post=23136"},{"taxonomy":"post_tag","embeddable":true,"href":"https:\/\/agora.xtec.cat\/escalmacelles\/wp-json\/wp\/v2\/tags?post=23136"}],"curies":[{"name":"wp","href":"https:\/\/api.w.org\/{rel}","templated":true}]}}