{"id":23108,"date":"2025-02-21T17:17:39","date_gmt":"2025-02-21T16:17:39","guid":{"rendered":"https:\/\/agora.xtec.cat\/escalmacelles\/?p=23108"},"modified":"2025-02-21T17:17:39","modified_gmt":"2025-02-21T16:17:39","slug":"mobilitat-erasmus-leiria-portugal","status":"publish","type":"post","link":"https:\/\/agora.xtec.cat\/escalmacelles\/portada\/mobilitat-erasmus-leiria-portugal\/","title":{"rendered":"MOBILITAT ERASMUS: LEIRIA, PORTUGAL"},"content":{"rendered":"<p>Per primer cop hem realitzat una mobilitat ERASMUS amb 8 alumnes de l&#8217;escola. Ha sigut una experi\u00e8ncia molt enriquidora i gratificant. Aquesta oportunitat ens ha perm\u00e8s: viatjar amb avi\u00f3, ja que molts dels alumnes no ho havien fet, estar una setmana fora de casa, esfor\u00e7ar-se a parlar i entendre una altra llengua per comunicar-se amb els companys\/es portuguesos, preparar-se i fer una pr\u00e0ctica restaurativa amb angl\u00e8s, visitar llocs interessants, fer noves amistats i con\u00e8ixer altres realitats i cultures. S&#8217;emporten una experi\u00e8ncia que recordaran tota la vida! Valorem molt positivament aquesta mobilitat i apostem per iniciar nous projectes com aquest.<\/p>\n<p>En el seg\u00fcent <a href=\"https:\/\/sites.google.com\/antoniasimoiarno.com\/erasmus\/erasmus-ka122\/mobilitat-alumnat-2024-2025?authuser=0\">ENLLA\u00c7<\/a> trobareu explicat qu\u00e8 hem fet cada dia.<\/p>\n<p>Si cliqueu damunt de la imatge podreu veure totes les fotografies del viatge.<\/p>\n<p><a href=\"https:\/\/photos.app.goo.gl\/ARN2QzdMMhDmyGgr8\"><img loading=\"lazy\" decoding=\"async\" class=\"aligncenter\" src=\"https:\/\/lh3.googleusercontent.com\/pw\/AP1GczOobo8NgbEQKesGVqyykCRIQQUr31e6zhR0V5xuuaoQxWHjaqY_ZOeHF_FOK1oMUYXb0i2jd0thEBQ9irfR_jQOkIfW79jIR_hncnu2ykmNoZgpCkqrqZAzCjlQuDqxkayV8cqiPdVBkyePirCCKLWjPQ=w1187-h890-s-no-gm?authuser=4\" width=\"628\" height=\"471\" \/><\/a><\/p>\n<p>&nbsp;<\/p>\n<p>&nbsp;<\/p>\n<p>&nbsp;<\/p>\n","protected":false},"excerpt":{"rendered":"<p>Per primer cop hem realitzat una mobilitat ERASMUS amb 8 alumnes de l&#8217;escola. Ha sigut una experi\u00e8ncia molt enriquidora i gratificant. Aquesta oportunitat ens ha perm\u00e8s: viatjar amb avi\u00f3, ja que molts dels alumnes no ho havien fet, estar una setmana fora de casa, esfor\u00e7ar-se a parlar i entendre una altra llengua per comunicar-se amb [&hellip;]<\/p>\n","protected":false},"author":23,"featured_media":0,"comment_status":"open","ping_status":"closed","sticky":false,"template":"","format":"standard","meta":{"_bbp_topic_count":0,"_bbp_reply_count":0,"_bbp_total_topic_count":0,"_bbp_total_reply_count":0,"_bbp_voice_count":0,"_bbp_anonymous_reply_count":0,"_bbp_topic_count_hidden":0,"_bbp_reply_count_hidden":0,"_bbp_forum_subforum_count":0,"site-sidebar-layout":"default","site-content-layout":"","ast-site-content-layout":"","site-content-style":"default","site-sidebar-style":"default","ast-global-header-display":"","ast-banner-title-visibility":"","ast-main-header-display":"","ast-hfb-above-header-display":"","ast-hfb-below-header-display":"","ast-hfb-mobile-header-display":"","site-post-title":"","ast-breadcrumbs-content":"","ast-featured-img":"","footer-sml-layout":"","theme-transparent-header-meta":"","adv-header-id-meta":"","stick-header-meta":"","header-above-stick-meta":"","header-main-stick-meta":"","header-below-stick-meta":"","astra-migrate-meta-layouts":"default","ast-page-background-enabled":"default","ast-page-background-meta":{"desktop":{"background-color":"var(--ast-global-color-4)","background-image":"","background-repeat":"repeat","background-position":"center center","background-size":"auto","background-attachment":"scroll","background-type":"","background-media":"","overlay-type":"","overlay-color":"","overlay-opacity":"","overlay-gradient":""},"tablet":{"background-color":"","background-image":"","background-repeat":"repeat","background-position":"center center","background-size":"auto","background-attachment":"scroll","background-type":"","background-media":"","overlay-type":"","overlay-color":"","overlay-opacity":"","overlay-gradient":""},"mobile":{"background-color":"","background-image":"","background-repeat":"repeat","background-position":"center center","background-size":"auto","background-attachment":"scroll","background-type":"","background-media":"","overlay-type":"","overlay-color":"","overlay-opacity":"","overlay-gradient":""}},"ast-content-background-meta":{"desktop":{"background-color":"var(--ast-global-color-5)","background-image":"","background-repeat":"repeat","background-position":"center center","background-size":"auto","background-attachment":"scroll","background-type":"","background-media":"","overlay-type":"","overlay-color":"","overlay-opacity":"","overlay-gradient":""},"tablet":{"background-color":"var(--ast-global-color-5)","background-image":"","background-repeat":"repeat","background-position":"center center","background-size":"auto","background-attachment":"scroll","background-type":"","background-media":"","overlay-type":"","overlay-color":"","overlay-opacity":"","overlay-gradient":""},"mobile":{"background-color":"var(--ast-global-color-5)","background-image":"","background-repeat":"repeat","background-position":"center center","background-size":"auto","background-attachment":"scroll","background-type":"","background-media":"","overlay-type":"","overlay-color":"","overlay-opacity":"","overlay-gradient":""}},"footnotes":""},"categories":[14,15,4,5],"tags":[],"class_list":["post-23108","post","type-post","status-publish","format-standard","hentry","category-5e","category-6e","category-portada","category-primaria"],"post_mailing_queue_ids":[],"_links":{"self":[{"href":"https:\/\/agora.xtec.cat\/escalmacelles\/wp-json\/wp\/v2\/posts\/23108","targetHints":{"allow":["GET"]}}],"collection":[{"href":"https:\/\/agora.xtec.cat\/escalmacelles\/wp-json\/wp\/v2\/posts"}],"about":[{"href":"https:\/\/agora.xtec.cat\/escalmacelles\/wp-json\/wp\/v2\/types\/post"}],"author":[{"embeddable":true,"href":"https:\/\/agora.xtec.cat\/escalmacelles\/wp-json\/wp\/v2\/users\/23"}],"replies":[{"embeddable":true,"href":"https:\/\/agora.xtec.cat\/escalmacelles\/wp-json\/wp\/v2\/comments?post=23108"}],"version-history":[{"count":2,"href":"https:\/\/agora.xtec.cat\/escalmacelles\/wp-json\/wp\/v2\/posts\/23108\/revisions"}],"predecessor-version":[{"id":23110,"href":"https:\/\/agora.xtec.cat\/escalmacelles\/wp-json\/wp\/v2\/posts\/23108\/revisions\/23110"}],"wp:attachment":[{"href":"https:\/\/agora.xtec.cat\/escalmacelles\/wp-json\/wp\/v2\/media?parent=23108"}],"wp:term":[{"taxonomy":"category","embeddable":true,"href":"https:\/\/agora.xtec.cat\/escalmacelles\/wp-json\/wp\/v2\/categories?post=23108"},{"taxonomy":"post_tag","embeddable":true,"href":"https:\/\/agora.xtec.cat\/escalmacelles\/wp-json\/wp\/v2\/tags?post=23108"}],"curies":[{"name":"wp","href":"https:\/\/api.w.org\/{rel}","templated":true}]}}