{"id":23033,"date":"2024-12-02T13:13:13","date_gmt":"2024-12-02T12:13:13","guid":{"rendered":"https:\/\/agora.xtec.cat\/escalmacelles\/?p=23033"},"modified":"2024-12-02T13:13:13","modified_gmt":"2024-12-02T12:13:13","slug":"tallers-de-batucada-santa-cecilia-dia-de-la-musica","status":"publish","type":"post","link":"https:\/\/agora.xtec.cat\/escalmacelles\/infantil\/tallers-de-batucada-santa-cecilia-dia-de-la-musica\/","title":{"rendered":"TALLERS DE BATUCADA SANTA CEC\u00cdLIA (DIA DE LA M\u00daSICA)"},"content":{"rendered":"<p>El passat 22 de novembre, per Santa Cec\u00edlia, <strong>vam celebrar el dia de la m\u00fasica a l&#8217;escola<\/strong>. Enguany hem fet un <strong>taller de batucada<\/strong> per a cada curs del centre i tamb\u00e9 un per al professorat.<\/p>\n<p>Tot seguit us deixem algunes imatges d&#8217;Educaci\u00f3 Infantil i Prim\u00e0ria. Mireu qu\u00e8 b\u00e9 ens ho vam passar!!<\/p>\n<p style=\"text-align: center;\"><em><strong>Cliqueu a sobre de la imatge per veure l&#8217;\u00e0lbum d&#8217;EI.<\/strong><\/em><\/p>\n<p><a href=\"https:\/\/photos.app.goo.gl\/H8ZTbaWenv64De1c8\"><img loading=\"lazy\" decoding=\"async\" class=\"alignnone size-full wp-image-23034\" src=\"https:\/\/agora.xtec.cat\/escalmacelles\/wp-content\/uploads\/usu1902\/2024\/12\/ei.jpg\" alt=\"\" width=\"1024\" height=\"471\" srcset=\"https:\/\/agora.xtec.cat\/escalmacelles\/wp-content\/uploads\/usu1902\/2024\/12\/ei.jpg 1024w, https:\/\/agora.xtec.cat\/escalmacelles\/wp-content\/uploads\/usu1902\/2024\/12\/ei-300x138.jpg 300w, https:\/\/agora.xtec.cat\/escalmacelles\/wp-content\/uploads\/usu1902\/2024\/12\/ei-768x353.jpg 768w\" sizes=\"auto, (max-width: 1024px) 100vw, 1024px\" \/><\/a><\/p>\n<p style=\"text-align: center;\"><strong><em>Cliqueu a sobre de la imatge per veure l&#8217;\u00e0lbum de Prim\u00e0ria.<\/em><\/strong><\/p>\n<p><a href=\"https:\/\/photos.app.goo.gl\/4zPqs9kW5L1hpfDX9\"><img loading=\"lazy\" decoding=\"async\" class=\"alignnone size-full wp-image-23035\" src=\"https:\/\/agora.xtec.cat\/escalmacelles\/wp-content\/uploads\/usu1902\/2024\/12\/pri.png\" alt=\"\" width=\"1024\" height=\"763\" srcset=\"https:\/\/agora.xtec.cat\/escalmacelles\/wp-content\/uploads\/usu1902\/2024\/12\/pri.png 1024w, https:\/\/agora.xtec.cat\/escalmacelles\/wp-content\/uploads\/usu1902\/2024\/12\/pri-300x224.png 300w, https:\/\/agora.xtec.cat\/escalmacelles\/wp-content\/uploads\/usu1902\/2024\/12\/pri-768x572.png 768w, https:\/\/agora.xtec.cat\/escalmacelles\/wp-content\/uploads\/usu1902\/2024\/12\/pri-200x150.png 200w\" sizes=\"auto, (max-width: 1024px) 100vw, 1024px\" \/><\/a><\/p>\n<p>&nbsp;<\/p>\n","protected":false},"excerpt":{"rendered":"<p>El passat 22 de novembre, per Santa Cec\u00edlia, vam celebrar el dia de la m\u00fasica a l&#8217;escola. Enguany hem fet un taller de batucada per a cada curs del centre i tamb\u00e9 un per al professorat. Tot seguit us deixem algunes imatges d&#8217;Educaci\u00f3 Infantil i Prim\u00e0ria. Mireu qu\u00e8 b\u00e9 ens ho vam passar!! Cliqueu a [&hellip;]<\/p>\n","protected":false},"author":13,"featured_media":0,"comment_status":"open","ping_status":"closed","sticky":false,"template":"","format":"standard","meta":{"_bbp_topic_count":0,"_bbp_reply_count":0,"_bbp_total_topic_count":0,"_bbp_total_reply_count":0,"_bbp_voice_count":0,"_bbp_anonymous_reply_count":0,"_bbp_topic_count_hidden":0,"_bbp_reply_count_hidden":0,"_bbp_forum_subforum_count":0,"site-sidebar-layout":"default","site-content-layout":"","ast-site-content-layout":"","site-content-style":"default","site-sidebar-style":"default","ast-global-header-display":"","ast-banner-title-visibility":"","ast-main-header-display":"","ast-hfb-above-header-display":"","ast-hfb-below-header-display":"","ast-hfb-mobile-header-display":"","site-post-title":"","ast-breadcrumbs-content":"","ast-featured-img":"","footer-sml-layout":"","theme-transparent-header-meta":"","adv-header-id-meta":"","stick-header-meta":"","header-above-stick-meta":"","header-main-stick-meta":"","header-below-stick-meta":"","astra-migrate-meta-layouts":"default","ast-page-background-enabled":"default","ast-page-background-meta":{"desktop":{"background-color":"var(--ast-global-color-4)","background-image":"","background-repeat":"repeat","background-position":"center center","background-size":"auto","background-attachment":"scroll","background-type":"","background-media":"","overlay-type":"","overlay-color":"","overlay-opacity":"","overlay-gradient":""},"tablet":{"background-color":"","background-image":"","background-repeat":"repeat","background-position":"center center","background-size":"auto","background-attachment":"scroll","background-type":"","background-media":"","overlay-type":"","overlay-color":"","overlay-opacity":"","overlay-gradient":""},"mobile":{"background-color":"","background-image":"","background-repeat":"repeat","background-position":"center center","background-size":"auto","background-attachment":"scroll","background-type":"","background-media":"","overlay-type":"","overlay-color":"","overlay-opacity":"","overlay-gradient":""}},"ast-content-background-meta":{"desktop":{"background-color":"var(--ast-global-color-5)","background-image":"","background-repeat":"repeat","background-position":"center center","background-size":"auto","background-attachment":"scroll","background-type":"","background-media":"","overlay-type":"","overlay-color":"","overlay-opacity":"","overlay-gradient":""},"tablet":{"background-color":"var(--ast-global-color-5)","background-image":"","background-repeat":"repeat","background-position":"center center","background-size":"auto","background-attachment":"scroll","background-type":"","background-media":"","overlay-type":"","overlay-color":"","overlay-opacity":"","overlay-gradient":""},"mobile":{"background-color":"var(--ast-global-color-5)","background-image":"","background-repeat":"repeat","background-position":"center center","background-size":"auto","background-attachment":"scroll","background-type":"","background-media":"","overlay-type":"","overlay-color":"","overlay-opacity":"","overlay-gradient":""}},"footnotes":""},"categories":[66,2,4,5],"tags":[548,415,545,140,340,418,425],"class_list":["post-23033","post","type-post","status-publish","format-standard","hentry","category-espai-pares","category-infantil","category-portada","category-primaria","tag-batucada","tag-diadelamusica","tag-educacioinclusiva","tag-educacioinfantil","tag-educacioprimaria","tag-santacecilia","tag-tallers"],"post_mailing_queue_ids":[],"_links":{"self":[{"href":"https:\/\/agora.xtec.cat\/escalmacelles\/wp-json\/wp\/v2\/posts\/23033","targetHints":{"allow":["GET"]}}],"collection":[{"href":"https:\/\/agora.xtec.cat\/escalmacelles\/wp-json\/wp\/v2\/posts"}],"about":[{"href":"https:\/\/agora.xtec.cat\/escalmacelles\/wp-json\/wp\/v2\/types\/post"}],"author":[{"embeddable":true,"href":"https:\/\/agora.xtec.cat\/escalmacelles\/wp-json\/wp\/v2\/users\/13"}],"replies":[{"embeddable":true,"href":"https:\/\/agora.xtec.cat\/escalmacelles\/wp-json\/wp\/v2\/comments?post=23033"}],"version-history":[{"count":1,"href":"https:\/\/agora.xtec.cat\/escalmacelles\/wp-json\/wp\/v2\/posts\/23033\/revisions"}],"predecessor-version":[{"id":23036,"href":"https:\/\/agora.xtec.cat\/escalmacelles\/wp-json\/wp\/v2\/posts\/23033\/revisions\/23036"}],"wp:attachment":[{"href":"https:\/\/agora.xtec.cat\/escalmacelles\/wp-json\/wp\/v2\/media?parent=23033"}],"wp:term":[{"taxonomy":"category","embeddable":true,"href":"https:\/\/agora.xtec.cat\/escalmacelles\/wp-json\/wp\/v2\/categories?post=23033"},{"taxonomy":"post_tag","embeddable":true,"href":"https:\/\/agora.xtec.cat\/escalmacelles\/wp-json\/wp\/v2\/tags?post=23033"}],"curies":[{"name":"wp","href":"https:\/\/api.w.org\/{rel}","templated":true}]}}