{"id":22919,"date":"2024-11-05T14:47:24","date_gmt":"2024-11-05T13:47:24","guid":{"rendered":"https:\/\/agora.xtec.cat\/escalmacelles\/?p=22919"},"modified":"2024-11-05T14:48:34","modified_gmt":"2024-11-05T13:48:34","slug":"celebrem-la-castanyada-al-cicle-inicial","status":"publish","type":"post","link":"https:\/\/agora.xtec.cat\/escalmacelles\/portada\/celebrem-la-castanyada-al-cicle-inicial\/","title":{"rendered":"CELEBREM LA CASTANYADA AL CICLE INICIAL"},"content":{"rendered":"<p>Hola fam\u00edlies,<\/p>\n<p>aquest passat dijous, 31 d&#8217;octubre vam celebrar la Castanyada al Tossal.<\/p>\n<p>Va ser una Castanyada diferent, ja que el temps no ens va deixar baixar a l&#8217;escola d&#8217;Infantil, tot i aix\u00ed vam passar-nos-ho d&#8217;all\u00f2 m\u00e9s b\u00e9.<\/p>\n<p>Durant el mat\u00ed, els nens i nenes de primer i segon, vam realitzar diferents tallers:<\/p>\n<ul>\n<li>Taller de creaci\u00f3 de mandales de la tardor<\/li>\n<li>Taller de jocs<\/li>\n<li>Taller de moviment i dansa<\/li>\n<\/ul>\n<p>I per la tarda, vam anar al gimn\u00e0s a ballar les danses que tant hav\u00edem treballat a m\u00fasica.<\/p>\n<p>&nbsp;<\/p>\n<p>Mireu que b\u00e9 ens ho vam passar!<a href=\"https:\/\/photos.app.goo.gl\/MC4qQT4W7wwH41XMA\"><img loading=\"lazy\" decoding=\"async\" class=\"alignnone size-full wp-image-22920\" src=\"https:\/\/agora.xtec.cat\/escalmacelles\/wp-content\/uploads\/usu1902\/2024\/11\/red.png\" alt=\"\" width=\"1024\" height=\"593\" srcset=\"https:\/\/agora.xtec.cat\/escalmacelles\/wp-content\/uploads\/usu1902\/2024\/11\/red.png 1024w, https:\/\/agora.xtec.cat\/escalmacelles\/wp-content\/uploads\/usu1902\/2024\/11\/red-300x174.png 300w, https:\/\/agora.xtec.cat\/escalmacelles\/wp-content\/uploads\/usu1902\/2024\/11\/red-768x445.png 768w\" sizes=\"auto, (max-width: 1024px) 100vw, 1024px\" \/><\/a><\/p>\n<p>&nbsp;<\/p>\n","protected":false},"excerpt":{"rendered":"<p>Hola fam\u00edlies, aquest passat dijous, 31 d&#8217;octubre vam celebrar la Castanyada al Tossal. Va ser una Castanyada diferent, ja que el temps no ens va deixar baixar a l&#8217;escola d&#8217;Infantil, tot i aix\u00ed vam passar-nos-ho d&#8217;all\u00f2 m\u00e9s b\u00e9. Durant el mat\u00ed, els nens i nenes de primer i segon, vam realitzar diferents tallers: Taller de [&hellip;]<\/p>\n","protected":false},"author":30,"featured_media":0,"comment_status":"closed","ping_status":"closed","sticky":false,"template":"","format":"standard","meta":{"_bbp_topic_count":0,"_bbp_reply_count":0,"_bbp_total_topic_count":0,"_bbp_total_reply_count":0,"_bbp_voice_count":0,"_bbp_anonymous_reply_count":0,"_bbp_topic_count_hidden":0,"_bbp_reply_count_hidden":0,"_bbp_forum_subforum_count":0,"site-sidebar-layout":"default","site-content-layout":"","ast-site-content-layout":"","site-content-style":"default","site-sidebar-style":"default","ast-global-header-display":"","ast-banner-title-visibility":"","ast-main-header-display":"","ast-hfb-above-header-display":"","ast-hfb-below-header-display":"","ast-hfb-mobile-header-display":"","site-post-title":"","ast-breadcrumbs-content":"","ast-featured-img":"","footer-sml-layout":"","theme-transparent-header-meta":"","adv-header-id-meta":"","stick-header-meta":"","header-above-stick-meta":"","header-main-stick-meta":"","header-below-stick-meta":"","astra-migrate-meta-layouts":"default","ast-page-background-enabled":"default","ast-page-background-meta":{"desktop":{"background-color":"var(--ast-global-color-4)","background-image":"","background-repeat":"repeat","background-position":"center center","background-size":"auto","background-attachment":"scroll","background-type":"","background-media":"","overlay-type":"","overlay-color":"","overlay-opacity":"","overlay-gradient":""},"tablet":{"background-color":"","background-image":"","background-repeat":"repeat","background-position":"center center","background-size":"auto","background-attachment":"scroll","background-type":"","background-media":"","overlay-type":"","overlay-color":"","overlay-opacity":"","overlay-gradient":""},"mobile":{"background-color":"","background-image":"","background-repeat":"repeat","background-position":"center center","background-size":"auto","background-attachment":"scroll","background-type":"","background-media":"","overlay-type":"","overlay-color":"","overlay-opacity":"","overlay-gradient":""}},"ast-content-background-meta":{"desktop":{"background-color":"var(--ast-global-color-5)","background-image":"","background-repeat":"repeat","background-position":"center center","background-size":"auto","background-attachment":"scroll","background-type":"","background-media":"","overlay-type":"","overlay-color":"","overlay-opacity":"","overlay-gradient":""},"tablet":{"background-color":"var(--ast-global-color-5)","background-image":"","background-repeat":"repeat","background-position":"center center","background-size":"auto","background-attachment":"scroll","background-type":"","background-media":"","overlay-type":"","overlay-color":"","overlay-opacity":"","overlay-gradient":""},"mobile":{"background-color":"var(--ast-global-color-5)","background-image":"","background-repeat":"repeat","background-position":"center center","background-size":"auto","background-attachment":"scroll","background-type":"","background-media":"","overlay-type":"","overlay-color":"","overlay-opacity":"","overlay-gradient":""}},"footnotes":""},"categories":[10,11,4,5],"tags":[],"class_list":["post-22919","post","type-post","status-publish","format-standard","hentry","category-1r","category-2n","category-portada","category-primaria"],"post_mailing_queue_ids":[],"_links":{"self":[{"href":"https:\/\/agora.xtec.cat\/escalmacelles\/wp-json\/wp\/v2\/posts\/22919","targetHints":{"allow":["GET"]}}],"collection":[{"href":"https:\/\/agora.xtec.cat\/escalmacelles\/wp-json\/wp\/v2\/posts"}],"about":[{"href":"https:\/\/agora.xtec.cat\/escalmacelles\/wp-json\/wp\/v2\/types\/post"}],"author":[{"embeddable":true,"href":"https:\/\/agora.xtec.cat\/escalmacelles\/wp-json\/wp\/v2\/users\/30"}],"replies":[{"embeddable":true,"href":"https:\/\/agora.xtec.cat\/escalmacelles\/wp-json\/wp\/v2\/comments?post=22919"}],"version-history":[{"count":1,"href":"https:\/\/agora.xtec.cat\/escalmacelles\/wp-json\/wp\/v2\/posts\/22919\/revisions"}],"predecessor-version":[{"id":22921,"href":"https:\/\/agora.xtec.cat\/escalmacelles\/wp-json\/wp\/v2\/posts\/22919\/revisions\/22921"}],"wp:attachment":[{"href":"https:\/\/agora.xtec.cat\/escalmacelles\/wp-json\/wp\/v2\/media?parent=22919"}],"wp:term":[{"taxonomy":"category","embeddable":true,"href":"https:\/\/agora.xtec.cat\/escalmacelles\/wp-json\/wp\/v2\/categories?post=22919"},{"taxonomy":"post_tag","embeddable":true,"href":"https:\/\/agora.xtec.cat\/escalmacelles\/wp-json\/wp\/v2\/tags?post=22919"}],"curies":[{"name":"wp","href":"https:\/\/api.w.org\/{rel}","templated":true}]}}