{"id":22785,"date":"2024-05-31T18:44:03","date_gmt":"2024-05-31T16:44:03","guid":{"rendered":"https:\/\/agora.xtec.cat\/escalmacelles\/?p=22785"},"modified":"2024-05-31T18:44:03","modified_gmt":"2024-05-31T16:44:03","slug":"activitats-a-les-families-de-6e","status":"publish","type":"post","link":"https:\/\/agora.xtec.cat\/escalmacelles\/portada\/activitats-a-les-families-de-6e\/","title":{"rendered":"Activitats a les fam\u00edlies de 6\u00e8"},"content":{"rendered":"<p>Aquesta tarda les fam\u00edlies de 6\u00e8 han apr\u00e8s molt del Parc Europa a trav\u00e9s de les activitats que els hi han preparat els nens i nenes. Ens hem distribu\u00eft per diferents tem\u00e0tiques: plafons, arbres, escultures i planetes. Per\u00f2 no ha sigut tan f\u00e0cil accedir a la informaci\u00f3, ja que els alumnes de 6\u00e8 els han ficat a prova i han hagut de contestar diferents preguntes, participar en diversos jocs i, fins\u00a0 i tot, c\u00f3rrer per tot el parc per guanyar una gimcana. Agra\u00efm la participaci\u00f3 i implicaci\u00f3 de les fam\u00edlies.\u00a0Ha sigut una tarda molt gratificant i divertida!<\/p>\n<p>Si cliqueu a la imatge en podreu veure m\u00e9s.<\/p>\n<p><a href=\"https:\/\/photos.app.goo.gl\/qAyRrSv39VMoQndu6\"><img loading=\"lazy\" decoding=\"async\" class=\"size-large wp-image-22786 aligncenter\" src=\"https:\/\/agora.xtec.cat\/escalmacelles\/wp-content\/uploads\/usu1902\/2024\/05\/18AD5A2F-1260-4654-B5A4-230306E3D994-1024x576.jpeg\" alt=\"\" width=\"1024\" height=\"576\" srcset=\"https:\/\/agora.xtec.cat\/escalmacelles\/wp-content\/uploads\/usu1902\/2024\/05\/18AD5A2F-1260-4654-B5A4-230306E3D994-1024x576.jpeg 1024w, https:\/\/agora.xtec.cat\/escalmacelles\/wp-content\/uploads\/usu1902\/2024\/05\/18AD5A2F-1260-4654-B5A4-230306E3D994-300x169.jpeg 300w, https:\/\/agora.xtec.cat\/escalmacelles\/wp-content\/uploads\/usu1902\/2024\/05\/18AD5A2F-1260-4654-B5A4-230306E3D994-768x432.jpeg 768w, https:\/\/agora.xtec.cat\/escalmacelles\/wp-content\/uploads\/usu1902\/2024\/05\/18AD5A2F-1260-4654-B5A4-230306E3D994-1536x864.jpeg 1536w, https:\/\/agora.xtec.cat\/escalmacelles\/wp-content\/uploads\/usu1902\/2024\/05\/18AD5A2F-1260-4654-B5A4-230306E3D994.jpeg 2048w\" sizes=\"auto, (max-width: 1024px) 100vw, 1024px\" \/><\/a><\/p>\n","protected":false},"excerpt":{"rendered":"<p>Aquesta tarda les fam\u00edlies de 6\u00e8 han apr\u00e8s molt del Parc Europa a trav\u00e9s de les activitats que els hi han preparat els nens i nenes. Ens hem distribu\u00eft per diferents tem\u00e0tiques: plafons, arbres, escultures i planetes. Per\u00f2 no ha sigut tan f\u00e0cil accedir a la informaci\u00f3, ja que els alumnes de 6\u00e8 els han [&hellip;]<\/p>\n","protected":false},"author":23,"featured_media":0,"comment_status":"open","ping_status":"closed","sticky":false,"template":"","format":"standard","meta":{"_bbp_topic_count":0,"_bbp_reply_count":0,"_bbp_total_topic_count":0,"_bbp_total_reply_count":0,"_bbp_voice_count":0,"_bbp_anonymous_reply_count":0,"_bbp_topic_count_hidden":0,"_bbp_reply_count_hidden":0,"_bbp_forum_subforum_count":0,"site-sidebar-layout":"default","site-content-layout":"","ast-site-content-layout":"","site-content-style":"default","site-sidebar-style":"default","ast-global-header-display":"","ast-banner-title-visibility":"","ast-main-header-display":"","ast-hfb-above-header-display":"","ast-hfb-below-header-display":"","ast-hfb-mobile-header-display":"","site-post-title":"","ast-breadcrumbs-content":"","ast-featured-img":"","footer-sml-layout":"","theme-transparent-header-meta":"","adv-header-id-meta":"","stick-header-meta":"","header-above-stick-meta":"","header-main-stick-meta":"","header-below-stick-meta":"","astra-migrate-meta-layouts":"default","ast-page-background-enabled":"default","ast-page-background-meta":{"desktop":{"background-color":"var(--ast-global-color-4)","background-image":"","background-repeat":"repeat","background-position":"center center","background-size":"auto","background-attachment":"scroll","background-type":"","background-media":"","overlay-type":"","overlay-color":"","overlay-opacity":"","overlay-gradient":""},"tablet":{"background-color":"","background-image":"","background-repeat":"repeat","background-position":"center center","background-size":"auto","background-attachment":"scroll","background-type":"","background-media":"","overlay-type":"","overlay-color":"","overlay-opacity":"","overlay-gradient":""},"mobile":{"background-color":"","background-image":"","background-repeat":"repeat","background-position":"center center","background-size":"auto","background-attachment":"scroll","background-type":"","background-media":"","overlay-type":"","overlay-color":"","overlay-opacity":"","overlay-gradient":""}},"ast-content-background-meta":{"desktop":{"background-color":"var(--ast-global-color-5)","background-image":"","background-repeat":"repeat","background-position":"center center","background-size":"auto","background-attachment":"scroll","background-type":"","background-media":"","overlay-type":"","overlay-color":"","overlay-opacity":"","overlay-gradient":""},"tablet":{"background-color":"var(--ast-global-color-5)","background-image":"","background-repeat":"repeat","background-position":"center center","background-size":"auto","background-attachment":"scroll","background-type":"","background-media":"","overlay-type":"","overlay-color":"","overlay-opacity":"","overlay-gradient":""},"mobile":{"background-color":"var(--ast-global-color-5)","background-image":"","background-repeat":"repeat","background-position":"center center","background-size":"auto","background-attachment":"scroll","background-type":"","background-media":"","overlay-type":"","overlay-color":"","overlay-opacity":"","overlay-gradient":""}},"footnotes":""},"categories":[14,15,4,5],"tags":[],"class_list":["post-22785","post","type-post","status-publish","format-standard","hentry","category-5e","category-6e","category-portada","category-primaria"],"post_mailing_queue_ids":[],"_links":{"self":[{"href":"https:\/\/agora.xtec.cat\/escalmacelles\/wp-json\/wp\/v2\/posts\/22785","targetHints":{"allow":["GET"]}}],"collection":[{"href":"https:\/\/agora.xtec.cat\/escalmacelles\/wp-json\/wp\/v2\/posts"}],"about":[{"href":"https:\/\/agora.xtec.cat\/escalmacelles\/wp-json\/wp\/v2\/types\/post"}],"author":[{"embeddable":true,"href":"https:\/\/agora.xtec.cat\/escalmacelles\/wp-json\/wp\/v2\/users\/23"}],"replies":[{"embeddable":true,"href":"https:\/\/agora.xtec.cat\/escalmacelles\/wp-json\/wp\/v2\/comments?post=22785"}],"version-history":[{"count":2,"href":"https:\/\/agora.xtec.cat\/escalmacelles\/wp-json\/wp\/v2\/posts\/22785\/revisions"}],"predecessor-version":[{"id":22788,"href":"https:\/\/agora.xtec.cat\/escalmacelles\/wp-json\/wp\/v2\/posts\/22785\/revisions\/22788"}],"wp:attachment":[{"href":"https:\/\/agora.xtec.cat\/escalmacelles\/wp-json\/wp\/v2\/media?parent=22785"}],"wp:term":[{"taxonomy":"category","embeddable":true,"href":"https:\/\/agora.xtec.cat\/escalmacelles\/wp-json\/wp\/v2\/categories?post=22785"},{"taxonomy":"post_tag","embeddable":true,"href":"https:\/\/agora.xtec.cat\/escalmacelles\/wp-json\/wp\/v2\/tags?post=22785"}],"curies":[{"name":"wp","href":"https:\/\/api.w.org\/{rel}","templated":true}]}}