{"id":22744,"date":"2024-05-22T08:59:39","date_gmt":"2024-05-22T06:59:39","guid":{"rendered":"https:\/\/agora.xtec.cat\/escalmacelles\/?p=22744"},"modified":"2024-05-22T08:59:39","modified_gmt":"2024-05-22T06:59:39","slug":"seleccionats-projecte-erasmus-ka122","status":"publish","type":"post","link":"https:\/\/agora.xtec.cat\/escalmacelles\/portada\/seleccionats-projecte-erasmus-ka122\/","title":{"rendered":"SELECCIONATS PROJECTE ERASMUS KA122"},"content":{"rendered":"<p>Ahir, dia 21 de maig, es va reunir la comissi\u00f3 de selecci\u00f3 de l\u2019alumnat per la mobilitat d\u2019ERASMUS. Els membres de la comissi\u00f3 eren: Doha Allabouch (representant de l&#8217;alumnat), N\u00faria Gallardo (representant de l&#8217;alumnat), Marta Diarte (equip directiu), Merc\u00e8 Dom\u00e8nech (tutora), Marga Bar\u00f3 (representant del claustre) i Nat\u00e0lia Garcia (representant de la comissi\u00f3 Erasmus).<\/p>\n<p>Finalment, i seguint els criteris de selecci\u00f3 del projecte KA 122, han estat seleccionats:<br \/>\n<strong>Khadidiatou Cissokho<\/strong><br \/>\n<strong>Marcel Bria<\/strong><br \/>\n<strong>Nara Pascual<\/strong><br \/>\n<strong>Joan Val\u00e8ncia<\/strong><br \/>\n<strong>Leire Abell\u00e1n<\/strong><br \/>\n<strong>Leire Cort\u00e9s<\/strong><br \/>\n<strong>Laia Segu\u00e9s<\/strong><br \/>\n<strong>Joel Mart\u00ednez<\/strong><\/p>\n<p>Com a suplents:<br \/>\n<strong>Marcel Villalba i <\/strong><strong>Valentina Mart\u00ednez<\/strong><\/p>\n<p>&nbsp;<\/p>\n<p>Enhorabona a tots els sele<span style=\"font-family: inherit;font-size: 1em\">ccionats\/es!!!<\/span><\/p>\n<p style=\"font-family: 'Helvetica Neue', Helvetica, Helvetica, Arial, sans-serif;font-size: 16px\"><span style=\"color: #2795b6\"><a style=\"color: #2795b6\" href=\"https:\/\/agora.xtec.cat\/escalmacelles\/wp-content\/uploads\/usu1902\/2024\/05\/eramsus.png\"><img loading=\"lazy\" decoding=\"async\" class=\"size-full wp-image-22745 aligncenter\" src=\"https:\/\/agora.xtec.cat\/escalmacelles\/wp-content\/uploads\/usu1902\/2024\/05\/eramsus.png\" alt=\"\" width=\"420\" height=\"120\" srcset=\"https:\/\/agora.xtec.cat\/escalmacelles\/wp-content\/uploads\/usu1902\/2024\/05\/eramsus.png 420w, https:\/\/agora.xtec.cat\/escalmacelles\/wp-content\/uploads\/usu1902\/2024\/05\/eramsus-300x86.png 300w\" sizes=\"auto, (max-width: 420px) 100vw, 420px\" \/><\/a><\/span><\/p>\n<p>&nbsp;<\/p>\n","protected":false},"excerpt":{"rendered":"<p>Ahir, dia 21 de maig, es va reunir la comissi\u00f3 de selecci\u00f3 de l\u2019alumnat per la mobilitat d\u2019ERASMUS. Els membres de la comissi\u00f3 eren: Doha Allabouch (representant de l&#8217;alumnat), N\u00faria Gallardo (representant de l&#8217;alumnat), Marta Diarte (equip directiu), Merc\u00e8 Dom\u00e8nech (tutora), Marga Bar\u00f3 (representant del claustre) i Nat\u00e0lia Garcia (representant de la comissi\u00f3 Erasmus). Finalment, [&hellip;]<\/p>\n","protected":false},"author":23,"featured_media":0,"comment_status":"open","ping_status":"closed","sticky":false,"template":"","format":"standard","meta":{"_bbp_topic_count":0,"_bbp_reply_count":0,"_bbp_total_topic_count":0,"_bbp_total_reply_count":0,"_bbp_voice_count":0,"_bbp_anonymous_reply_count":0,"_bbp_topic_count_hidden":0,"_bbp_reply_count_hidden":0,"_bbp_forum_subforum_count":0,"site-sidebar-layout":"default","site-content-layout":"","ast-site-content-layout":"","site-content-style":"default","site-sidebar-style":"default","ast-global-header-display":"","ast-banner-title-visibility":"","ast-main-header-display":"","ast-hfb-above-header-display":"","ast-hfb-below-header-display":"","ast-hfb-mobile-header-display":"","site-post-title":"","ast-breadcrumbs-content":"","ast-featured-img":"","footer-sml-layout":"","theme-transparent-header-meta":"","adv-header-id-meta":"","stick-header-meta":"","header-above-stick-meta":"","header-main-stick-meta":"","header-below-stick-meta":"","astra-migrate-meta-layouts":"default","ast-page-background-enabled":"default","ast-page-background-meta":{"desktop":{"background-color":"var(--ast-global-color-4)","background-image":"","background-repeat":"repeat","background-position":"center center","background-size":"auto","background-attachment":"scroll","background-type":"","background-media":"","overlay-type":"","overlay-color":"","overlay-opacity":"","overlay-gradient":""},"tablet":{"background-color":"","background-image":"","background-repeat":"repeat","background-position":"center center","background-size":"auto","background-attachment":"scroll","background-type":"","background-media":"","overlay-type":"","overlay-color":"","overlay-opacity":"","overlay-gradient":""},"mobile":{"background-color":"","background-image":"","background-repeat":"repeat","background-position":"center center","background-size":"auto","background-attachment":"scroll","background-type":"","background-media":"","overlay-type":"","overlay-color":"","overlay-opacity":"","overlay-gradient":""}},"ast-content-background-meta":{"desktop":{"background-color":"var(--ast-global-color-5)","background-image":"","background-repeat":"repeat","background-position":"center center","background-size":"auto","background-attachment":"scroll","background-type":"","background-media":"","overlay-type":"","overlay-color":"","overlay-opacity":"","overlay-gradient":""},"tablet":{"background-color":"var(--ast-global-color-5)","background-image":"","background-repeat":"repeat","background-position":"center center","background-size":"auto","background-attachment":"scroll","background-type":"","background-media":"","overlay-type":"","overlay-color":"","overlay-opacity":"","overlay-gradient":""},"mobile":{"background-color":"var(--ast-global-color-5)","background-image":"","background-repeat":"repeat","background-position":"center center","background-size":"auto","background-attachment":"scroll","background-type":"","background-media":"","overlay-type":"","overlay-color":"","overlay-opacity":"","overlay-gradient":""}},"footnotes":""},"categories":[14,15,4,5],"tags":[495,540,539],"class_list":["post-22744","post","type-post","status-publish","format-standard","hentry","category-5e","category-6e","category-portada","category-primaria","tag-erasmus","tag-erasmusplus","tag-seleccio"],"post_mailing_queue_ids":[],"_links":{"self":[{"href":"https:\/\/agora.xtec.cat\/escalmacelles\/wp-json\/wp\/v2\/posts\/22744","targetHints":{"allow":["GET"]}}],"collection":[{"href":"https:\/\/agora.xtec.cat\/escalmacelles\/wp-json\/wp\/v2\/posts"}],"about":[{"href":"https:\/\/agora.xtec.cat\/escalmacelles\/wp-json\/wp\/v2\/types\/post"}],"author":[{"embeddable":true,"href":"https:\/\/agora.xtec.cat\/escalmacelles\/wp-json\/wp\/v2\/users\/23"}],"replies":[{"embeddable":true,"href":"https:\/\/agora.xtec.cat\/escalmacelles\/wp-json\/wp\/v2\/comments?post=22744"}],"version-history":[{"count":1,"href":"https:\/\/agora.xtec.cat\/escalmacelles\/wp-json\/wp\/v2\/posts\/22744\/revisions"}],"predecessor-version":[{"id":22746,"href":"https:\/\/agora.xtec.cat\/escalmacelles\/wp-json\/wp\/v2\/posts\/22744\/revisions\/22746"}],"wp:attachment":[{"href":"https:\/\/agora.xtec.cat\/escalmacelles\/wp-json\/wp\/v2\/media?parent=22744"}],"wp:term":[{"taxonomy":"category","embeddable":true,"href":"https:\/\/agora.xtec.cat\/escalmacelles\/wp-json\/wp\/v2\/categories?post=22744"},{"taxonomy":"post_tag","embeddable":true,"href":"https:\/\/agora.xtec.cat\/escalmacelles\/wp-json\/wp\/v2\/tags?post=22744"}],"curies":[{"name":"wp","href":"https:\/\/api.w.org\/{rel}","templated":true}]}}