{"id":22677,"date":"2024-04-10T12:16:16","date_gmt":"2024-04-10T10:16:16","guid":{"rendered":"https:\/\/agora.xtec.cat\/escalmacelles\/?p=22677"},"modified":"2024-04-10T12:16:16","modified_gmt":"2024-04-10T10:16:16","slug":"sortida-projecte-de-laigua-6e","status":"publish","type":"post","link":"https:\/\/agora.xtec.cat\/escalmacelles\/portada\/sortida-projecte-de-laigua-6e\/","title":{"rendered":"SORTIDA PROJECTE DE L&#8217;AIGUA 6\u00e8"},"content":{"rendered":"<p>El passat dilluns, dia 8 d&#8217;abril, l&#8217;alumnat de 6\u00e8 vam fer la sortida del projecte de l&#8217;Aigua. Durant el mat\u00ed, vam fer una bona caminada i vam pujar a l&#8217;ermita de Sant Salvador (5km i 300m de desnivell) , on vam poder veure en vista d&#8217;ocell alguns dels punts importants del projecte. Despr\u00e9s, vam anar a visitar la presa del pant\u00e0 de Santa Anna. A la tarda, per finalitzar l&#8217;excursi\u00f3, vam anar a veure el canal d&#8217;enlla\u00e7 que connecta amb el canal d&#8217;Arag\u00f3 i Catalunya.<\/p>\n<p>Aquesta sortida ens va permetre con\u00e8ixer <em>in situ<\/em> d&#8217;on ve l&#8217;aigua d&#8217;Almacelles i ens va permetre veure diferents infraestructures, com <span style=\"font-family: inherit;font-size: 1em\">una presa, un sif\u00f3, un aq\u00fceducte<\/span> o el canal d&#8217;Arag\u00f3 i Catalunya<span style=\"font-family: inherit;font-size: 1em\">\u00a0.<\/span><\/p>\n<p>Volem agrair a l&#8217;Ajuntament d&#8217;Almacelles i al Sindicat de Regs, ja que han finan\u00e7at aquesta sortida.<\/p>\n<p>Si cliqueu a la seg\u00fcent fotografia, podreu veure m\u00e9s imatges.<\/p>\n<p><a href=\"https:\/\/photos.app.goo.gl\/KSnB8sTXAcrNbzLXA\"><img loading=\"lazy\" decoding=\"async\" class=\"aligncenter wp-image-22678\" src=\"https:\/\/agora.xtec.cat\/escalmacelles\/wp-content\/uploads\/usu1902\/2024\/04\/C30B8DC3-DE3F-4F71-85E6-8D3C28701D2F.jpeg\" alt=\"\" width=\"423\" height=\"317\" srcset=\"https:\/\/agora.xtec.cat\/escalmacelles\/wp-content\/uploads\/usu1902\/2024\/04\/C30B8DC3-DE3F-4F71-85E6-8D3C28701D2F.jpeg 844w, https:\/\/agora.xtec.cat\/escalmacelles\/wp-content\/uploads\/usu1902\/2024\/04\/C30B8DC3-DE3F-4F71-85E6-8D3C28701D2F-300x225.jpeg 300w, https:\/\/agora.xtec.cat\/escalmacelles\/wp-content\/uploads\/usu1902\/2024\/04\/C30B8DC3-DE3F-4F71-85E6-8D3C28701D2F-768x576.jpeg 768w, https:\/\/agora.xtec.cat\/escalmacelles\/wp-content\/uploads\/usu1902\/2024\/04\/C30B8DC3-DE3F-4F71-85E6-8D3C28701D2F-200x150.jpeg 200w\" sizes=\"auto, (max-width: 423px) 100vw, 423px\" \/><\/a><\/p>\n","protected":false},"excerpt":{"rendered":"<p>El passat dilluns, dia 8 d&#8217;abril, l&#8217;alumnat de 6\u00e8 vam fer la sortida del projecte de l&#8217;Aigua. Durant el mat\u00ed, vam fer una bona caminada i vam pujar a l&#8217;ermita de Sant Salvador (5km i 300m de desnivell) , on vam poder veure en vista d&#8217;ocell alguns dels punts importants del projecte. Despr\u00e9s, vam anar [&hellip;]<\/p>\n","protected":false},"author":23,"featured_media":0,"comment_status":"open","ping_status":"closed","sticky":false,"template":"","format":"standard","meta":{"_bbp_topic_count":0,"_bbp_reply_count":0,"_bbp_total_topic_count":0,"_bbp_total_reply_count":0,"_bbp_voice_count":0,"_bbp_anonymous_reply_count":0,"_bbp_topic_count_hidden":0,"_bbp_reply_count_hidden":0,"_bbp_forum_subforum_count":0,"site-sidebar-layout":"default","site-content-layout":"","ast-site-content-layout":"","site-content-style":"default","site-sidebar-style":"default","ast-global-header-display":"","ast-banner-title-visibility":"","ast-main-header-display":"","ast-hfb-above-header-display":"","ast-hfb-below-header-display":"","ast-hfb-mobile-header-display":"","site-post-title":"","ast-breadcrumbs-content":"","ast-featured-img":"","footer-sml-layout":"","theme-transparent-header-meta":"","adv-header-id-meta":"","stick-header-meta":"","header-above-stick-meta":"","header-main-stick-meta":"","header-below-stick-meta":"","astra-migrate-meta-layouts":"default","ast-page-background-enabled":"default","ast-page-background-meta":{"desktop":{"background-color":"var(--ast-global-color-4)","background-image":"","background-repeat":"repeat","background-position":"center center","background-size":"auto","background-attachment":"scroll","background-type":"","background-media":"","overlay-type":"","overlay-color":"","overlay-opacity":"","overlay-gradient":""},"tablet":{"background-color":"","background-image":"","background-repeat":"repeat","background-position":"center center","background-size":"auto","background-attachment":"scroll","background-type":"","background-media":"","overlay-type":"","overlay-color":"","overlay-opacity":"","overlay-gradient":""},"mobile":{"background-color":"","background-image":"","background-repeat":"repeat","background-position":"center center","background-size":"auto","background-attachment":"scroll","background-type":"","background-media":"","overlay-type":"","overlay-color":"","overlay-opacity":"","overlay-gradient":""}},"ast-content-background-meta":{"desktop":{"background-color":"var(--ast-global-color-5)","background-image":"","background-repeat":"repeat","background-position":"center center","background-size":"auto","background-attachment":"scroll","background-type":"","background-media":"","overlay-type":"","overlay-color":"","overlay-opacity":"","overlay-gradient":""},"tablet":{"background-color":"var(--ast-global-color-5)","background-image":"","background-repeat":"repeat","background-position":"center center","background-size":"auto","background-attachment":"scroll","background-type":"","background-media":"","overlay-type":"","overlay-color":"","overlay-opacity":"","overlay-gradient":""},"mobile":{"background-color":"var(--ast-global-color-5)","background-image":"","background-repeat":"repeat","background-position":"center center","background-size":"auto","background-attachment":"scroll","background-type":"","background-media":"","overlay-type":"","overlay-color":"","overlay-opacity":"","overlay-gradient":""}},"footnotes":""},"categories":[14,15,4,5],"tags":[],"class_list":["post-22677","post","type-post","status-publish","format-standard","hentry","category-5e","category-6e","category-portada","category-primaria"],"post_mailing_queue_ids":[],"_links":{"self":[{"href":"https:\/\/agora.xtec.cat\/escalmacelles\/wp-json\/wp\/v2\/posts\/22677","targetHints":{"allow":["GET"]}}],"collection":[{"href":"https:\/\/agora.xtec.cat\/escalmacelles\/wp-json\/wp\/v2\/posts"}],"about":[{"href":"https:\/\/agora.xtec.cat\/escalmacelles\/wp-json\/wp\/v2\/types\/post"}],"author":[{"embeddable":true,"href":"https:\/\/agora.xtec.cat\/escalmacelles\/wp-json\/wp\/v2\/users\/23"}],"replies":[{"embeddable":true,"href":"https:\/\/agora.xtec.cat\/escalmacelles\/wp-json\/wp\/v2\/comments?post=22677"}],"version-history":[{"count":3,"href":"https:\/\/agora.xtec.cat\/escalmacelles\/wp-json\/wp\/v2\/posts\/22677\/revisions"}],"predecessor-version":[{"id":22681,"href":"https:\/\/agora.xtec.cat\/escalmacelles\/wp-json\/wp\/v2\/posts\/22677\/revisions\/22681"}],"wp:attachment":[{"href":"https:\/\/agora.xtec.cat\/escalmacelles\/wp-json\/wp\/v2\/media?parent=22677"}],"wp:term":[{"taxonomy":"category","embeddable":true,"href":"https:\/\/agora.xtec.cat\/escalmacelles\/wp-json\/wp\/v2\/categories?post=22677"},{"taxonomy":"post_tag","embeddable":true,"href":"https:\/\/agora.xtec.cat\/escalmacelles\/wp-json\/wp\/v2\/tags?post=22677"}],"curies":[{"name":"wp","href":"https:\/\/api.w.org\/{rel}","templated":true}]}}