{"id":22671,"date":"2024-04-08T09:34:13","date_gmt":"2024-04-08T07:34:13","guid":{"rendered":"https:\/\/agora.xtec.cat\/escalmacelles\/?p=22671"},"modified":"2024-04-11T16:12:52","modified_gmt":"2024-04-11T14:12:52","slug":"erasmus-ka-122-a-leiria-portugal","status":"publish","type":"post","link":"https:\/\/agora.xtec.cat\/escalmacelles\/infantil\/erasmus-ka-122-a-leiria-portugal\/","title":{"rendered":"ERASMUS+ KA 122 a Leiria, Portugal"},"content":{"rendered":"<p>Les nostres companyes, Eli i Nat\u00e0lia, ja s\u00f3n a Leiria (Portugal) per fer aprenentatge per observaci\u00f3 a diferents escoles de &#8220;Agrupamento de Escolas Dr Correia Mateus&#8221;.<\/p>\n<p>Tercera mobilitat ERASMUS+ de mestres per veure i aprendre el treball de la inclusi\u00f3 en diferents parts d&#8217;Europa!<\/p>\n<p style=\"text-align: center;\"><strong><em>Si cliqueu a sobre de la primera imatge podreu accedir a la galeria.\u00a0<\/em><\/strong><\/p>\n<p><a href=\"https:\/\/photos.app.goo.gl\/aURfpz9Hp4Y2temB6\"><img loading=\"lazy\" decoding=\"async\" class=\"alignnone size-full wp-image-22672\" src=\"https:\/\/agora.xtec.cat\/escalmacelles\/wp-content\/uploads\/usu1902\/2024\/04\/WhatsApp-Image-2024-04-08-at-08.43.25.jpg\" alt=\"\" width=\"1024\" height=\"460\" srcset=\"https:\/\/agora.xtec.cat\/escalmacelles\/wp-content\/uploads\/usu1902\/2024\/04\/WhatsApp-Image-2024-04-08-at-08.43.25.jpg 1024w, https:\/\/agora.xtec.cat\/escalmacelles\/wp-content\/uploads\/usu1902\/2024\/04\/WhatsApp-Image-2024-04-08-at-08.43.25-300x135.jpg 300w, https:\/\/agora.xtec.cat\/escalmacelles\/wp-content\/uploads\/usu1902\/2024\/04\/WhatsApp-Image-2024-04-08-at-08.43.25-768x345.jpg 768w\" sizes=\"auto, (max-width: 1024px) 100vw, 1024px\" \/><\/a><\/p>\n<p><a href=\"https:\/\/agora.xtec.cat\/escalmacelles\/wp-content\/uploads\/usu1902\/2024\/04\/WhatsApp-Image-2024-04-08-at-21.43.30.jpg\"><img loading=\"lazy\" decoding=\"async\" class=\"alignnone size-large wp-image-22674\" src=\"https:\/\/agora.xtec.cat\/escalmacelles\/wp-content\/uploads\/usu1902\/2024\/04\/WhatsApp-Image-2024-04-08-at-21.43.30-768x1024.jpg\" alt=\"\" width=\"768\" height=\"1024\" srcset=\"https:\/\/agora.xtec.cat\/escalmacelles\/wp-content\/uploads\/usu1902\/2024\/04\/WhatsApp-Image-2024-04-08-at-21.43.30-768x1024.jpg 768w, https:\/\/agora.xtec.cat\/escalmacelles\/wp-content\/uploads\/usu1902\/2024\/04\/WhatsApp-Image-2024-04-08-at-21.43.30-225x300.jpg 225w, https:\/\/agora.xtec.cat\/escalmacelles\/wp-content\/uploads\/usu1902\/2024\/04\/WhatsApp-Image-2024-04-08-at-21.43.30.jpg 1024w\" sizes=\"auto, (max-width: 768px) 100vw, 768px\" \/><\/a><\/p>\n<p><a href=\"https:\/\/agora.xtec.cat\/escalmacelles\/wp-content\/uploads\/usu1902\/2024\/04\/WhatsApp-Image-2024-04-08-at-22.12.07.jpg\"><img loading=\"lazy\" decoding=\"async\" class=\"alignnone size-full wp-image-22675\" src=\"https:\/\/agora.xtec.cat\/escalmacelles\/wp-content\/uploads\/usu1902\/2024\/04\/WhatsApp-Image-2024-04-08-at-22.12.07.jpg\" alt=\"\" width=\"1024\" height=\"768\" srcset=\"https:\/\/agora.xtec.cat\/escalmacelles\/wp-content\/uploads\/usu1902\/2024\/04\/WhatsApp-Image-2024-04-08-at-22.12.07.jpg 1024w, https:\/\/agora.xtec.cat\/escalmacelles\/wp-content\/uploads\/usu1902\/2024\/04\/WhatsApp-Image-2024-04-08-at-22.12.07-300x225.jpg 300w, https:\/\/agora.xtec.cat\/escalmacelles\/wp-content\/uploads\/usu1902\/2024\/04\/WhatsApp-Image-2024-04-08-at-22.12.07-768x576.jpg 768w, https:\/\/agora.xtec.cat\/escalmacelles\/wp-content\/uploads\/usu1902\/2024\/04\/WhatsApp-Image-2024-04-08-at-22.12.07-200x150.jpg 200w\" sizes=\"auto, (max-width: 1024px) 100vw, 1024px\" \/><\/a><\/p>\n","protected":false},"excerpt":{"rendered":"<p>Les nostres companyes, Eli i Nat\u00e0lia, ja s\u00f3n a Leiria (Portugal) per fer aprenentatge per observaci\u00f3 a diferents escoles de &#8220;Agrupamento de Escolas Dr Correia Mateus&#8221;. Tercera mobilitat ERASMUS+ de mestres per veure i aprendre el treball de la inclusi\u00f3 en diferents parts d&#8217;Europa! Si cliqueu a sobre de la primera imatge podreu accedir a [&hellip;]<\/p>\n","protected":false},"author":13,"featured_media":0,"comment_status":"open","ping_status":"closed","sticky":false,"template":"","format":"standard","meta":{"_bbp_topic_count":0,"_bbp_reply_count":0,"_bbp_total_topic_count":0,"_bbp_total_reply_count":0,"_bbp_voice_count":0,"_bbp_anonymous_reply_count":0,"_bbp_topic_count_hidden":0,"_bbp_reply_count_hidden":0,"_bbp_forum_subforum_count":0,"site-sidebar-layout":"default","site-content-layout":"","ast-site-content-layout":"","site-content-style":"default","site-sidebar-style":"default","ast-global-header-display":"","ast-banner-title-visibility":"","ast-main-header-display":"","ast-hfb-above-header-display":"","ast-hfb-below-header-display":"","ast-hfb-mobile-header-display":"","site-post-title":"","ast-breadcrumbs-content":"","ast-featured-img":"","footer-sml-layout":"","theme-transparent-header-meta":"","adv-header-id-meta":"","stick-header-meta":"","header-above-stick-meta":"","header-main-stick-meta":"","header-below-stick-meta":"","astra-migrate-meta-layouts":"default","ast-page-background-enabled":"default","ast-page-background-meta":{"desktop":{"background-color":"var(--ast-global-color-4)","background-image":"","background-repeat":"repeat","background-position":"center center","background-size":"auto","background-attachment":"scroll","background-type":"","background-media":"","overlay-type":"","overlay-color":"","overlay-opacity":"","overlay-gradient":""},"tablet":{"background-color":"","background-image":"","background-repeat":"repeat","background-position":"center center","background-size":"auto","background-attachment":"scroll","background-type":"","background-media":"","overlay-type":"","overlay-color":"","overlay-opacity":"","overlay-gradient":""},"mobile":{"background-color":"","background-image":"","background-repeat":"repeat","background-position":"center center","background-size":"auto","background-attachment":"scroll","background-type":"","background-media":"","overlay-type":"","overlay-color":"","overlay-opacity":"","overlay-gradient":""}},"ast-content-background-meta":{"desktop":{"background-color":"var(--ast-global-color-5)","background-image":"","background-repeat":"repeat","background-position":"center center","background-size":"auto","background-attachment":"scroll","background-type":"","background-media":"","overlay-type":"","overlay-color":"","overlay-opacity":"","overlay-gradient":""},"tablet":{"background-color":"var(--ast-global-color-5)","background-image":"","background-repeat":"repeat","background-position":"center center","background-size":"auto","background-attachment":"scroll","background-type":"","background-media":"","overlay-type":"","overlay-color":"","overlay-opacity":"","overlay-gradient":""},"mobile":{"background-color":"var(--ast-global-color-5)","background-image":"","background-repeat":"repeat","background-position":"center center","background-size":"auto","background-attachment":"scroll","background-type":"","background-media":"","overlay-type":"","overlay-color":"","overlay-opacity":"","overlay-gradient":""}},"footnotes":""},"categories":[10,11,12,13,14,15,7,64,63,93,94,95,66,3,8,9,2,4,5],"tags":[533,495,429,534,507,474],"class_list":["post-22671","post","type-post","status-publish","format-standard","hentry","category-1r","category-2n","category-3r","category-4t","category-5e","category-6e","category-ampa","category-angles","category-atencio-a-la-diversitat","category-biblioteca","category-biblioteca-infantil","category-biblioteca-primaria","category-espai-pares","category-p3","category-p4","category-p5","category-infantil","category-portada","category-primaria","tag-atencioaladiversitat","tag-erasmus","tag-inclusio","tag-mestresc","tag-mobilitat","tag-siei"],"post_mailing_queue_ids":[],"_links":{"self":[{"href":"https:\/\/agora.xtec.cat\/escalmacelles\/wp-json\/wp\/v2\/posts\/22671","targetHints":{"allow":["GET"]}}],"collection":[{"href":"https:\/\/agora.xtec.cat\/escalmacelles\/wp-json\/wp\/v2\/posts"}],"about":[{"href":"https:\/\/agora.xtec.cat\/escalmacelles\/wp-json\/wp\/v2\/types\/post"}],"author":[{"embeddable":true,"href":"https:\/\/agora.xtec.cat\/escalmacelles\/wp-json\/wp\/v2\/users\/13"}],"replies":[{"embeddable":true,"href":"https:\/\/agora.xtec.cat\/escalmacelles\/wp-json\/wp\/v2\/comments?post=22671"}],"version-history":[{"count":3,"href":"https:\/\/agora.xtec.cat\/escalmacelles\/wp-json\/wp\/v2\/posts\/22671\/revisions"}],"predecessor-version":[{"id":22682,"href":"https:\/\/agora.xtec.cat\/escalmacelles\/wp-json\/wp\/v2\/posts\/22671\/revisions\/22682"}],"wp:attachment":[{"href":"https:\/\/agora.xtec.cat\/escalmacelles\/wp-json\/wp\/v2\/media?parent=22671"}],"wp:term":[{"taxonomy":"category","embeddable":true,"href":"https:\/\/agora.xtec.cat\/escalmacelles\/wp-json\/wp\/v2\/categories?post=22671"},{"taxonomy":"post_tag","embeddable":true,"href":"https:\/\/agora.xtec.cat\/escalmacelles\/wp-json\/wp\/v2\/tags?post=22671"}],"curies":[{"name":"wp","href":"https:\/\/api.w.org\/{rel}","templated":true}]}}