{"id":22621,"date":"2024-01-31T09:47:21","date_gmt":"2024-01-31T08:47:21","guid":{"rendered":"https:\/\/agora.xtec.cat\/escalmacelles\/?p=22621"},"modified":"2024-01-31T09:47:21","modified_gmt":"2024-01-31T08:47:21","slug":"denip-2024-dia-escolar-de-la-no-violencia-i-la-pau","status":"publish","type":"post","link":"https:\/\/agora.xtec.cat\/escalmacelles\/infantil\/denip-2024-dia-escolar-de-la-no-violencia-i-la-pau\/","title":{"rendered":"DENIP 2024 (Dia Escolar de la No Viol\u00e8ncia i la Pau)"},"content":{"rendered":"<p>Ahir vam celebrar el Dia Escolar de la No Viol\u00e8ncia i la Pau a l&#8217;escola. Tot l&#8217;alumnat i professorat del centre ens vam reunir al pati de l&#8217;Edifici d&#8217;Educaci\u00f3 Infantil per viure una jornada de conviv\u00e8ncia, PAU, m\u00fasica i joc.<\/p>\n<p>Els 478 alumnes del centre van dibuixar el signe de la pau asseguts al terra i un dron va captar l&#8217;escena. All\u00ed estant, vam enviar missatges de pau tot cantant una can\u00e7\u00f3 conjunta.<\/p>\n<p style=\"text-align: center;\"><em>Si cliqueu a sobre de la imatge podreu accedir a la resta de la galeria.<\/em><\/p>\n<p><a href=\"https:\/\/photos.app.goo.gl\/DRpEmGeNaWFhGRrcA\"><img loading=\"lazy\" decoding=\"async\" class=\"alignnone size-full wp-image-22619\" src=\"https:\/\/agora.xtec.cat\/escalmacelles\/wp-content\/uploads\/usu1902\/2024\/01\/DJI_0898.jpg\" alt=\"\" width=\"1024\" height=\"781\" srcset=\"https:\/\/agora.xtec.cat\/escalmacelles\/wp-content\/uploads\/usu1902\/2024\/01\/DJI_0898.jpg 1024w, https:\/\/agora.xtec.cat\/escalmacelles\/wp-content\/uploads\/usu1902\/2024\/01\/DJI_0898-300x229.jpg 300w, https:\/\/agora.xtec.cat\/escalmacelles\/wp-content\/uploads\/usu1902\/2024\/01\/DJI_0898-768x586.jpg 768w\" sizes=\"auto, (max-width: 1024px) 100vw, 1024px\" \/><\/a><\/p>\n","protected":false},"excerpt":{"rendered":"<p>Ahir vam celebrar el Dia Escolar de la No Viol\u00e8ncia i la Pau a l&#8217;escola. Tot l&#8217;alumnat i professorat del centre ens vam reunir al pati de l&#8217;Edifici d&#8217;Educaci\u00f3 Infantil per viure una jornada de conviv\u00e8ncia, PAU, m\u00fasica i joc. Els 478 alumnes del centre van dibuixar el signe de la pau asseguts al terra [&hellip;]<\/p>\n","protected":false},"author":13,"featured_media":0,"comment_status":"open","ping_status":"closed","sticky":false,"template":"","format":"standard","meta":{"_bbp_topic_count":0,"_bbp_reply_count":0,"_bbp_total_topic_count":0,"_bbp_total_reply_count":0,"_bbp_voice_count":0,"_bbp_anonymous_reply_count":0,"_bbp_topic_count_hidden":0,"_bbp_reply_count_hidden":0,"_bbp_forum_subforum_count":0,"site-sidebar-layout":"default","site-content-layout":"","ast-site-content-layout":"","site-content-style":"default","site-sidebar-style":"default","ast-global-header-display":"","ast-banner-title-visibility":"","ast-main-header-display":"","ast-hfb-above-header-display":"","ast-hfb-below-header-display":"","ast-hfb-mobile-header-display":"","site-post-title":"","ast-breadcrumbs-content":"","ast-featured-img":"","footer-sml-layout":"","theme-transparent-header-meta":"","adv-header-id-meta":"","stick-header-meta":"","header-above-stick-meta":"","header-main-stick-meta":"","header-below-stick-meta":"","astra-migrate-meta-layouts":"default","ast-page-background-enabled":"default","ast-page-background-meta":{"desktop":{"background-color":"var(--ast-global-color-4)","background-image":"","background-repeat":"repeat","background-position":"center center","background-size":"auto","background-attachment":"scroll","background-type":"","background-media":"","overlay-type":"","overlay-color":"","overlay-opacity":"","overlay-gradient":""},"tablet":{"background-color":"","background-image":"","background-repeat":"repeat","background-position":"center center","background-size":"auto","background-attachment":"scroll","background-type":"","background-media":"","overlay-type":"","overlay-color":"","overlay-opacity":"","overlay-gradient":""},"mobile":{"background-color":"","background-image":"","background-repeat":"repeat","background-position":"center center","background-size":"auto","background-attachment":"scroll","background-type":"","background-media":"","overlay-type":"","overlay-color":"","overlay-opacity":"","overlay-gradient":""}},"ast-content-background-meta":{"desktop":{"background-color":"var(--ast-global-color-5)","background-image":"","background-repeat":"repeat","background-position":"center center","background-size":"auto","background-attachment":"scroll","background-type":"","background-media":"","overlay-type":"","overlay-color":"","overlay-opacity":"","overlay-gradient":""},"tablet":{"background-color":"var(--ast-global-color-5)","background-image":"","background-repeat":"repeat","background-position":"center center","background-size":"auto","background-attachment":"scroll","background-type":"","background-media":"","overlay-type":"","overlay-color":"","overlay-opacity":"","overlay-gradient":""},"mobile":{"background-color":"var(--ast-global-color-5)","background-image":"","background-repeat":"repeat","background-position":"center center","background-size":"auto","background-attachment":"scroll","background-type":"","background-media":"","overlay-type":"","overlay-color":"","overlay-opacity":"","overlay-gradient":""}},"footnotes":""},"categories":[10,11,12,13,14,15,7,64,63,93,94,95,66,3,8,9,2,4,5],"tags":[493,163,485,486,130,274,487,72],"class_list":["post-22621","post","type-post","status-publish","format-standard","hentry","category-1r","category-2n","category-3r","category-4t","category-5e","category-6e","category-ampa","category-angles","category-atencio-a-la-diversitat","category-biblioteca","category-biblioteca-infantil","category-biblioteca-primaria","category-espai-pares","category-p3","category-p4","category-p5","category-infantil","category-portada","category-primaria","tag-canco","tag-convivencia","tag-denip","tag-diaescolardelanoviolenciailapau","tag-infantil","tag-joc","tag-pau","tag-primaria"],"post_mailing_queue_ids":[],"_links":{"self":[{"href":"https:\/\/agora.xtec.cat\/escalmacelles\/wp-json\/wp\/v2\/posts\/22621","targetHints":{"allow":["GET"]}}],"collection":[{"href":"https:\/\/agora.xtec.cat\/escalmacelles\/wp-json\/wp\/v2\/posts"}],"about":[{"href":"https:\/\/agora.xtec.cat\/escalmacelles\/wp-json\/wp\/v2\/types\/post"}],"author":[{"embeddable":true,"href":"https:\/\/agora.xtec.cat\/escalmacelles\/wp-json\/wp\/v2\/users\/13"}],"replies":[{"embeddable":true,"href":"https:\/\/agora.xtec.cat\/escalmacelles\/wp-json\/wp\/v2\/comments?post=22621"}],"version-history":[{"count":1,"href":"https:\/\/agora.xtec.cat\/escalmacelles\/wp-json\/wp\/v2\/posts\/22621\/revisions"}],"predecessor-version":[{"id":22623,"href":"https:\/\/agora.xtec.cat\/escalmacelles\/wp-json\/wp\/v2\/posts\/22621\/revisions\/22623"}],"wp:attachment":[{"href":"https:\/\/agora.xtec.cat\/escalmacelles\/wp-json\/wp\/v2\/media?parent=22621"}],"wp:term":[{"taxonomy":"category","embeddable":true,"href":"https:\/\/agora.xtec.cat\/escalmacelles\/wp-json\/wp\/v2\/categories?post=22621"},{"taxonomy":"post_tag","embeddable":true,"href":"https:\/\/agora.xtec.cat\/escalmacelles\/wp-json\/wp\/v2\/tags?post=22621"}],"curies":[{"name":"wp","href":"https:\/\/api.w.org\/{rel}","templated":true}]}}