{"id":22592,"date":"2023-12-12T11:18:50","date_gmt":"2023-12-12T10:18:50","guid":{"rendered":"https:\/\/agora.xtec.cat\/escalmacelles\/?p=22592"},"modified":"2023-12-12T11:18:50","modified_gmt":"2023-12-12T10:18:50","slug":"telenoticies-6e-c","status":"publish","type":"post","link":"https:\/\/agora.xtec.cat\/escalmacelles\/portada\/telenoticies-6e-c\/","title":{"rendered":"TELENOT\u00cdCIES 6\u00e8 C"},"content":{"rendered":"<p>Ja tenim aqu\u00ed el primer telenot\u00edcies del curs. L&#8217;alumnat de 6\u00e8 C n&#8217;han creat un amb not\u00edcies properes a l&#8217;escola i al poble. Primer de tot, han analitzat com s\u00f3n els telenot\u00edcies i com estan distribu\u00efts. A continuaci\u00f3, han buscat les not\u00edcies, les han redactat i ho han practicat. Tamb\u00e9, han creat la decoraci\u00f3 i han buscat les imatges corresponents, i finalment, han gravat i han editat els v\u00eddeos per fer-ho el m\u00e9s real possible.<\/p>\n<p>A continuaci\u00f3, us ensenyem el resultat que ha quedat fant\u00e0stic! Han fet un bon treball. Esperem que us agradi, ho han fet amb molta il\u00b7lusi\u00f3. Podeu accedir al telenot\u00edcies clicant a sobre de la imatge.<\/p>\n<p>Els seg\u00fcents trimestres mostrarem els de les altres classes de 6\u00e8.<\/p>\n<p><a href=\"https:\/\/photos.app.goo.gl\/YrFCLaYbj6jR925k9\"><img loading=\"lazy\" decoding=\"async\" class=\"size-full wp-image-22593 aligncenter\" src=\"https:\/\/agora.xtec.cat\/escalmacelles\/wp-content\/uploads\/usu1902\/2023\/12\/TELENOTICIES-6e-C.png\" alt=\"\" width=\"774\" height=\"405\" srcset=\"https:\/\/agora.xtec.cat\/escalmacelles\/wp-content\/uploads\/usu1902\/2023\/12\/TELENOTICIES-6e-C.png 774w, https:\/\/agora.xtec.cat\/escalmacelles\/wp-content\/uploads\/usu1902\/2023\/12\/TELENOTICIES-6e-C-300x157.png 300w, https:\/\/agora.xtec.cat\/escalmacelles\/wp-content\/uploads\/usu1902\/2023\/12\/TELENOTICIES-6e-C-768x402.png 768w\" sizes=\"auto, (max-width: 774px) 100vw, 774px\" \/><\/a><\/p>\n","protected":false},"excerpt":{"rendered":"<p>Ja tenim aqu\u00ed el primer telenot\u00edcies del curs. L&#8217;alumnat de 6\u00e8 C n&#8217;han creat un amb not\u00edcies properes a l&#8217;escola i al poble. Primer de tot, han analitzat com s\u00f3n els telenot\u00edcies i com estan distribu\u00efts. A continuaci\u00f3, han buscat les not\u00edcies, les han redactat i ho han practicat. Tamb\u00e9, han creat la decoraci\u00f3 i [&hellip;]<\/p>\n","protected":false},"author":23,"featured_media":0,"comment_status":"open","ping_status":"closed","sticky":false,"template":"","format":"standard","meta":{"_bbp_topic_count":0,"_bbp_reply_count":0,"_bbp_total_topic_count":0,"_bbp_total_reply_count":0,"_bbp_voice_count":0,"_bbp_anonymous_reply_count":0,"_bbp_topic_count_hidden":0,"_bbp_reply_count_hidden":0,"_bbp_forum_subforum_count":0,"site-sidebar-layout":"default","site-content-layout":"","ast-site-content-layout":"","site-content-style":"default","site-sidebar-style":"default","ast-global-header-display":"","ast-banner-title-visibility":"","ast-main-header-display":"","ast-hfb-above-header-display":"","ast-hfb-below-header-display":"","ast-hfb-mobile-header-display":"","site-post-title":"","ast-breadcrumbs-content":"","ast-featured-img":"","footer-sml-layout":"","theme-transparent-header-meta":"","adv-header-id-meta":"","stick-header-meta":"","header-above-stick-meta":"","header-main-stick-meta":"","header-below-stick-meta":"","astra-migrate-meta-layouts":"default","ast-page-background-enabled":"default","ast-page-background-meta":{"desktop":{"background-color":"var(--ast-global-color-4)","background-image":"","background-repeat":"repeat","background-position":"center center","background-size":"auto","background-attachment":"scroll","background-type":"","background-media":"","overlay-type":"","overlay-color":"","overlay-opacity":"","overlay-gradient":""},"tablet":{"background-color":"","background-image":"","background-repeat":"repeat","background-position":"center center","background-size":"auto","background-attachment":"scroll","background-type":"","background-media":"","overlay-type":"","overlay-color":"","overlay-opacity":"","overlay-gradient":""},"mobile":{"background-color":"","background-image":"","background-repeat":"repeat","background-position":"center center","background-size":"auto","background-attachment":"scroll","background-type":"","background-media":"","overlay-type":"","overlay-color":"","overlay-opacity":"","overlay-gradient":""}},"ast-content-background-meta":{"desktop":{"background-color":"var(--ast-global-color-5)","background-image":"","background-repeat":"repeat","background-position":"center center","background-size":"auto","background-attachment":"scroll","background-type":"","background-media":"","overlay-type":"","overlay-color":"","overlay-opacity":"","overlay-gradient":""},"tablet":{"background-color":"var(--ast-global-color-5)","background-image":"","background-repeat":"repeat","background-position":"center center","background-size":"auto","background-attachment":"scroll","background-type":"","background-media":"","overlay-type":"","overlay-color":"","overlay-opacity":"","overlay-gradient":""},"mobile":{"background-color":"var(--ast-global-color-5)","background-image":"","background-repeat":"repeat","background-position":"center center","background-size":"auto","background-attachment":"scroll","background-type":"","background-media":"","overlay-type":"","overlay-color":"","overlay-opacity":"","overlay-gradient":""}},"footnotes":""},"categories":[14,15,4,5],"tags":[],"class_list":["post-22592","post","type-post","status-publish","format-standard","hentry","category-5e","category-6e","category-portada","category-primaria"],"post_mailing_queue_ids":[],"_links":{"self":[{"href":"https:\/\/agora.xtec.cat\/escalmacelles\/wp-json\/wp\/v2\/posts\/22592","targetHints":{"allow":["GET"]}}],"collection":[{"href":"https:\/\/agora.xtec.cat\/escalmacelles\/wp-json\/wp\/v2\/posts"}],"about":[{"href":"https:\/\/agora.xtec.cat\/escalmacelles\/wp-json\/wp\/v2\/types\/post"}],"author":[{"embeddable":true,"href":"https:\/\/agora.xtec.cat\/escalmacelles\/wp-json\/wp\/v2\/users\/23"}],"replies":[{"embeddable":true,"href":"https:\/\/agora.xtec.cat\/escalmacelles\/wp-json\/wp\/v2\/comments?post=22592"}],"version-history":[{"count":2,"href":"https:\/\/agora.xtec.cat\/escalmacelles\/wp-json\/wp\/v2\/posts\/22592\/revisions"}],"predecessor-version":[{"id":22595,"href":"https:\/\/agora.xtec.cat\/escalmacelles\/wp-json\/wp\/v2\/posts\/22592\/revisions\/22595"}],"wp:attachment":[{"href":"https:\/\/agora.xtec.cat\/escalmacelles\/wp-json\/wp\/v2\/media?parent=22592"}],"wp:term":[{"taxonomy":"category","embeddable":true,"href":"https:\/\/agora.xtec.cat\/escalmacelles\/wp-json\/wp\/v2\/categories?post=22592"},{"taxonomy":"post_tag","embeddable":true,"href":"https:\/\/agora.xtec.cat\/escalmacelles\/wp-json\/wp\/v2\/tags?post=22592"}],"curies":[{"name":"wp","href":"https:\/\/api.w.org\/{rel}","templated":true}]}}