{"id":22580,"date":"2023-11-27T09:34:51","date_gmt":"2023-11-27T08:34:51","guid":{"rendered":"https:\/\/agora.xtec.cat\/escalmacelles\/?p=22580"},"modified":"2023-11-27T09:34:51","modified_gmt":"2023-11-27T08:34:51","slug":"dia-internacional-dels-drets-dels-animals-2","status":"publish","type":"post","link":"https:\/\/agora.xtec.cat\/escalmacelles\/infantil\/dia-internacional-dels-drets-dels-animals-2\/","title":{"rendered":"Dia internacional dels drets dels animals"},"content":{"rendered":"<p>El proper\u00a0<strong>10 de desembre<\/strong>\u00a0\u00e9s el <strong>DIA INTERNACIONAL DELS DRETS DELS ANIMALS<\/strong> i a\u00a0 l&#8217;escola fem un seguit d&#8217;activitats per celebrar-lo. Una d&#8217;elles \u00e9s la recollida de materials i aliments per a gats i gossos sense llar per a, despr\u00e9s, fer la donaci\u00f3 a les protectores del Segri\u00e0 i a la col\u00f2nia de gats d&#8217;Almacelles. Per tant, us animem\u00a0a col\u00b7laborar en aquesta activitat. La recollida ser\u00e0 al vest\u00edbul de l&#8217;Edifici, tant de prim\u00e0ria com d&#8217;infantil, i al centre veterinari d&#8217;Almacelles.<br \/>\nM\u00e9s endavant, us informarem de l&#8217;altra activitat que tenim preparada per commemorar aquest dia.<\/p>\n<p>Us animem a participar en la recollida!! <a href=\"https:\/\/agora.xtec.cat\/escalmacelles\/wp-content\/uploads\/usu1902\/2023\/11\/WhatsApp-Image-2023-11-26-at-20.17.15.jpeg\"><img loading=\"lazy\" decoding=\"async\" class=\"alignnone size-large wp-image-22581\" src=\"https:\/\/agora.xtec.cat\/escalmacelles\/wp-content\/uploads\/usu1902\/2023\/11\/WhatsApp-Image-2023-11-26-at-20.17.15-768x1024.jpeg\" alt=\"\" width=\"768\" height=\"1024\" srcset=\"https:\/\/agora.xtec.cat\/escalmacelles\/wp-content\/uploads\/usu1902\/2023\/11\/WhatsApp-Image-2023-11-26-at-20.17.15-768x1024.jpeg 768w, https:\/\/agora.xtec.cat\/escalmacelles\/wp-content\/uploads\/usu1902\/2023\/11\/WhatsApp-Image-2023-11-26-at-20.17.15-225x300.jpeg 225w, https:\/\/agora.xtec.cat\/escalmacelles\/wp-content\/uploads\/usu1902\/2023\/11\/WhatsApp-Image-2023-11-26-at-20.17.15-1152x1536.jpeg 1152w, https:\/\/agora.xtec.cat\/escalmacelles\/wp-content\/uploads\/usu1902\/2023\/11\/WhatsApp-Image-2023-11-26-at-20.17.15.jpeg 1536w\" sizes=\"auto, (max-width: 768px) 100vw, 768px\" \/><\/a><\/p>\n","protected":false},"excerpt":{"rendered":"<p>El proper\u00a010 de desembre\u00a0\u00e9s el DIA INTERNACIONAL DELS DRETS DELS ANIMALS i a\u00a0 l&#8217;escola fem un seguit d&#8217;activitats per celebrar-lo. Una d&#8217;elles \u00e9s la recollida de materials i aliments per a gats i gossos sense llar per a, despr\u00e9s, fer la donaci\u00f3 a les protectores del Segri\u00e0 i a la col\u00f2nia de gats d&#8217;Almacelles. Per [&hellip;]<\/p>\n","protected":false},"author":13,"featured_media":0,"comment_status":"open","ping_status":"closed","sticky":false,"template":"","format":"standard","meta":{"_bbp_topic_count":0,"_bbp_reply_count":0,"_bbp_total_topic_count":0,"_bbp_total_reply_count":0,"_bbp_voice_count":0,"_bbp_anonymous_reply_count":0,"_bbp_topic_count_hidden":0,"_bbp_reply_count_hidden":0,"_bbp_forum_subforum_count":0,"site-sidebar-layout":"default","site-content-layout":"","ast-site-content-layout":"","site-content-style":"default","site-sidebar-style":"default","ast-global-header-display":"","ast-banner-title-visibility":"","ast-main-header-display":"","ast-hfb-above-header-display":"","ast-hfb-below-header-display":"","ast-hfb-mobile-header-display":"","site-post-title":"","ast-breadcrumbs-content":"","ast-featured-img":"","footer-sml-layout":"","theme-transparent-header-meta":"","adv-header-id-meta":"","stick-header-meta":"","header-above-stick-meta":"","header-main-stick-meta":"","header-below-stick-meta":"","astra-migrate-meta-layouts":"default","ast-page-background-enabled":"default","ast-page-background-meta":{"desktop":{"background-color":"var(--ast-global-color-4)","background-image":"","background-repeat":"repeat","background-position":"center center","background-size":"auto","background-attachment":"scroll","background-type":"","background-media":"","overlay-type":"","overlay-color":"","overlay-opacity":"","overlay-gradient":""},"tablet":{"background-color":"","background-image":"","background-repeat":"repeat","background-position":"center center","background-size":"auto","background-attachment":"scroll","background-type":"","background-media":"","overlay-type":"","overlay-color":"","overlay-opacity":"","overlay-gradient":""},"mobile":{"background-color":"","background-image":"","background-repeat":"repeat","background-position":"center center","background-size":"auto","background-attachment":"scroll","background-type":"","background-media":"","overlay-type":"","overlay-color":"","overlay-opacity":"","overlay-gradient":""}},"ast-content-background-meta":{"desktop":{"background-color":"var(--ast-global-color-5)","background-image":"","background-repeat":"repeat","background-position":"center center","background-size":"auto","background-attachment":"scroll","background-type":"","background-media":"","overlay-type":"","overlay-color":"","overlay-opacity":"","overlay-gradient":""},"tablet":{"background-color":"var(--ast-global-color-5)","background-image":"","background-repeat":"repeat","background-position":"center center","background-size":"auto","background-attachment":"scroll","background-type":"","background-media":"","overlay-type":"","overlay-color":"","overlay-opacity":"","overlay-gradient":""},"mobile":{"background-color":"var(--ast-global-color-5)","background-image":"","background-repeat":"repeat","background-position":"center center","background-size":"auto","background-attachment":"scroll","background-type":"","background-media":"","overlay-type":"","overlay-color":"","overlay-opacity":"","overlay-gradient":""}},"footnotes":""},"categories":[63,66,2,4,5],"tags":[439,508,125,427,510,509,511],"class_list":["post-22580","post","type-post","status-publish","format-standard","hentry","category-atencio-a-la-diversitat","category-espai-pares","category-infantil","category-portada","category-primaria","tag-aliments","tag-amicspeluts","tag-animals","tag-diainternacionaldelsdretsdelsanimals","tag-productes","tag-recollidasolidaria","tag-sensibilitzacio"],"post_mailing_queue_ids":[],"_links":{"self":[{"href":"https:\/\/agora.xtec.cat\/escalmacelles\/wp-json\/wp\/v2\/posts\/22580","targetHints":{"allow":["GET"]}}],"collection":[{"href":"https:\/\/agora.xtec.cat\/escalmacelles\/wp-json\/wp\/v2\/posts"}],"about":[{"href":"https:\/\/agora.xtec.cat\/escalmacelles\/wp-json\/wp\/v2\/types\/post"}],"author":[{"embeddable":true,"href":"https:\/\/agora.xtec.cat\/escalmacelles\/wp-json\/wp\/v2\/users\/13"}],"replies":[{"embeddable":true,"href":"https:\/\/agora.xtec.cat\/escalmacelles\/wp-json\/wp\/v2\/comments?post=22580"}],"version-history":[{"count":1,"href":"https:\/\/agora.xtec.cat\/escalmacelles\/wp-json\/wp\/v2\/posts\/22580\/revisions"}],"predecessor-version":[{"id":22582,"href":"https:\/\/agora.xtec.cat\/escalmacelles\/wp-json\/wp\/v2\/posts\/22580\/revisions\/22582"}],"wp:attachment":[{"href":"https:\/\/agora.xtec.cat\/escalmacelles\/wp-json\/wp\/v2\/media?parent=22580"}],"wp:term":[{"taxonomy":"category","embeddable":true,"href":"https:\/\/agora.xtec.cat\/escalmacelles\/wp-json\/wp\/v2\/categories?post=22580"},{"taxonomy":"post_tag","embeddable":true,"href":"https:\/\/agora.xtec.cat\/escalmacelles\/wp-json\/wp\/v2\/tags?post=22580"}],"curies":[{"name":"wp","href":"https:\/\/api.w.org\/{rel}","templated":true}]}}