{"id":22346,"date":"2023-05-17T10:52:32","date_gmt":"2023-05-17T08:52:32","guid":{"rendered":"https:\/\/agora.xtec.cat\/escalmacelles\/?p=22346"},"modified":"2023-05-17T13:12:56","modified_gmt":"2023-05-17T11:12:56","slug":"jornada-dinternacionalitzacio-projecte-erasmus","status":"publish","type":"post","link":"https:\/\/agora.xtec.cat\/escalmacelles\/portada\/jornada-dinternacionalitzacio-projecte-erasmus\/","title":{"rendered":"Jornada d&#8217;internacionalitzaci\u00f3 projecte ERASMUS +"},"content":{"rendered":"<p>Ahir 16 de maig, representants de la comissi\u00f3 d\u2019Inclusi\u00f3 i d\u2019Erasmus+ de l\u2019escola, van assistir a la<strong> jornada d\u2019internacionalitzaci\u00f3<\/strong>\u00a0 del consorci Europeu per a la <strong>Transformaci\u00f3 Educativa CETE+21<\/strong>. Aquesta experi\u00e8ncia va ser una oportunitat per compartir experi\u00e8ncies i coneixements adquirits entre els diferents centres participants. Un dels objectius de l&#8217;<strong>Erasmus<\/strong> \u00e9s formar als infants i joves pel futur amb un bagatge cultural i en una societat democr\u00e0tica. Per aix\u00f2, la import\u00e0ncia de participar amb jornades com aquesta, ja que\u00a0 va ser molt enriquidora i gratificant per a tothom.<\/p>\n<p><a href=\"https:\/\/agora.xtec.cat\/escalmacelles\/wp-content\/uploads\/usu1902\/2023\/05\/WhatsApp-Image-2023-05-16-at-18.58.19.jpeg\">\u00a0 \u00a0 <img loading=\"lazy\" decoding=\"async\" class=\"alignnone wp-image-22347\" src=\"https:\/\/agora.xtec.cat\/escalmacelles\/wp-content\/uploads\/usu1902\/2023\/05\/WhatsApp-Image-2023-05-16-at-18.58.19.jpeg\" alt=\"\" width=\"315\" height=\"236\" srcset=\"https:\/\/agora.xtec.cat\/escalmacelles\/wp-content\/uploads\/usu1902\/2023\/05\/WhatsApp-Image-2023-05-16-at-18.58.19.jpeg 1024w, https:\/\/agora.xtec.cat\/escalmacelles\/wp-content\/uploads\/usu1902\/2023\/05\/WhatsApp-Image-2023-05-16-at-18.58.19-300x225.jpeg 300w, https:\/\/agora.xtec.cat\/escalmacelles\/wp-content\/uploads\/usu1902\/2023\/05\/WhatsApp-Image-2023-05-16-at-18.58.19-768x576.jpeg 768w, https:\/\/agora.xtec.cat\/escalmacelles\/wp-content\/uploads\/usu1902\/2023\/05\/WhatsApp-Image-2023-05-16-at-18.58.19-200x150.jpeg 200w\" sizes=\"auto, (max-width: 315px) 100vw, 315px\" \/>\u00a0<\/a><a href=\"https:\/\/agora.xtec.cat\/escalmacelles\/wp-content\/uploads\/usu1902\/2023\/05\/WhatsApp-Image-2023-05-16-at-18.58.19-2.jpeg\"><img loading=\"lazy\" decoding=\"async\" class=\"alignnone wp-image-22349\" src=\"https:\/\/agora.xtec.cat\/escalmacelles\/wp-content\/uploads\/usu1902\/2023\/05\/WhatsApp-Image-2023-05-16-at-18.58.19-2.jpeg\" alt=\"\" width=\"181\" height=\"241\" srcset=\"https:\/\/agora.xtec.cat\/escalmacelles\/wp-content\/uploads\/usu1902\/2023\/05\/WhatsApp-Image-2023-05-16-at-18.58.19-2.jpeg 768w, https:\/\/agora.xtec.cat\/escalmacelles\/wp-content\/uploads\/usu1902\/2023\/05\/WhatsApp-Image-2023-05-16-at-18.58.19-2-225x300.jpeg 225w\" sizes=\"auto, (max-width: 181px) 100vw, 181px\" \/><\/a><a href=\"https:\/\/agora.xtec.cat\/escalmacelles\/wp-content\/uploads\/usu1902\/2023\/05\/WhatsApp-Image-2023-05-16-at-18.58.19-3.jpeg\">\u00a0\u00a0<img loading=\"lazy\" decoding=\"async\" class=\"alignnone wp-image-22350\" src=\"https:\/\/agora.xtec.cat\/escalmacelles\/wp-content\/uploads\/usu1902\/2023\/05\/WhatsApp-Image-2023-05-16-at-18.58.19-3.jpeg\" alt=\"\" width=\"323\" height=\"242\" srcset=\"https:\/\/agora.xtec.cat\/escalmacelles\/wp-content\/uploads\/usu1902\/2023\/05\/WhatsApp-Image-2023-05-16-at-18.58.19-3.jpeg 1024w, https:\/\/agora.xtec.cat\/escalmacelles\/wp-content\/uploads\/usu1902\/2023\/05\/WhatsApp-Image-2023-05-16-at-18.58.19-3-300x225.jpeg 300w, https:\/\/agora.xtec.cat\/escalmacelles\/wp-content\/uploads\/usu1902\/2023\/05\/WhatsApp-Image-2023-05-16-at-18.58.19-3-768x576.jpeg 768w, https:\/\/agora.xtec.cat\/escalmacelles\/wp-content\/uploads\/usu1902\/2023\/05\/WhatsApp-Image-2023-05-16-at-18.58.19-3-200x150.jpeg 200w\" sizes=\"auto, (max-width: 323px) 100vw, 323px\" \/>\u00a0<\/a><a href=\"https:\/\/agora.xtec.cat\/escalmacelles\/wp-content\/uploads\/usu1902\/2023\/05\/WhatsApp-Image-2023-05-16-at-18.58.19-1.jpeg\"><img loading=\"lazy\" decoding=\"async\" class=\"alignnone wp-image-22348\" src=\"https:\/\/agora.xtec.cat\/escalmacelles\/wp-content\/uploads\/usu1902\/2023\/05\/WhatsApp-Image-2023-05-16-at-18.58.19-1.jpeg\" alt=\"\" width=\"191\" height=\"255\" srcset=\"https:\/\/agora.xtec.cat\/escalmacelles\/wp-content\/uploads\/usu1902\/2023\/05\/WhatsApp-Image-2023-05-16-at-18.58.19-1.jpeg 768w, https:\/\/agora.xtec.cat\/escalmacelles\/wp-content\/uploads\/usu1902\/2023\/05\/WhatsApp-Image-2023-05-16-at-18.58.19-1-225x300.jpeg 225w\" sizes=\"auto, (max-width: 191px) 100vw, 191px\" \/><\/a><\/p>\n<p>&nbsp;<\/p>\n<p>&nbsp;<\/p>\n","protected":false},"excerpt":{"rendered":"<p>Ahir 16 de maig, representants de la comissi\u00f3 d\u2019Inclusi\u00f3 i d\u2019Erasmus+ de l\u2019escola, van assistir a la jornada d\u2019internacionalitzaci\u00f3\u00a0 del consorci Europeu per a la Transformaci\u00f3 Educativa CETE+21. Aquesta experi\u00e8ncia va ser una oportunitat per compartir experi\u00e8ncies i coneixements adquirits entre els diferents centres participants. Un dels objectius de l&#8217;Erasmus \u00e9s formar als infants i [&hellip;]<\/p>\n","protected":false},"author":23,"featured_media":0,"comment_status":"open","ping_status":"closed","sticky":false,"template":"","format":"standard","meta":{"_bbp_topic_count":0,"_bbp_reply_count":0,"_bbp_total_topic_count":0,"_bbp_total_reply_count":0,"_bbp_voice_count":0,"_bbp_anonymous_reply_count":0,"_bbp_topic_count_hidden":0,"_bbp_reply_count_hidden":0,"_bbp_forum_subforum_count":0,"site-sidebar-layout":"default","site-content-layout":"","ast-site-content-layout":"","site-content-style":"default","site-sidebar-style":"default","ast-global-header-display":"","ast-banner-title-visibility":"","ast-main-header-display":"","ast-hfb-above-header-display":"","ast-hfb-below-header-display":"","ast-hfb-mobile-header-display":"","site-post-title":"","ast-breadcrumbs-content":"","ast-featured-img":"","footer-sml-layout":"","theme-transparent-header-meta":"","adv-header-id-meta":"","stick-header-meta":"","header-above-stick-meta":"","header-main-stick-meta":"","header-below-stick-meta":"","astra-migrate-meta-layouts":"default","ast-page-background-enabled":"default","ast-page-background-meta":{"desktop":{"background-color":"var(--ast-global-color-4)","background-image":"","background-repeat":"repeat","background-position":"center center","background-size":"auto","background-attachment":"scroll","background-type":"","background-media":"","overlay-type":"","overlay-color":"","overlay-opacity":"","overlay-gradient":""},"tablet":{"background-color":"","background-image":"","background-repeat":"repeat","background-position":"center center","background-size":"auto","background-attachment":"scroll","background-type":"","background-media":"","overlay-type":"","overlay-color":"","overlay-opacity":"","overlay-gradient":""},"mobile":{"background-color":"","background-image":"","background-repeat":"repeat","background-position":"center center","background-size":"auto","background-attachment":"scroll","background-type":"","background-media":"","overlay-type":"","overlay-color":"","overlay-opacity":"","overlay-gradient":""}},"ast-content-background-meta":{"desktop":{"background-color":"var(--ast-global-color-5)","background-image":"","background-repeat":"repeat","background-position":"center center","background-size":"auto","background-attachment":"scroll","background-type":"","background-media":"","overlay-type":"","overlay-color":"","overlay-opacity":"","overlay-gradient":""},"tablet":{"background-color":"var(--ast-global-color-5)","background-image":"","background-repeat":"repeat","background-position":"center center","background-size":"auto","background-attachment":"scroll","background-type":"","background-media":"","overlay-type":"","overlay-color":"","overlay-opacity":"","overlay-gradient":""},"mobile":{"background-color":"var(--ast-global-color-5)","background-image":"","background-repeat":"repeat","background-position":"center center","background-size":"auto","background-attachment":"scroll","background-type":"","background-media":"","overlay-type":"","overlay-color":"","overlay-opacity":"","overlay-gradient":""}},"footnotes":""},"categories":[14,15,4,5],"tags":[498,495],"class_list":["post-22346","post","type-post","status-publish","format-standard","hentry","category-5e","category-6e","category-portada","category-primaria","tag-cete21","tag-erasmus"],"post_mailing_queue_ids":[],"_links":{"self":[{"href":"https:\/\/agora.xtec.cat\/escalmacelles\/wp-json\/wp\/v2\/posts\/22346","targetHints":{"allow":["GET"]}}],"collection":[{"href":"https:\/\/agora.xtec.cat\/escalmacelles\/wp-json\/wp\/v2\/posts"}],"about":[{"href":"https:\/\/agora.xtec.cat\/escalmacelles\/wp-json\/wp\/v2\/types\/post"}],"author":[{"embeddable":true,"href":"https:\/\/agora.xtec.cat\/escalmacelles\/wp-json\/wp\/v2\/users\/23"}],"replies":[{"embeddable":true,"href":"https:\/\/agora.xtec.cat\/escalmacelles\/wp-json\/wp\/v2\/comments?post=22346"}],"version-history":[{"count":3,"href":"https:\/\/agora.xtec.cat\/escalmacelles\/wp-json\/wp\/v2\/posts\/22346\/revisions"}],"predecessor-version":[{"id":22354,"href":"https:\/\/agora.xtec.cat\/escalmacelles\/wp-json\/wp\/v2\/posts\/22346\/revisions\/22354"}],"wp:attachment":[{"href":"https:\/\/agora.xtec.cat\/escalmacelles\/wp-json\/wp\/v2\/media?parent=22346"}],"wp:term":[{"taxonomy":"category","embeddable":true,"href":"https:\/\/agora.xtec.cat\/escalmacelles\/wp-json\/wp\/v2\/categories?post=22346"},{"taxonomy":"post_tag","embeddable":true,"href":"https:\/\/agora.xtec.cat\/escalmacelles\/wp-json\/wp\/v2\/tags?post=22346"}],"curies":[{"name":"wp","href":"https:\/\/api.w.org\/{rel}","templated":true}]}}