{"id":22343,"date":"2023-05-16T12:35:51","date_gmt":"2023-05-16T10:35:51","guid":{"rendered":"https:\/\/agora.xtec.cat\/escalmacelles\/?p=22343"},"modified":"2023-05-16T12:35:51","modified_gmt":"2023-05-16T10:35:51","slug":"dia-de-leducacio-fisica-al-carrer-2","status":"publish","type":"post","link":"https:\/\/agora.xtec.cat\/escalmacelles\/infantil\/dia-de-leducacio-fisica-al-carrer-2\/","title":{"rendered":"DIA DE L&#8217;EDUCACI\u00d3 F\u00cdSICA AL CARRER"},"content":{"rendered":"<p>El passat 26 d&#8217;abril, tot l&#8217;alumnat i mestres de la nostra escola, vam celebrar el dia de l&#8217;Educaci\u00f3 F\u00edsica al Carrer en diferents punts del poble. Cada cicle va preparar i participar en diferentes activitats que an\u00e0ven des de caminada a l&#8217;ermita del poble fins a tot un seguit de jocs al parc d&#8217;Europa.<\/p>\n<p>Va ser un dia GENIAL!!!!<\/p>\n<p style=\"text-align: center\"><em><strong><sub>Aqui et deixem el recull fotogr\u00e0fic<\/sub><\/strong><\/em> \ud83d\udc47<a href=\"https:\/\/photos.app.goo.gl\/s66XFyojWUtzkyub9\"><img loading=\"lazy\" decoding=\"async\" class=\"aligncenter  wp-image-22344\" src=\"https:\/\/agora.xtec.cat\/escalmacelles\/wp-content\/uploads\/usu1902\/2023\/05\/DEFC.jpg\" alt=\"\" width=\"354\" height=\"236\" srcset=\"https:\/\/agora.xtec.cat\/escalmacelles\/wp-content\/uploads\/usu1902\/2023\/05\/DEFC.jpg 870w, https:\/\/agora.xtec.cat\/escalmacelles\/wp-content\/uploads\/usu1902\/2023\/05\/DEFC-300x200.jpg 300w, https:\/\/agora.xtec.cat\/escalmacelles\/wp-content\/uploads\/usu1902\/2023\/05\/DEFC-768x512.jpg 768w\" sizes=\"auto, (max-width: 354px) 100vw, 354px\" \/><\/a><\/p>\n","protected":false},"excerpt":{"rendered":"<p>El passat 26 d&#8217;abril, tot l&#8217;alumnat i mestres de la nostra escola, vam celebrar el dia de l&#8217;Educaci\u00f3 F\u00edsica al Carrer en diferents punts del poble. Cada cicle va preparar i participar en diferentes activitats que an\u00e0ven des de caminada a l&#8217;ermita del poble fins a tot un seguit de jocs al parc d&#8217;Europa. Va [&hellip;]<\/p>\n","protected":false},"author":18,"featured_media":22344,"comment_status":"closed","ping_status":"closed","sticky":false,"template":"","format":"standard","meta":{"_bbp_topic_count":0,"_bbp_reply_count":0,"_bbp_total_topic_count":0,"_bbp_total_reply_count":0,"_bbp_voice_count":0,"_bbp_anonymous_reply_count":0,"_bbp_topic_count_hidden":0,"_bbp_reply_count_hidden":0,"_bbp_forum_subforum_count":0,"site-sidebar-layout":"default","site-content-layout":"","ast-site-content-layout":"","site-content-style":"default","site-sidebar-style":"default","ast-global-header-display":"","ast-banner-title-visibility":"","ast-main-header-display":"","ast-hfb-above-header-display":"","ast-hfb-below-header-display":"","ast-hfb-mobile-header-display":"","site-post-title":"","ast-breadcrumbs-content":"","ast-featured-img":"","footer-sml-layout":"","theme-transparent-header-meta":"","adv-header-id-meta":"","stick-header-meta":"","header-above-stick-meta":"","header-main-stick-meta":"","header-below-stick-meta":"","astra-migrate-meta-layouts":"default","ast-page-background-enabled":"default","ast-page-background-meta":{"desktop":{"background-color":"var(--ast-global-color-4)","background-image":"","background-repeat":"repeat","background-position":"center center","background-size":"auto","background-attachment":"scroll","background-type":"","background-media":"","overlay-type":"","overlay-color":"","overlay-opacity":"","overlay-gradient":""},"tablet":{"background-color":"","background-image":"","background-repeat":"repeat","background-position":"center center","background-size":"auto","background-attachment":"scroll","background-type":"","background-media":"","overlay-type":"","overlay-color":"","overlay-opacity":"","overlay-gradient":""},"mobile":{"background-color":"","background-image":"","background-repeat":"repeat","background-position":"center center","background-size":"auto","background-attachment":"scroll","background-type":"","background-media":"","overlay-type":"","overlay-color":"","overlay-opacity":"","overlay-gradient":""}},"ast-content-background-meta":{"desktop":{"background-color":"var(--ast-global-color-5)","background-image":"","background-repeat":"repeat","background-position":"center center","background-size":"auto","background-attachment":"scroll","background-type":"","background-media":"","overlay-type":"","overlay-color":"","overlay-opacity":"","overlay-gradient":""},"tablet":{"background-color":"var(--ast-global-color-5)","background-image":"","background-repeat":"repeat","background-position":"center center","background-size":"auto","background-attachment":"scroll","background-type":"","background-media":"","overlay-type":"","overlay-color":"","overlay-opacity":"","overlay-gradient":""},"mobile":{"background-color":"var(--ast-global-color-5)","background-image":"","background-repeat":"repeat","background-position":"center center","background-size":"auto","background-attachment":"scroll","background-type":"","background-media":"","overlay-type":"","overlay-color":"","overlay-opacity":"","overlay-gradient":""}},"footnotes":""},"categories":[63,2,4,5],"tags":[],"class_list":["post-22343","post","type-post","status-publish","format-standard","has-post-thumbnail","hentry","category-atencio-a-la-diversitat","category-infantil","category-portada","category-primaria"],"post_mailing_queue_ids":[],"_links":{"self":[{"href":"https:\/\/agora.xtec.cat\/escalmacelles\/wp-json\/wp\/v2\/posts\/22343","targetHints":{"allow":["GET"]}}],"collection":[{"href":"https:\/\/agora.xtec.cat\/escalmacelles\/wp-json\/wp\/v2\/posts"}],"about":[{"href":"https:\/\/agora.xtec.cat\/escalmacelles\/wp-json\/wp\/v2\/types\/post"}],"author":[{"embeddable":true,"href":"https:\/\/agora.xtec.cat\/escalmacelles\/wp-json\/wp\/v2\/users\/18"}],"replies":[{"embeddable":true,"href":"https:\/\/agora.xtec.cat\/escalmacelles\/wp-json\/wp\/v2\/comments?post=22343"}],"version-history":[{"count":1,"href":"https:\/\/agora.xtec.cat\/escalmacelles\/wp-json\/wp\/v2\/posts\/22343\/revisions"}],"predecessor-version":[{"id":22345,"href":"https:\/\/agora.xtec.cat\/escalmacelles\/wp-json\/wp\/v2\/posts\/22343\/revisions\/22345"}],"wp:featuredmedia":[{"embeddable":true,"href":"https:\/\/agora.xtec.cat\/escalmacelles\/wp-json\/wp\/v2\/media\/22344"}],"wp:attachment":[{"href":"https:\/\/agora.xtec.cat\/escalmacelles\/wp-json\/wp\/v2\/media?parent=22343"}],"wp:term":[{"taxonomy":"category","embeddable":true,"href":"https:\/\/agora.xtec.cat\/escalmacelles\/wp-json\/wp\/v2\/categories?post=22343"},{"taxonomy":"post_tag","embeddable":true,"href":"https:\/\/agora.xtec.cat\/escalmacelles\/wp-json\/wp\/v2\/tags?post=22343"}],"curies":[{"name":"wp","href":"https:\/\/api.w.org\/{rel}","templated":true}]}}