{"id":22304,"date":"2023-05-13T21:48:28","date_gmt":"2023-05-13T19:48:28","guid":{"rendered":"https:\/\/agora.xtec.cat\/escalmacelles\/?p=22304"},"modified":"2023-05-13T22:04:19","modified_gmt":"2023-05-13T20:04:19","slug":"sortida-a-la-saira-6e","status":"publish","type":"post","link":"https:\/\/agora.xtec.cat\/escalmacelles\/portada\/sortida-a-la-saira-6e\/","title":{"rendered":"SORTIDA A LA SAIRA 6\u00e8."},"content":{"rendered":"<p>El passat dijous, l&#8217;alumnat de 6\u00e8 vam fer la sortida a la Saira o com nosaltres li diem, familiarment, la &#8220;bicicletada&#8221;. \u00c9s la nostra participaci\u00f3 en el Dia de l&#8217;educaci\u00f3 f\u00edsica al carrer. Un grup, for\u00e7a nombr\u00f3s, anava en bicicleta. Primer, fins a l&#8217;aeroport d&#8217;Alguaire i despr\u00e9s a la Saira. Mentre que l&#8217;altre grup an\u00e0vem caminant. De cam\u00ed, ens vam aturar a l&#8217;explotaci\u00f3 Prunus. On a m\u00e9s de degustar unes magn\u00edfiques cireres, ens van explicar tot el relacionat amb el seu conreu i la seva sostenibilitat. Gr\u00e0cies Jordi i Montse. Finalment, ens vam trobar plegats en la Saira on, abans de dinar, vam visitar i en F\u00e8lix ens va explicar el funcionament de les plaques solars. A la tarda, de tornada al poble el grup de bicicletes tamb\u00e9 va passar per Prunus. I els que camin\u00e0vem, per iniciativa pr\u00f2pia dels nens, van comen\u00e7ar a recollir deixalles com pl\u00e0stics i llaunes que trobaven en el voral del cam\u00ed. Molt bona feina!. Va ser una excel\u00b7lent diada d&#8217;esport que tots vam gaudir.<\/p>\n<p><a href=\"https:\/\/photos.app.goo.gl\/vC2hrbBrBqfrjwPv8\" target=\"_blank\" rel=\"noopener\"><img loading=\"lazy\" decoding=\"async\" class=\"wp-image-22306 aligncenter\" src=\"https:\/\/agora.xtec.cat\/escalmacelles\/wp-content\/uploads\/usu1902\/2023\/05\/WhatsApp-Image-2023-05-13-at-19.21.24-2-768x1024.jpeg\" alt=\"\" width=\"341\" height=\"455\" srcset=\"https:\/\/agora.xtec.cat\/escalmacelles\/wp-content\/uploads\/usu1902\/2023\/05\/WhatsApp-Image-2023-05-13-at-19.21.24-2-768x1024.jpeg 768w, https:\/\/agora.xtec.cat\/escalmacelles\/wp-content\/uploads\/usu1902\/2023\/05\/WhatsApp-Image-2023-05-13-at-19.21.24-2-225x300.jpeg 225w, https:\/\/agora.xtec.cat\/escalmacelles\/wp-content\/uploads\/usu1902\/2023\/05\/WhatsApp-Image-2023-05-13-at-19.21.24-2-1152x1536.jpeg 1152w, https:\/\/agora.xtec.cat\/escalmacelles\/wp-content\/uploads\/usu1902\/2023\/05\/WhatsApp-Image-2023-05-13-at-19.21.24-2.jpeg 1536w\" sizes=\"auto, (max-width: 341px) 100vw, 341px\" \/><\/a><\/p>\n<p>&nbsp;<\/p>\n","protected":false},"excerpt":{"rendered":"<p>El passat dijous, l&#8217;alumnat de 6\u00e8 vam fer la sortida a la Saira o com nosaltres li diem, familiarment, la &#8220;bicicletada&#8221;. \u00c9s la nostra participaci\u00f3 en el Dia de l&#8217;educaci\u00f3 f\u00edsica al carrer. Un grup, for\u00e7a nombr\u00f3s, anava en bicicleta. Primer, fins a l&#8217;aeroport d&#8217;Alguaire i despr\u00e9s a la Saira. Mentre que l&#8217;altre grup an\u00e0vem [&hellip;]<\/p>\n","protected":false},"author":1,"featured_media":0,"comment_status":"open","ping_status":"closed","sticky":false,"template":"","format":"standard","meta":{"_bbp_topic_count":0,"_bbp_reply_count":0,"_bbp_total_topic_count":0,"_bbp_total_reply_count":0,"_bbp_voice_count":0,"_bbp_anonymous_reply_count":0,"_bbp_topic_count_hidden":0,"_bbp_reply_count_hidden":0,"_bbp_forum_subforum_count":0,"site-sidebar-layout":"default","site-content-layout":"","ast-site-content-layout":"","site-content-style":"default","site-sidebar-style":"default","ast-global-header-display":"","ast-banner-title-visibility":"","ast-main-header-display":"","ast-hfb-above-header-display":"","ast-hfb-below-header-display":"","ast-hfb-mobile-header-display":"","site-post-title":"","ast-breadcrumbs-content":"","ast-featured-img":"","footer-sml-layout":"","theme-transparent-header-meta":"","adv-header-id-meta":"","stick-header-meta":"","header-above-stick-meta":"","header-main-stick-meta":"","header-below-stick-meta":"","astra-migrate-meta-layouts":"default","ast-page-background-enabled":"default","ast-page-background-meta":{"desktop":{"background-color":"var(--ast-global-color-4)","background-image":"","background-repeat":"repeat","background-position":"center center","background-size":"auto","background-attachment":"scroll","background-type":"","background-media":"","overlay-type":"","overlay-color":"","overlay-opacity":"","overlay-gradient":""},"tablet":{"background-color":"","background-image":"","background-repeat":"repeat","background-position":"center center","background-size":"auto","background-attachment":"scroll","background-type":"","background-media":"","overlay-type":"","overlay-color":"","overlay-opacity":"","overlay-gradient":""},"mobile":{"background-color":"","background-image":"","background-repeat":"repeat","background-position":"center center","background-size":"auto","background-attachment":"scroll","background-type":"","background-media":"","overlay-type":"","overlay-color":"","overlay-opacity":"","overlay-gradient":""}},"ast-content-background-meta":{"desktop":{"background-color":"var(--ast-global-color-5)","background-image":"","background-repeat":"repeat","background-position":"center center","background-size":"auto","background-attachment":"scroll","background-type":"","background-media":"","overlay-type":"","overlay-color":"","overlay-opacity":"","overlay-gradient":""},"tablet":{"background-color":"var(--ast-global-color-5)","background-image":"","background-repeat":"repeat","background-position":"center center","background-size":"auto","background-attachment":"scroll","background-type":"","background-media":"","overlay-type":"","overlay-color":"","overlay-opacity":"","overlay-gradient":""},"mobile":{"background-color":"var(--ast-global-color-5)","background-image":"","background-repeat":"repeat","background-position":"center center","background-size":"auto","background-attachment":"scroll","background-type":"","background-media":"","overlay-type":"","overlay-color":"","overlay-opacity":"","overlay-gradient":""}},"footnotes":""},"categories":[14,15,4,5],"tags":[],"class_list":["post-22304","post","type-post","status-publish","format-standard","hentry","category-5e","category-6e","category-portada","category-primaria"],"post_mailing_queue_ids":[],"_links":{"self":[{"href":"https:\/\/agora.xtec.cat\/escalmacelles\/wp-json\/wp\/v2\/posts\/22304","targetHints":{"allow":["GET"]}}],"collection":[{"href":"https:\/\/agora.xtec.cat\/escalmacelles\/wp-json\/wp\/v2\/posts"}],"about":[{"href":"https:\/\/agora.xtec.cat\/escalmacelles\/wp-json\/wp\/v2\/types\/post"}],"author":[{"embeddable":true,"href":"https:\/\/agora.xtec.cat\/escalmacelles\/wp-json\/wp\/v2\/users\/1"}],"replies":[{"embeddable":true,"href":"https:\/\/agora.xtec.cat\/escalmacelles\/wp-json\/wp\/v2\/comments?post=22304"}],"version-history":[{"count":3,"href":"https:\/\/agora.xtec.cat\/escalmacelles\/wp-json\/wp\/v2\/posts\/22304\/revisions"}],"predecessor-version":[{"id":22308,"href":"https:\/\/agora.xtec.cat\/escalmacelles\/wp-json\/wp\/v2\/posts\/22304\/revisions\/22308"}],"wp:attachment":[{"href":"https:\/\/agora.xtec.cat\/escalmacelles\/wp-json\/wp\/v2\/media?parent=22304"}],"wp:term":[{"taxonomy":"category","embeddable":true,"href":"https:\/\/agora.xtec.cat\/escalmacelles\/wp-json\/wp\/v2\/categories?post=22304"},{"taxonomy":"post_tag","embeddable":true,"href":"https:\/\/agora.xtec.cat\/escalmacelles\/wp-json\/wp\/v2\/tags?post=22304"}],"curies":[{"name":"wp","href":"https:\/\/api.w.org\/{rel}","templated":true}]}}