{"id":22298,"date":"2023-05-14T19:17:07","date_gmt":"2023-05-14T17:17:07","guid":{"rendered":"https:\/\/agora.xtec.cat\/escalmacelles\/?p=22298"},"modified":"2023-05-14T19:19:08","modified_gmt":"2023-05-14T17:19:08","slug":"sortida-projecte-de-laigua-3r","status":"publish","type":"post","link":"https:\/\/agora.xtec.cat\/escalmacelles\/infantil\/sortida-projecte-de-laigua-3r\/","title":{"rendered":"SORTIDA PROJECTE DE L&#8217;AIGUA 3r"},"content":{"rendered":"<p>El passat divendres, 5 de maig, els alumnes de 3r de l\u2019escola Ant\u00f2nia Sim\u00f3 i Arn\u00f3, per concloure el projecte de l&#8217;aigua que hem anat treballant al llarg del tercer trimestre, vam anar a veure les muntanyes on neix el riu Is\u00e1bena.<\/p>\n<p>La primera parada que vam fer, va ser a l&#8217;Alto de Bonansa on despr\u00e9s d&#8217;un bon esmorzar, vam comen\u00e7ar una caminada d&#8217;uns pocs quil\u00f2metres fins al mirador d&#8217;Ansuilo des d&#8217;on vam poder contemplar unes vistes espectaculars dels Pirineus.<\/p>\n<p>A continuaci\u00f3 vam tornar a l&#8217;autocar i ens vam dirigir cap al poble de Roda de Is\u00e1bena, municipi que forma part de la llista dels pobles m\u00e9s bonics d&#8217;Espanya. All\u00ed vam dinar, vam observar la Catedral&#8230; Si, si, has llegit molt reb\u00e9, Roda de Is\u00e1bena \u00e9s dels pocs pobles que compten amb una Catedral!!!! Abans de deixar el poble, vam visitar el museu &#8220;La Era de Vic\u00e9n&#8221;, un lloc de dos segles d&#8217;antiguitat dedicat a mostrar-nos tot un seguit eines i objectes que ens fan viatjar en el temps.<\/p>\n<p>Per acabar de posar la cirereta al past\u00eds, abans de tornar a casa, vam visitar el pont de Capella, un pont medieval d&#8217;estil rom\u00e0nic que travessa el riu Is\u00e1bena.<\/p>\n<p>Va ser una excursi\u00f3 fant\u00e0stic, ens ho vam passar superb\u00e9 i vam aprendre un munt de coses interessants.<\/p>\n<p style=\"text-align: center\"><sub><strong><em>Clica la imatge \ud83d\udc47 per veure el recull de fotos\u00a0<\/em><\/strong><\/sub><a href=\"https:\/\/photos.app.goo.gl\/48ktULGMD9oNfW69A\"><br \/>\n<img loading=\"lazy\" decoding=\"async\" class=\"wp-image-22315 aligncenter\" src=\"https:\/\/agora.xtec.cat\/escalmacelles\/wp-content\/uploads\/usu1902\/2023\/05\/IMG_20230505_144446-RED.jpg\" alt=\"\" width=\"506\" height=\"227\" srcset=\"https:\/\/agora.xtec.cat\/escalmacelles\/wp-content\/uploads\/usu1902\/2023\/05\/IMG_20230505_144446-RED.jpg 1024w, https:\/\/agora.xtec.cat\/escalmacelles\/wp-content\/uploads\/usu1902\/2023\/05\/IMG_20230505_144446-RED-300x135.jpg 300w, https:\/\/agora.xtec.cat\/escalmacelles\/wp-content\/uploads\/usu1902\/2023\/05\/IMG_20230505_144446-RED-768x345.jpg 768w\" sizes=\"auto, (max-width: 506px) 100vw, 506px\" \/><\/a><\/p>\n","protected":false},"excerpt":{"rendered":"<p>El passat divendres, 5 de maig, els alumnes de 3r de l\u2019escola Ant\u00f2nia Sim\u00f3 i Arn\u00f3, per concloure el projecte de l&#8217;aigua que hem anat treballant al llarg del tercer trimestre, vam anar a veure les muntanyes on neix el riu Is\u00e1bena. La primera parada que vam fer, va ser a l&#8217;Alto de Bonansa on [&hellip;]<\/p>\n","protected":false},"author":18,"featured_media":22315,"comment_status":"closed","ping_status":"closed","sticky":false,"template":"","format":"standard","meta":{"_bbp_topic_count":0,"_bbp_reply_count":0,"_bbp_total_topic_count":0,"_bbp_total_reply_count":0,"_bbp_voice_count":0,"_bbp_anonymous_reply_count":0,"_bbp_topic_count_hidden":0,"_bbp_reply_count_hidden":0,"_bbp_forum_subforum_count":0,"site-sidebar-layout":"default","site-content-layout":"","ast-site-content-layout":"","site-content-style":"default","site-sidebar-style":"default","ast-global-header-display":"","ast-banner-title-visibility":"","ast-main-header-display":"","ast-hfb-above-header-display":"","ast-hfb-below-header-display":"","ast-hfb-mobile-header-display":"","site-post-title":"","ast-breadcrumbs-content":"","ast-featured-img":"","footer-sml-layout":"","theme-transparent-header-meta":"","adv-header-id-meta":"","stick-header-meta":"","header-above-stick-meta":"","header-main-stick-meta":"","header-below-stick-meta":"","astra-migrate-meta-layouts":"default","ast-page-background-enabled":"default","ast-page-background-meta":{"desktop":{"background-color":"var(--ast-global-color-4)","background-image":"","background-repeat":"repeat","background-position":"center center","background-size":"auto","background-attachment":"scroll","background-type":"","background-media":"","overlay-type":"","overlay-color":"","overlay-opacity":"","overlay-gradient":""},"tablet":{"background-color":"","background-image":"","background-repeat":"repeat","background-position":"center center","background-size":"auto","background-attachment":"scroll","background-type":"","background-media":"","overlay-type":"","overlay-color":"","overlay-opacity":"","overlay-gradient":""},"mobile":{"background-color":"","background-image":"","background-repeat":"repeat","background-position":"center center","background-size":"auto","background-attachment":"scroll","background-type":"","background-media":"","overlay-type":"","overlay-color":"","overlay-opacity":"","overlay-gradient":""}},"ast-content-background-meta":{"desktop":{"background-color":"var(--ast-global-color-5)","background-image":"","background-repeat":"repeat","background-position":"center center","background-size":"auto","background-attachment":"scroll","background-type":"","background-media":"","overlay-type":"","overlay-color":"","overlay-opacity":"","overlay-gradient":""},"tablet":{"background-color":"var(--ast-global-color-5)","background-image":"","background-repeat":"repeat","background-position":"center center","background-size":"auto","background-attachment":"scroll","background-type":"","background-media":"","overlay-type":"","overlay-color":"","overlay-opacity":"","overlay-gradient":""},"mobile":{"background-color":"var(--ast-global-color-5)","background-image":"","background-repeat":"repeat","background-position":"center center","background-size":"auto","background-attachment":"scroll","background-type":"","background-media":"","overlay-type":"","overlay-color":"","overlay-opacity":"","overlay-gradient":""}},"footnotes":""},"categories":[12,93,94,3,2,4],"tags":[],"class_list":["post-22298","post","type-post","status-publish","format-standard","has-post-thumbnail","hentry","category-3r","category-biblioteca","category-biblioteca-infantil","category-p3","category-infantil","category-portada"],"post_mailing_queue_ids":[],"_links":{"self":[{"href":"https:\/\/agora.xtec.cat\/escalmacelles\/wp-json\/wp\/v2\/posts\/22298","targetHints":{"allow":["GET"]}}],"collection":[{"href":"https:\/\/agora.xtec.cat\/escalmacelles\/wp-json\/wp\/v2\/posts"}],"about":[{"href":"https:\/\/agora.xtec.cat\/escalmacelles\/wp-json\/wp\/v2\/types\/post"}],"author":[{"embeddable":true,"href":"https:\/\/agora.xtec.cat\/escalmacelles\/wp-json\/wp\/v2\/users\/18"}],"replies":[{"embeddable":true,"href":"https:\/\/agora.xtec.cat\/escalmacelles\/wp-json\/wp\/v2\/comments?post=22298"}],"version-history":[{"count":4,"href":"https:\/\/agora.xtec.cat\/escalmacelles\/wp-json\/wp\/v2\/posts\/22298\/revisions"}],"predecessor-version":[{"id":22322,"href":"https:\/\/agora.xtec.cat\/escalmacelles\/wp-json\/wp\/v2\/posts\/22298\/revisions\/22322"}],"wp:featuredmedia":[{"embeddable":true,"href":"https:\/\/agora.xtec.cat\/escalmacelles\/wp-json\/wp\/v2\/media\/22315"}],"wp:attachment":[{"href":"https:\/\/agora.xtec.cat\/escalmacelles\/wp-json\/wp\/v2\/media?parent=22298"}],"wp:term":[{"taxonomy":"category","embeddable":true,"href":"https:\/\/agora.xtec.cat\/escalmacelles\/wp-json\/wp\/v2\/categories?post=22298"},{"taxonomy":"post_tag","embeddable":true,"href":"https:\/\/agora.xtec.cat\/escalmacelles\/wp-json\/wp\/v2\/tags?post=22298"}],"curies":[{"name":"wp","href":"https:\/\/api.w.org\/{rel}","templated":true}]}}