{"id":22296,"date":"2023-05-14T19:33:55","date_gmt":"2023-05-14T17:33:55","guid":{"rendered":"https:\/\/agora.xtec.cat\/escalmacelles\/?p=22296"},"modified":"2023-05-14T19:33:55","modified_gmt":"2023-05-14T17:33:55","slug":"sortida-projecte-aigua-4t","status":"publish","type":"post","link":"https:\/\/agora.xtec.cat\/escalmacelles\/portada\/sortida-projecte-aigua-4t\/","title":{"rendered":"SORTIDA PROJECTE AIGUA 4t"},"content":{"rendered":"<p>El passat divendres, 5 de maig, els alumnes de 4t de l\u2019escola Ant\u00f2nia Sim\u00f3 i Arn\u00f3 vam anar a Santa Liestra, all\u00ed vam esmorzar i vam comen\u00e7ar la caminada pel costat del riu \u00c9sera. Vam passar per un pont penjat de fusta, pel poble de Besians i finalment vam arribar a Perarr\u00faa. Al llarg de tot el cam\u00ed, vam observar la vegetaci\u00f3, els camps, els arbres de la zona, aix\u00ed com tres ponts medievals.<\/p>\n<p>A continuaci\u00f3 vam anar a dinar al c\u00e0mping de Graus, despr\u00e9s vam baixar al riu i ens vam mullar els peus, l\u2019aigua estava molt freda! M\u00e9s tard vam anar a veure l\u2019escultura de Joaquin Costa que est\u00e0 en una pla\u00e7a de Graus.<br \/>\nPer \u00faltim vam pujar a l\u2019autob\u00fas i vam tornar a Almacelles.<\/p>\n<p>Aquesta sortida ens va agradar molt i ens ho vam passar molt b\u00e9!<\/p>\n<p style=\"text-align: center\"><sub><strong><em>Clica la imatge \ud83d\udc47 per veure el recull de fotos<\/em><\/strong><\/sub><a href=\"https:\/\/photos.app.goo.gl\/ovLvA9Ua1J1W7CKD7\"><img loading=\"lazy\" decoding=\"async\" class=\"aligncenter  wp-image-22327\" src=\"https:\/\/agora.xtec.cat\/escalmacelles\/wp-content\/uploads\/usu1902\/2023\/05\/4tB.jpg\" alt=\"\" width=\"467\" height=\"335\" srcset=\"https:\/\/agora.xtec.cat\/escalmacelles\/wp-content\/uploads\/usu1902\/2023\/05\/4tB.jpg 1024w, https:\/\/agora.xtec.cat\/escalmacelles\/wp-content\/uploads\/usu1902\/2023\/05\/4tB-300x215.jpg 300w, https:\/\/agora.xtec.cat\/escalmacelles\/wp-content\/uploads\/usu1902\/2023\/05\/4tB-768x551.jpg 768w\" sizes=\"auto, (max-width: 467px) 100vw, 467px\" \/><\/a><\/p>\n<p>&nbsp;<\/p>\n","protected":false},"excerpt":{"rendered":"<p>El passat divendres, 5 de maig, els alumnes de 4t de l\u2019escola Ant\u00f2nia Sim\u00f3 i Arn\u00f3 vam anar a Santa Liestra, all\u00ed vam esmorzar i vam comen\u00e7ar la caminada pel costat del riu \u00c9sera. Vam passar per un pont penjat de fusta, pel poble de Besians i finalment vam arribar a Perarr\u00faa. Al llarg de [&hellip;]<\/p>\n","protected":false},"author":18,"featured_media":22327,"comment_status":"closed","ping_status":"closed","sticky":false,"template":"","format":"standard","meta":{"_bbp_topic_count":0,"_bbp_reply_count":0,"_bbp_total_topic_count":0,"_bbp_total_reply_count":0,"_bbp_voice_count":0,"_bbp_anonymous_reply_count":0,"_bbp_topic_count_hidden":0,"_bbp_reply_count_hidden":0,"_bbp_forum_subforum_count":0,"site-sidebar-layout":"default","site-content-layout":"","ast-site-content-layout":"","site-content-style":"default","site-sidebar-style":"default","ast-global-header-display":"","ast-banner-title-visibility":"","ast-main-header-display":"","ast-hfb-above-header-display":"","ast-hfb-below-header-display":"","ast-hfb-mobile-header-display":"","site-post-title":"","ast-breadcrumbs-content":"","ast-featured-img":"","footer-sml-layout":"","theme-transparent-header-meta":"","adv-header-id-meta":"","stick-header-meta":"","header-above-stick-meta":"","header-main-stick-meta":"","header-below-stick-meta":"","astra-migrate-meta-layouts":"default","ast-page-background-enabled":"default","ast-page-background-meta":{"desktop":{"background-color":"var(--ast-global-color-4)","background-image":"","background-repeat":"repeat","background-position":"center center","background-size":"auto","background-attachment":"scroll","background-type":"","background-media":"","overlay-type":"","overlay-color":"","overlay-opacity":"","overlay-gradient":""},"tablet":{"background-color":"","background-image":"","background-repeat":"repeat","background-position":"center center","background-size":"auto","background-attachment":"scroll","background-type":"","background-media":"","overlay-type":"","overlay-color":"","overlay-opacity":"","overlay-gradient":""},"mobile":{"background-color":"","background-image":"","background-repeat":"repeat","background-position":"center center","background-size":"auto","background-attachment":"scroll","background-type":"","background-media":"","overlay-type":"","overlay-color":"","overlay-opacity":"","overlay-gradient":""}},"ast-content-background-meta":{"desktop":{"background-color":"var(--ast-global-color-5)","background-image":"","background-repeat":"repeat","background-position":"center center","background-size":"auto","background-attachment":"scroll","background-type":"","background-media":"","overlay-type":"","overlay-color":"","overlay-opacity":"","overlay-gradient":""},"tablet":{"background-color":"var(--ast-global-color-5)","background-image":"","background-repeat":"repeat","background-position":"center center","background-size":"auto","background-attachment":"scroll","background-type":"","background-media":"","overlay-type":"","overlay-color":"","overlay-opacity":"","overlay-gradient":""},"mobile":{"background-color":"var(--ast-global-color-5)","background-image":"","background-repeat":"repeat","background-position":"center center","background-size":"auto","background-attachment":"scroll","background-type":"","background-media":"","overlay-type":"","overlay-color":"","overlay-opacity":"","overlay-gradient":""}},"footnotes":""},"categories":[13,4],"tags":[],"class_list":["post-22296","post","type-post","status-publish","format-standard","has-post-thumbnail","hentry","category-4t","category-portada"],"post_mailing_queue_ids":[],"_links":{"self":[{"href":"https:\/\/agora.xtec.cat\/escalmacelles\/wp-json\/wp\/v2\/posts\/22296","targetHints":{"allow":["GET"]}}],"collection":[{"href":"https:\/\/agora.xtec.cat\/escalmacelles\/wp-json\/wp\/v2\/posts"}],"about":[{"href":"https:\/\/agora.xtec.cat\/escalmacelles\/wp-json\/wp\/v2\/types\/post"}],"author":[{"embeddable":true,"href":"https:\/\/agora.xtec.cat\/escalmacelles\/wp-json\/wp\/v2\/users\/18"}],"replies":[{"embeddable":true,"href":"https:\/\/agora.xtec.cat\/escalmacelles\/wp-json\/wp\/v2\/comments?post=22296"}],"version-history":[{"count":3,"href":"https:\/\/agora.xtec.cat\/escalmacelles\/wp-json\/wp\/v2\/posts\/22296\/revisions"}],"predecessor-version":[{"id":22328,"href":"https:\/\/agora.xtec.cat\/escalmacelles\/wp-json\/wp\/v2\/posts\/22296\/revisions\/22328"}],"wp:featuredmedia":[{"embeddable":true,"href":"https:\/\/agora.xtec.cat\/escalmacelles\/wp-json\/wp\/v2\/media\/22327"}],"wp:attachment":[{"href":"https:\/\/agora.xtec.cat\/escalmacelles\/wp-json\/wp\/v2\/media?parent=22296"}],"wp:term":[{"taxonomy":"category","embeddable":true,"href":"https:\/\/agora.xtec.cat\/escalmacelles\/wp-json\/wp\/v2\/categories?post=22296"},{"taxonomy":"post_tag","embeddable":true,"href":"https:\/\/agora.xtec.cat\/escalmacelles\/wp-json\/wp\/v2\/tags?post=22296"}],"curies":[{"name":"wp","href":"https:\/\/api.w.org\/{rel}","templated":true}]}}