{"id":22291,"date":"2023-05-03T11:23:13","date_gmt":"2023-05-03T09:23:13","guid":{"rendered":"https:\/\/agora.xtec.cat\/escalmacelles\/?p=22291"},"modified":"2023-05-03T11:23:48","modified_gmt":"2023-05-03T09:23:48","slug":"els-alumnes-de-5e-anem-a-la-potabilitzadora","status":"publish","type":"post","link":"https:\/\/agora.xtec.cat\/escalmacelles\/portada\/els-alumnes-de-5e-anem-a-la-potabilitzadora\/","title":{"rendered":"Els alumnes de 5\u00e8 anem a la potabilitzadora"},"content":{"rendered":"<p>El dimarts passat, l&#8217;alumnat de 5\u00e8 va anar a la potabilitzadora, sortida lligada amb el projecte de l&#8217;aigua. All\u00ed, el Jes\u00fas ens va explicar aquesta infraestructura, com funciona i quina import\u00e0ncia t\u00e9 per al poble. A m\u00e9s a m\u00e9s, ens va servir per comprendre millor el cicle integral de l&#8217;aigua i vam poder analitzar el clor, el PH i la terbolesa de l&#8217;aigua que bevem di\u00e0riament. Per veure m\u00e9s fotografies premeu a qualsevol de les imatges.<\/p>\n<p>&nbsp;<\/p>\n<p><a href=\"https:\/\/photos.app.goo.gl\/AYauqXo9qtWVF6E79\"><img loading=\"lazy\" decoding=\"async\" class=\"\" src=\"https:\/\/lh3.googleusercontent.com\/pw\/AJFCJaVtZShhWgxjoo3YMmBE1zBVtejbYOyGqtdfKALVsByevoVHeo8vbDi9gGzXCXAVBU6NPLI7Xu_dehid1pfGdMntr8h5wSwpR5a9aeHJt1u2WuYdltD9zxbiPPrul672k4jrRc96GgYHOWWlidfnHovWAg=w1920-h864-s-no?authuser=5\" width=\"446\" height=\"201\" \/><\/a>\u00a0 \u00a0 \u00a0 \u00a0 \u00a0 \u00a0 \u00a0 \u00a0<a href=\"https:\/\/photos.app.goo.gl\/AYauqXo9qtWVF6E79\"><img loading=\"lazy\" decoding=\"async\" class=\"alignnone\" src=\"https:\/\/lh3.googleusercontent.com\/pw\/AJFCJaVpVtorv1T4sA9u0EmnxUGkV33_gKW6Xef_d_OwsAnS9T-u0jfIKO1e7TOy63O60TmUq3HAR8MBNgPqX8XuITKogzS2RhPFjCZTRg-CMwpazv9mT7afHIC8kOQrVzFG7cWLYK0KRPvSEC_zigVzqjHYig=w1600-h720-s-no?authuser=5\" width=\"439\" height=\"198\" \/><\/a><\/p>\n<p><a href=\"https:\/\/photos.app.goo.gl\/AYauqXo9qtWVF6E79\"><img loading=\"lazy\" decoding=\"async\" class=\"wp-image-22293 aligncenter\" src=\"https:\/\/agora.xtec.cat\/escalmacelles\/wp-content\/uploads\/usu1902\/2023\/05\/foto-classe.png\" alt=\"\" width=\"398\" height=\"245\" \/><\/a><\/p>\n<p>&nbsp;<\/p>\n<p>&nbsp;<\/p>\n<p>&nbsp;<\/p>\n","protected":false},"excerpt":{"rendered":"<p>El dimarts passat, l&#8217;alumnat de 5\u00e8 va anar a la potabilitzadora, sortida lligada amb el projecte de l&#8217;aigua. All\u00ed, el Jes\u00fas ens va explicar aquesta infraestructura, com funciona i quina import\u00e0ncia t\u00e9 per al poble. A m\u00e9s a m\u00e9s, ens va servir per comprendre millor el cicle integral de l&#8217;aigua i vam poder analitzar el [&hellip;]<\/p>\n","protected":false},"author":23,"featured_media":0,"comment_status":"open","ping_status":"closed","sticky":false,"template":"","format":"standard","meta":{"_bbp_topic_count":0,"_bbp_reply_count":0,"_bbp_total_topic_count":0,"_bbp_total_reply_count":0,"_bbp_voice_count":0,"_bbp_anonymous_reply_count":0,"_bbp_topic_count_hidden":0,"_bbp_reply_count_hidden":0,"_bbp_forum_subforum_count":0,"site-sidebar-layout":"default","site-content-layout":"","ast-site-content-layout":"","site-content-style":"default","site-sidebar-style":"default","ast-global-header-display":"","ast-banner-title-visibility":"","ast-main-header-display":"","ast-hfb-above-header-display":"","ast-hfb-below-header-display":"","ast-hfb-mobile-header-display":"","site-post-title":"","ast-breadcrumbs-content":"","ast-featured-img":"","footer-sml-layout":"","theme-transparent-header-meta":"","adv-header-id-meta":"","stick-header-meta":"","header-above-stick-meta":"","header-main-stick-meta":"","header-below-stick-meta":"","astra-migrate-meta-layouts":"default","ast-page-background-enabled":"default","ast-page-background-meta":{"desktop":{"background-color":"var(--ast-global-color-4)","background-image":"","background-repeat":"repeat","background-position":"center center","background-size":"auto","background-attachment":"scroll","background-type":"","background-media":"","overlay-type":"","overlay-color":"","overlay-opacity":"","overlay-gradient":""},"tablet":{"background-color":"","background-image":"","background-repeat":"repeat","background-position":"center center","background-size":"auto","background-attachment":"scroll","background-type":"","background-media":"","overlay-type":"","overlay-color":"","overlay-opacity":"","overlay-gradient":""},"mobile":{"background-color":"","background-image":"","background-repeat":"repeat","background-position":"center center","background-size":"auto","background-attachment":"scroll","background-type":"","background-media":"","overlay-type":"","overlay-color":"","overlay-opacity":"","overlay-gradient":""}},"ast-content-background-meta":{"desktop":{"background-color":"var(--ast-global-color-5)","background-image":"","background-repeat":"repeat","background-position":"center center","background-size":"auto","background-attachment":"scroll","background-type":"","background-media":"","overlay-type":"","overlay-color":"","overlay-opacity":"","overlay-gradient":""},"tablet":{"background-color":"var(--ast-global-color-5)","background-image":"","background-repeat":"repeat","background-position":"center center","background-size":"auto","background-attachment":"scroll","background-type":"","background-media":"","overlay-type":"","overlay-color":"","overlay-opacity":"","overlay-gradient":""},"mobile":{"background-color":"var(--ast-global-color-5)","background-image":"","background-repeat":"repeat","background-position":"center center","background-size":"auto","background-attachment":"scroll","background-type":"","background-media":"","overlay-type":"","overlay-color":"","overlay-opacity":"","overlay-gradient":""}},"footnotes":""},"categories":[14,15,4,5],"tags":[],"class_list":["post-22291","post","type-post","status-publish","format-standard","hentry","category-5e","category-6e","category-portada","category-primaria"],"post_mailing_queue_ids":[],"_links":{"self":[{"href":"https:\/\/agora.xtec.cat\/escalmacelles\/wp-json\/wp\/v2\/posts\/22291","targetHints":{"allow":["GET"]}}],"collection":[{"href":"https:\/\/agora.xtec.cat\/escalmacelles\/wp-json\/wp\/v2\/posts"}],"about":[{"href":"https:\/\/agora.xtec.cat\/escalmacelles\/wp-json\/wp\/v2\/types\/post"}],"author":[{"embeddable":true,"href":"https:\/\/agora.xtec.cat\/escalmacelles\/wp-json\/wp\/v2\/users\/23"}],"replies":[{"embeddable":true,"href":"https:\/\/agora.xtec.cat\/escalmacelles\/wp-json\/wp\/v2\/comments?post=22291"}],"version-history":[{"count":3,"href":"https:\/\/agora.xtec.cat\/escalmacelles\/wp-json\/wp\/v2\/posts\/22291\/revisions"}],"predecessor-version":[{"id":22295,"href":"https:\/\/agora.xtec.cat\/escalmacelles\/wp-json\/wp\/v2\/posts\/22291\/revisions\/22295"}],"wp:attachment":[{"href":"https:\/\/agora.xtec.cat\/escalmacelles\/wp-json\/wp\/v2\/media?parent=22291"}],"wp:term":[{"taxonomy":"category","embeddable":true,"href":"https:\/\/agora.xtec.cat\/escalmacelles\/wp-json\/wp\/v2\/categories?post=22291"},{"taxonomy":"post_tag","embeddable":true,"href":"https:\/\/agora.xtec.cat\/escalmacelles\/wp-json\/wp\/v2\/tags?post=22291"}],"curies":[{"name":"wp","href":"https:\/\/api.w.org\/{rel}","templated":true}]}}