{"id":22273,"date":"2023-04-12T11:07:55","date_gmt":"2023-04-12T09:07:55","guid":{"rendered":"https:\/\/agora.xtec.cat\/escalmacelles\/?p=22273"},"modified":"2023-04-12T11:10:29","modified_gmt":"2023-04-12T09:10:29","slug":"inclusio-a-lescola","status":"publish","type":"post","link":"https:\/\/agora.xtec.cat\/escalmacelles\/portada\/inclusio-a-lescola\/","title":{"rendered":"Inclusi\u00f3 a l&#8217;escola"},"content":{"rendered":"<p>Com escola que participem en el projecte<strong> ERASMUS+ KA120<\/strong> sobre inclusi\u00f3 educativa, s&#8217;han fet diferents din\u00e0miques a tots els cursos per con\u00e8ixer qu\u00e8 \u00e9s la inclusi\u00f3 i valorar com es duu a terme a l&#8217;escola.\u00a0 El centre ha col\u00b7laborat amb <em>La Taula de Participaci\u00f3 per un Sistema Educatiu Inclusiu<\/em> (TAPSEI),\u00a0 un \u00a0espai de trobada de la comunitat educativa per dialogar i compartir reflexions sobre la inclusi\u00f3. Aquest mural ha estat el producte final, on tothom ha pogut prendre consci\u00e8ncia de la import\u00e0ncia que t\u00e9 ser inclusiu.<\/p>\n<p>&nbsp;<\/p>\n<p><a href=\"https:\/\/agora.xtec.cat\/escalmacelles\/wp-content\/uploads\/usu1902\/2023\/04\/WhatsApp-Image-2023-04-11-at-13.51.43.jpeg\"><img loading=\"lazy\" decoding=\"async\" class=\"size-full wp-image-22274 aligncenter\" src=\"https:\/\/agora.xtec.cat\/escalmacelles\/wp-content\/uploads\/usu1902\/2023\/04\/WhatsApp-Image-2023-04-11-at-13.51.43.jpeg\" alt=\"\" width=\"1024\" height=\"620\" srcset=\"https:\/\/agora.xtec.cat\/escalmacelles\/wp-content\/uploads\/usu1902\/2023\/04\/WhatsApp-Image-2023-04-11-at-13.51.43.jpeg 1024w, https:\/\/agora.xtec.cat\/escalmacelles\/wp-content\/uploads\/usu1902\/2023\/04\/WhatsApp-Image-2023-04-11-at-13.51.43-300x182.jpeg 300w, https:\/\/agora.xtec.cat\/escalmacelles\/wp-content\/uploads\/usu1902\/2023\/04\/WhatsApp-Image-2023-04-11-at-13.51.43-768x465.jpeg 768w\" sizes=\"auto, (max-width: 1024px) 100vw, 1024px\" \/><\/a><\/p>\n<p>&nbsp;<\/p>\n<p>&nbsp;<\/p>\n","protected":false},"excerpt":{"rendered":"<p>Com escola que participem en el projecte ERASMUS+ KA120 sobre inclusi\u00f3 educativa, s&#8217;han fet diferents din\u00e0miques a tots els cursos per con\u00e8ixer qu\u00e8 \u00e9s la inclusi\u00f3 i valorar com es duu a terme a l&#8217;escola.\u00a0 El centre ha col\u00b7laborat amb La Taula de Participaci\u00f3 per un Sistema Educatiu Inclusiu (TAPSEI),\u00a0 un \u00a0espai de trobada de [&hellip;]<\/p>\n","protected":false},"author":23,"featured_media":0,"comment_status":"open","ping_status":"closed","sticky":false,"template":"","format":"standard","meta":{"_bbp_topic_count":0,"_bbp_reply_count":0,"_bbp_total_topic_count":0,"_bbp_total_reply_count":0,"_bbp_voice_count":0,"_bbp_anonymous_reply_count":0,"_bbp_topic_count_hidden":0,"_bbp_reply_count_hidden":0,"_bbp_forum_subforum_count":0,"site-sidebar-layout":"default","site-content-layout":"","ast-site-content-layout":"","site-content-style":"default","site-sidebar-style":"default","ast-global-header-display":"","ast-banner-title-visibility":"","ast-main-header-display":"","ast-hfb-above-header-display":"","ast-hfb-below-header-display":"","ast-hfb-mobile-header-display":"","site-post-title":"","ast-breadcrumbs-content":"","ast-featured-img":"","footer-sml-layout":"","theme-transparent-header-meta":"","adv-header-id-meta":"","stick-header-meta":"","header-above-stick-meta":"","header-main-stick-meta":"","header-below-stick-meta":"","astra-migrate-meta-layouts":"default","ast-page-background-enabled":"default","ast-page-background-meta":{"desktop":{"background-color":"var(--ast-global-color-4)","background-image":"","background-repeat":"repeat","background-position":"center center","background-size":"auto","background-attachment":"scroll","background-type":"","background-media":"","overlay-type":"","overlay-color":"","overlay-opacity":"","overlay-gradient":""},"tablet":{"background-color":"","background-image":"","background-repeat":"repeat","background-position":"center center","background-size":"auto","background-attachment":"scroll","background-type":"","background-media":"","overlay-type":"","overlay-color":"","overlay-opacity":"","overlay-gradient":""},"mobile":{"background-color":"","background-image":"","background-repeat":"repeat","background-position":"center center","background-size":"auto","background-attachment":"scroll","background-type":"","background-media":"","overlay-type":"","overlay-color":"","overlay-opacity":"","overlay-gradient":""}},"ast-content-background-meta":{"desktop":{"background-color":"var(--ast-global-color-5)","background-image":"","background-repeat":"repeat","background-position":"center center","background-size":"auto","background-attachment":"scroll","background-type":"","background-media":"","overlay-type":"","overlay-color":"","overlay-opacity":"","overlay-gradient":""},"tablet":{"background-color":"var(--ast-global-color-5)","background-image":"","background-repeat":"repeat","background-position":"center center","background-size":"auto","background-attachment":"scroll","background-type":"","background-media":"","overlay-type":"","overlay-color":"","overlay-opacity":"","overlay-gradient":""},"mobile":{"background-color":"var(--ast-global-color-5)","background-image":"","background-repeat":"repeat","background-position":"center center","background-size":"auto","background-attachment":"scroll","background-type":"","background-media":"","overlay-type":"","overlay-color":"","overlay-opacity":"","overlay-gradient":""}},"footnotes":""},"categories":[14,15,4,5],"tags":[495,429,496,497],"class_list":["post-22273","post","type-post","status-publish","format-standard","hentry","category-5e","category-6e","category-portada","category-primaria","tag-erasmus","tag-inclusio","tag-ka120","tag-tapsei"],"post_mailing_queue_ids":[],"_links":{"self":[{"href":"https:\/\/agora.xtec.cat\/escalmacelles\/wp-json\/wp\/v2\/posts\/22273","targetHints":{"allow":["GET"]}}],"collection":[{"href":"https:\/\/agora.xtec.cat\/escalmacelles\/wp-json\/wp\/v2\/posts"}],"about":[{"href":"https:\/\/agora.xtec.cat\/escalmacelles\/wp-json\/wp\/v2\/types\/post"}],"author":[{"embeddable":true,"href":"https:\/\/agora.xtec.cat\/escalmacelles\/wp-json\/wp\/v2\/users\/23"}],"replies":[{"embeddable":true,"href":"https:\/\/agora.xtec.cat\/escalmacelles\/wp-json\/wp\/v2\/comments?post=22273"}],"version-history":[{"count":3,"href":"https:\/\/agora.xtec.cat\/escalmacelles\/wp-json\/wp\/v2\/posts\/22273\/revisions"}],"predecessor-version":[{"id":22277,"href":"https:\/\/agora.xtec.cat\/escalmacelles\/wp-json\/wp\/v2\/posts\/22273\/revisions\/22277"}],"wp:attachment":[{"href":"https:\/\/agora.xtec.cat\/escalmacelles\/wp-json\/wp\/v2\/media?parent=22273"}],"wp:term":[{"taxonomy":"category","embeddable":true,"href":"https:\/\/agora.xtec.cat\/escalmacelles\/wp-json\/wp\/v2\/categories?post=22273"},{"taxonomy":"post_tag","embeddable":true,"href":"https:\/\/agora.xtec.cat\/escalmacelles\/wp-json\/wp\/v2\/tags?post=22273"}],"curies":[{"name":"wp","href":"https:\/\/api.w.org\/{rel}","templated":true}]}}