{"id":22157,"date":"2023-01-27T09:59:40","date_gmt":"2023-01-27T08:59:40","guid":{"rendered":"https:\/\/agora.xtec.cat\/escalmacelles\/?p=22157"},"modified":"2023-01-27T09:59:40","modified_gmt":"2023-01-27T08:59:40","slug":"inauguracio-de-la-biblioteca-deducacio-infantil","status":"publish","type":"post","link":"https:\/\/agora.xtec.cat\/escalmacelles\/infantil\/inauguracio-de-la-biblioteca-deducacio-infantil\/","title":{"rendered":"Inauguraci\u00f3 de la Biblioteca d&#8217;Educaci\u00f3 Infantil"},"content":{"rendered":"<p>Ahir, aprofitant les tardes d&#8217;Espai Familiar, vam inaugurar la<strong> reobertura de la Biblioteca d&#8217;Educaci\u00f3 Infantil<\/strong>.<\/p>\n<p>Per fi podrem gaudir, fam\u00edlies i infants, d&#8217;aquest espai totalment renovat, equipat pedag\u00f2gicament i amb nou mobiliari. A la nostra escola donem molta import\u00e0ncia a l&#8217;aprenentatge significatiu de la lectoescriptura, pensem que la comprensi\u00f3 lectora \u00e9s un pilar fonamental en l&#8217;adquisici\u00f3 de la resta de compet\u00e8ncies.<\/p>\n<p>Ens fa molta il\u00b7lusi\u00f3 poder compartir estones de qualitat i lectures a la nova estan\u00e7a que hem habilitat, acollidora i plena de m\u00e0gia!<\/p>\n<p>Durant la inauguraci\u00f3, hem escoltat un conta contes a c\u00e0rrec de l&#8217;empresa OLDIMAR (la qual gestiona tamb\u00e9 l&#8217;espai familiar).<\/p>\n<p style=\"text-align: center;\"><strong><em>Podeu accedir a la galeria d&#8217;imatges clicant a sobre de la seg\u00fcent fotografia.<\/em><\/strong><\/p>\n<p><a href=\"https:\/\/photos.app.goo.gl\/wuByPe7pJEP9HNhZ6\"><img loading=\"lazy\" decoding=\"async\" class=\"alignnone size-full wp-image-22158\" src=\"https:\/\/agora.xtec.cat\/escalmacelles\/wp-content\/uploads\/usu1902\/2023\/01\/biblio-ei.jpg\" alt=\"\" width=\"1024\" height=\"460\" srcset=\"https:\/\/agora.xtec.cat\/escalmacelles\/wp-content\/uploads\/usu1902\/2023\/01\/biblio-ei.jpg 1024w, https:\/\/agora.xtec.cat\/escalmacelles\/wp-content\/uploads\/usu1902\/2023\/01\/biblio-ei-300x135.jpg 300w, https:\/\/agora.xtec.cat\/escalmacelles\/wp-content\/uploads\/usu1902\/2023\/01\/biblio-ei-768x345.jpg 768w\" sizes=\"auto, (max-width: 1024px) 100vw, 1024px\" \/><\/a><\/p>\n","protected":false},"excerpt":{"rendered":"<p>Ahir, aprofitant les tardes d&#8217;Espai Familiar, vam inaugurar la reobertura de la Biblioteca d&#8217;Educaci\u00f3 Infantil. Per fi podrem gaudir, fam\u00edlies i infants, d&#8217;aquest espai totalment renovat, equipat pedag\u00f2gicament i amb nou mobiliari. A la nostra escola donem molta import\u00e0ncia a l&#8217;aprenentatge significatiu de la lectoescriptura, pensem que la comprensi\u00f3 lectora \u00e9s un pilar fonamental en [&hellip;]<\/p>\n","protected":false},"author":13,"featured_media":0,"comment_status":"open","ping_status":"closed","sticky":false,"template":"","format":"standard","meta":{"_bbp_topic_count":0,"_bbp_reply_count":0,"_bbp_total_topic_count":0,"_bbp_total_reply_count":0,"_bbp_voice_count":0,"_bbp_anonymous_reply_count":0,"_bbp_topic_count_hidden":0,"_bbp_reply_count_hidden":0,"_bbp_forum_subforum_count":0,"site-sidebar-layout":"default","site-content-layout":"","ast-site-content-layout":"","site-content-style":"default","site-sidebar-style":"default","ast-global-header-display":"","ast-banner-title-visibility":"","ast-main-header-display":"","ast-hfb-above-header-display":"","ast-hfb-below-header-display":"","ast-hfb-mobile-header-display":"","site-post-title":"","ast-breadcrumbs-content":"","ast-featured-img":"","footer-sml-layout":"","theme-transparent-header-meta":"","adv-header-id-meta":"","stick-header-meta":"","header-above-stick-meta":"","header-main-stick-meta":"","header-below-stick-meta":"","astra-migrate-meta-layouts":"default","ast-page-background-enabled":"default","ast-page-background-meta":{"desktop":{"background-color":"var(--ast-global-color-4)","background-image":"","background-repeat":"repeat","background-position":"center center","background-size":"auto","background-attachment":"scroll","background-type":"","background-media":"","overlay-type":"","overlay-color":"","overlay-opacity":"","overlay-gradient":""},"tablet":{"background-color":"","background-image":"","background-repeat":"repeat","background-position":"center center","background-size":"auto","background-attachment":"scroll","background-type":"","background-media":"","overlay-type":"","overlay-color":"","overlay-opacity":"","overlay-gradient":""},"mobile":{"background-color":"","background-image":"","background-repeat":"repeat","background-position":"center center","background-size":"auto","background-attachment":"scroll","background-type":"","background-media":"","overlay-type":"","overlay-color":"","overlay-opacity":"","overlay-gradient":""}},"ast-content-background-meta":{"desktop":{"background-color":"var(--ast-global-color-5)","background-image":"","background-repeat":"repeat","background-position":"center center","background-size":"auto","background-attachment":"scroll","background-type":"","background-media":"","overlay-type":"","overlay-color":"","overlay-opacity":"","overlay-gradient":""},"tablet":{"background-color":"var(--ast-global-color-5)","background-image":"","background-repeat":"repeat","background-position":"center center","background-size":"auto","background-attachment":"scroll","background-type":"","background-media":"","overlay-type":"","overlay-color":"","overlay-opacity":"","overlay-gradient":""},"mobile":{"background-color":"var(--ast-global-color-5)","background-image":"","background-repeat":"repeat","background-position":"center center","background-size":"auto","background-attachment":"scroll","background-type":"","background-media":"","overlay-type":"","overlay-color":"","overlay-opacity":"","overlay-gradient":""}},"footnotes":""},"categories":[10,11,12,13,14,15,93,94,95,66,3,8,9,2,4,5],"tags":[97,481,101,140,463,443,483,482,98,100,479,480],"class_list":["post-22157","post","type-post","status-publish","format-standard","hentry","category-1r","category-2n","category-3r","category-4t","category-5e","category-6e","category-biblioteca","category-biblioteca-infantil","category-biblioteca-primaria","category-espai-pares","category-p3","category-p4","category-p5","category-infantil","category-portada","category-primaria","tag-biblioteca","tag-contacontes","tag-contes","tag-educacioinfantil","tag-espaifamiliar","tag-families","tag-inauguracio","tag-lectoescriptura","tag-lectura","tag-literatura","tag-renovaciodespais","tag-reobertura"],"post_mailing_queue_ids":[],"_links":{"self":[{"href":"https:\/\/agora.xtec.cat\/escalmacelles\/wp-json\/wp\/v2\/posts\/22157","targetHints":{"allow":["GET"]}}],"collection":[{"href":"https:\/\/agora.xtec.cat\/escalmacelles\/wp-json\/wp\/v2\/posts"}],"about":[{"href":"https:\/\/agora.xtec.cat\/escalmacelles\/wp-json\/wp\/v2\/types\/post"}],"author":[{"embeddable":true,"href":"https:\/\/agora.xtec.cat\/escalmacelles\/wp-json\/wp\/v2\/users\/13"}],"replies":[{"embeddable":true,"href":"https:\/\/agora.xtec.cat\/escalmacelles\/wp-json\/wp\/v2\/comments?post=22157"}],"version-history":[{"count":1,"href":"https:\/\/agora.xtec.cat\/escalmacelles\/wp-json\/wp\/v2\/posts\/22157\/revisions"}],"predecessor-version":[{"id":22159,"href":"https:\/\/agora.xtec.cat\/escalmacelles\/wp-json\/wp\/v2\/posts\/22157\/revisions\/22159"}],"wp:attachment":[{"href":"https:\/\/agora.xtec.cat\/escalmacelles\/wp-json\/wp\/v2\/media?parent=22157"}],"wp:term":[{"taxonomy":"category","embeddable":true,"href":"https:\/\/agora.xtec.cat\/escalmacelles\/wp-json\/wp\/v2\/categories?post=22157"},{"taxonomy":"post_tag","embeddable":true,"href":"https:\/\/agora.xtec.cat\/escalmacelles\/wp-json\/wp\/v2\/tags?post=22157"}],"curies":[{"name":"wp","href":"https:\/\/api.w.org\/{rel}","templated":true}]}}