{"id":22107,"date":"2023-01-13T09:33:50","date_gmt":"2023-01-13T08:33:50","guid":{"rendered":"https:\/\/agora.xtec.cat\/escalmacelles\/?p=22107"},"modified":"2023-01-13T09:33:50","modified_gmt":"2023-01-13T08:33:50","slug":"inici-activitats-proa","status":"publish","type":"post","link":"https:\/\/agora.xtec.cat\/escalmacelles\/infantil\/inici-activitats-proa\/","title":{"rendered":"Inici activitats PROA+"},"content":{"rendered":"<p>Ahir, dijous, vam iniciar les <strong>activitats finan\u00e7ades pel programa PROA+<\/strong>.<\/p>\n<p>L&#8217;<strong>estudi assistit<\/strong> del migdia va ser tot un \u00e8xit i va aplegar m\u00e9s de 22 alumnes des de 3r fins a 6\u00e8. Van comen\u00e7ar la sessi\u00f3 amb una din\u00e0mica de coneixement a l&#8217;\u00e0gora (situada al pati de prim\u00e0ria). Despr\u00e9s, van seguir amb tasques de refor\u00e7 dinamitzades i explicades pel Dani i la Maria, els monitors.<\/p>\n<p>Tot seguit, vam acollir a m\u00e9s de 22 familiars al <strong>curs d&#8217;alfabetitzaci\u00f3 de catal\u00e0<\/strong>, a l&#8217;edifici del Tossal. Gr\u00e0cies a totes les fam\u00edlies que han confiat en aquesta proposta.<\/p>\n<p>Finalment, vam acabar amb l&#8217;<strong>espai familiar<\/strong>, al vest\u00edbul d&#8217;educaci\u00f3 Infantil, amb 9 fam\u00edlies i els seus infants. L&#8217;estona va passar volant amb din\u00e0miques de coneixement i jocs de taula en fam\u00edlia!<\/p>\n<p><strong>Gr\u00e0cies a totes les fam\u00edlies i alumnat<\/strong> per la bona rebuda d&#8217;aquestes propostes per millorar el nivell acad\u00e8mic del nostre alumnat i la cohesi\u00f3 fam\u00edlia &#8211; escola.<\/p>\n<p><a href=\"https:\/\/agora.xtec.cat\/escalmacelles\/wp-content\/uploads\/usu1902\/2023\/01\/logo-PROA.jpg\"><img loading=\"lazy\" decoding=\"async\" class=\"alignnone size-full wp-image-22108\" src=\"https:\/\/agora.xtec.cat\/escalmacelles\/wp-content\/uploads\/usu1902\/2023\/01\/logo-PROA.jpg\" alt=\"\" width=\"1024\" height=\"570\" srcset=\"https:\/\/agora.xtec.cat\/escalmacelles\/wp-content\/uploads\/usu1902\/2023\/01\/logo-PROA.jpg 1024w, https:\/\/agora.xtec.cat\/escalmacelles\/wp-content\/uploads\/usu1902\/2023\/01\/logo-PROA-300x167.jpg 300w, https:\/\/agora.xtec.cat\/escalmacelles\/wp-content\/uploads\/usu1902\/2023\/01\/logo-PROA-768x428.jpg 768w\" sizes=\"auto, (max-width: 1024px) 100vw, 1024px\" \/><\/a><\/p>\n<p style=\"text-align: center;\"><em><strong>Si cliqueu a sobre de la imatge podreu accedir a l&#8217;\u00e0lbum de les activitats.<\/strong><\/em><\/p>\n<p><a href=\"https:\/\/photos.app.goo.gl\/YvTQo1A5Mnn5wuDr9\"><img loading=\"lazy\" decoding=\"async\" class=\"alignnone size-full wp-image-22109\" src=\"https:\/\/agora.xtec.cat\/escalmacelles\/wp-content\/uploads\/usu1902\/2023\/01\/espaifamiliar.jpg\" alt=\"\" width=\"1024\" height=\"460\" srcset=\"https:\/\/agora.xtec.cat\/escalmacelles\/wp-content\/uploads\/usu1902\/2023\/01\/espaifamiliar.jpg 1024w, https:\/\/agora.xtec.cat\/escalmacelles\/wp-content\/uploads\/usu1902\/2023\/01\/espaifamiliar-300x135.jpg 300w, https:\/\/agora.xtec.cat\/escalmacelles\/wp-content\/uploads\/usu1902\/2023\/01\/espaifamiliar-768x345.jpg 768w\" sizes=\"auto, (max-width: 1024px) 100vw, 1024px\" \/><\/a><\/p>\n<p style=\"text-align: left;\"><em><strong>\u00a0<\/strong><\/em><\/p>\n","protected":false},"excerpt":{"rendered":"<p>Ahir, dijous, vam iniciar les activitats finan\u00e7ades pel programa PROA+. L&#8217;estudi assistit del migdia va ser tot un \u00e8xit i va aplegar m\u00e9s de 22 alumnes des de 3r fins a 6\u00e8. Van comen\u00e7ar la sessi\u00f3 amb una din\u00e0mica de coneixement a l&#8217;\u00e0gora (situada al pati de prim\u00e0ria). Despr\u00e9s, van seguir amb tasques de refor\u00e7 [&hellip;]<\/p>\n","protected":false},"author":13,"featured_media":0,"comment_status":"open","ping_status":"closed","sticky":false,"template":"","format":"standard","meta":{"_bbp_topic_count":0,"_bbp_reply_count":0,"_bbp_total_topic_count":0,"_bbp_total_reply_count":0,"_bbp_voice_count":0,"_bbp_anonymous_reply_count":0,"_bbp_topic_count_hidden":0,"_bbp_reply_count_hidden":0,"_bbp_forum_subforum_count":0,"site-sidebar-layout":"default","site-content-layout":"","ast-site-content-layout":"","site-content-style":"default","site-sidebar-style":"default","ast-global-header-display":"","ast-banner-title-visibility":"","ast-main-header-display":"","ast-hfb-above-header-display":"","ast-hfb-below-header-display":"","ast-hfb-mobile-header-display":"","site-post-title":"","ast-breadcrumbs-content":"","ast-featured-img":"","footer-sml-layout":"","theme-transparent-header-meta":"","adv-header-id-meta":"","stick-header-meta":"","header-above-stick-meta":"","header-main-stick-meta":"","header-below-stick-meta":"","astra-migrate-meta-layouts":"default","ast-page-background-enabled":"default","ast-page-background-meta":{"desktop":{"background-color":"var(--ast-global-color-4)","background-image":"","background-repeat":"repeat","background-position":"center center","background-size":"auto","background-attachment":"scroll","background-type":"","background-media":"","overlay-type":"","overlay-color":"","overlay-opacity":"","overlay-gradient":""},"tablet":{"background-color":"","background-image":"","background-repeat":"repeat","background-position":"center center","background-size":"auto","background-attachment":"scroll","background-type":"","background-media":"","overlay-type":"","overlay-color":"","overlay-opacity":"","overlay-gradient":""},"mobile":{"background-color":"","background-image":"","background-repeat":"repeat","background-position":"center center","background-size":"auto","background-attachment":"scroll","background-type":"","background-media":"","overlay-type":"","overlay-color":"","overlay-opacity":"","overlay-gradient":""}},"ast-content-background-meta":{"desktop":{"background-color":"var(--ast-global-color-5)","background-image":"","background-repeat":"repeat","background-position":"center center","background-size":"auto","background-attachment":"scroll","background-type":"","background-media":"","overlay-type":"","overlay-color":"","overlay-opacity":"","overlay-gradient":""},"tablet":{"background-color":"var(--ast-global-color-5)","background-image":"","background-repeat":"repeat","background-position":"center center","background-size":"auto","background-attachment":"scroll","background-type":"","background-media":"","overlay-type":"","overlay-color":"","overlay-opacity":"","overlay-gradient":""},"mobile":{"background-color":"var(--ast-global-color-5)","background-image":"","background-repeat":"repeat","background-position":"center center","background-size":"auto","background-attachment":"scroll","background-type":"","background-media":"","overlay-type":"","overlay-color":"","overlay-opacity":"","overlay-gradient":""}},"footnotes":""},"categories":[10,11,12,13,14,15,7,66,3,8,9,2,4,5],"tags":[465,186,446,140,340,463,464,466,452],"class_list":["post-22107","post","type-post","status-publish","format-standard","hentry","category-1r","category-2n","category-3r","category-4t","category-5e","category-6e","category-ampa","category-espai-pares","category-p3","category-p4","category-p5","category-infantil","category-portada","category-primaria","tag-alfabetitzacio","tag-cohesio","tag-comunitateducativa","tag-educacioinfantil","tag-educacioprimaria","tag-espaifamiliar","tag-estudiassistit","tag-familiesiescola","tag-proa"],"post_mailing_queue_ids":[],"_links":{"self":[{"href":"https:\/\/agora.xtec.cat\/escalmacelles\/wp-json\/wp\/v2\/posts\/22107","targetHints":{"allow":["GET"]}}],"collection":[{"href":"https:\/\/agora.xtec.cat\/escalmacelles\/wp-json\/wp\/v2\/posts"}],"about":[{"href":"https:\/\/agora.xtec.cat\/escalmacelles\/wp-json\/wp\/v2\/types\/post"}],"author":[{"embeddable":true,"href":"https:\/\/agora.xtec.cat\/escalmacelles\/wp-json\/wp\/v2\/users\/13"}],"replies":[{"embeddable":true,"href":"https:\/\/agora.xtec.cat\/escalmacelles\/wp-json\/wp\/v2\/comments?post=22107"}],"version-history":[{"count":1,"href":"https:\/\/agora.xtec.cat\/escalmacelles\/wp-json\/wp\/v2\/posts\/22107\/revisions"}],"predecessor-version":[{"id":22110,"href":"https:\/\/agora.xtec.cat\/escalmacelles\/wp-json\/wp\/v2\/posts\/22107\/revisions\/22110"}],"wp:attachment":[{"href":"https:\/\/agora.xtec.cat\/escalmacelles\/wp-json\/wp\/v2\/media?parent=22107"}],"wp:term":[{"taxonomy":"category","embeddable":true,"href":"https:\/\/agora.xtec.cat\/escalmacelles\/wp-json\/wp\/v2\/categories?post=22107"},{"taxonomy":"post_tag","embeddable":true,"href":"https:\/\/agora.xtec.cat\/escalmacelles\/wp-json\/wp\/v2\/tags?post=22107"}],"curies":[{"name":"wp","href":"https:\/\/api.w.org\/{rel}","templated":true}]}}