{"id":22079,"date":"2022-12-21T20:34:58","date_gmt":"2022-12-21T19:34:58","guid":{"rendered":"https:\/\/agora.xtec.cat\/escalmacelles\/?p=22079"},"modified":"2023-01-15T15:20:28","modified_gmt":"2023-01-15T14:20:28","slug":"festival-dhivern-nadal-2022","status":"publish","type":"post","link":"https:\/\/agora.xtec.cat\/escalmacelles\/infantil\/festival-dhivern-nadal-2022\/","title":{"rendered":"FESTIVAL D&#8217;HIVERN. NADAL 2022"},"content":{"rendered":"<p>Avui, despr\u00e9s de dos anys sense poder celebrar el <strong>festival d&#8217;hivern<\/strong> degut a la situaci\u00f3 de pand\u00e8mia, hem pogut gaudir-lo al m\u00e0xim! Ha estat un mat\u00ed ple de m\u00e0gia i conviv\u00e8ncia entre tot l&#8217;alumnat de l&#8217;escola i les nostres fam\u00edlies.<\/p>\n<p>Hem cantat, ballat, aplaudit i escoltat tot el repertori que ja fa dies que preparem amb molta il\u00b7lusi\u00f3 i ganes.<\/p>\n<p>Moltes gr\u00e0cies a tothom per fer-ho possible, en especial als i les nostres artistes!<\/p>\n<p style=\"text-align: center;\"><strong><em>Si cliqueu al damunt de la imatge podreu accedir a la galeria.<\/em><\/strong><\/p>\n<p><a href=\"https:\/\/photos.app.goo.gl\/6tiYikt6uZKkyA1t9\"><img loading=\"lazy\" decoding=\"async\" class=\"alignnone size-full wp-image-22080\" src=\"https:\/\/agora.xtec.cat\/escalmacelles\/wp-content\/uploads\/usu1902\/2022\/12\/festival.jpg\" alt=\"\" width=\"1024\" height=\"460\" srcset=\"https:\/\/agora.xtec.cat\/escalmacelles\/wp-content\/uploads\/usu1902\/2022\/12\/festival.jpg 1024w, https:\/\/agora.xtec.cat\/escalmacelles\/wp-content\/uploads\/usu1902\/2022\/12\/festival-300x135.jpg 300w, https:\/\/agora.xtec.cat\/escalmacelles\/wp-content\/uploads\/usu1902\/2022\/12\/festival-768x345.jpg 768w\" sizes=\"auto, (max-width: 1024px) 100vw, 1024px\" \/><\/a><\/p>\n<p><a href=\"https:\/\/photos.app.goo.gl\/hsuYK82rVCQmpSgd8\">I clicant AQU\u00cd podeu accedir als v\u00eddeos.<\/a><\/p>\n","protected":false},"excerpt":{"rendered":"<p>Avui, despr\u00e9s de dos anys sense poder celebrar el festival d&#8217;hivern degut a la situaci\u00f3 de pand\u00e8mia, hem pogut gaudir-lo al m\u00e0xim! Ha estat un mat\u00ed ple de m\u00e0gia i conviv\u00e8ncia entre tot l&#8217;alumnat de l&#8217;escola i les nostres fam\u00edlies. Hem cantat, ballat, aplaudit i escoltat tot el repertori que ja fa dies que preparem [&hellip;]<\/p>\n","protected":false},"author":13,"featured_media":0,"comment_status":"open","ping_status":"closed","sticky":false,"template":"","format":"standard","meta":{"_bbp_topic_count":0,"_bbp_reply_count":0,"_bbp_total_topic_count":0,"_bbp_total_reply_count":0,"_bbp_voice_count":0,"_bbp_anonymous_reply_count":0,"_bbp_topic_count_hidden":0,"_bbp_reply_count_hidden":0,"_bbp_forum_subforum_count":0,"site-sidebar-layout":"default","site-content-layout":"","ast-site-content-layout":"","site-content-style":"default","site-sidebar-style":"default","ast-global-header-display":"","ast-banner-title-visibility":"","ast-main-header-display":"","ast-hfb-above-header-display":"","ast-hfb-below-header-display":"","ast-hfb-mobile-header-display":"","site-post-title":"","ast-breadcrumbs-content":"","ast-featured-img":"","footer-sml-layout":"","theme-transparent-header-meta":"","adv-header-id-meta":"","stick-header-meta":"","header-above-stick-meta":"","header-main-stick-meta":"","header-below-stick-meta":"","astra-migrate-meta-layouts":"default","ast-page-background-enabled":"default","ast-page-background-meta":{"desktop":{"background-color":"var(--ast-global-color-4)","background-image":"","background-repeat":"repeat","background-position":"center center","background-size":"auto","background-attachment":"scroll","background-type":"","background-media":"","overlay-type":"","overlay-color":"","overlay-opacity":"","overlay-gradient":""},"tablet":{"background-color":"","background-image":"","background-repeat":"repeat","background-position":"center center","background-size":"auto","background-attachment":"scroll","background-type":"","background-media":"","overlay-type":"","overlay-color":"","overlay-opacity":"","overlay-gradient":""},"mobile":{"background-color":"","background-image":"","background-repeat":"repeat","background-position":"center center","background-size":"auto","background-attachment":"scroll","background-type":"","background-media":"","overlay-type":"","overlay-color":"","overlay-opacity":"","overlay-gradient":""}},"ast-content-background-meta":{"desktop":{"background-color":"var(--ast-global-color-5)","background-image":"","background-repeat":"repeat","background-position":"center center","background-size":"auto","background-attachment":"scroll","background-type":"","background-media":"","overlay-type":"","overlay-color":"","overlay-opacity":"","overlay-gradient":""},"tablet":{"background-color":"var(--ast-global-color-5)","background-image":"","background-repeat":"repeat","background-position":"center center","background-size":"auto","background-attachment":"scroll","background-type":"","background-media":"","overlay-type":"","overlay-color":"","overlay-opacity":"","overlay-gradient":""},"mobile":{"background-color":"var(--ast-global-color-5)","background-image":"","background-repeat":"repeat","background-position":"center center","background-size":"auto","background-attachment":"scroll","background-type":"","background-media":"","overlay-type":"","overlay-color":"","overlay-opacity":"","overlay-gradient":""}},"footnotes":""},"categories":[10,11,12,13,14,15,7,66,3,8,9,2,4,5],"tags":[459,214,163,140,340,447,443,457,458,460],"class_list":["post-22079","post","type-post","status-publish","format-standard","hentry","category-1r","category-2n","category-3r","category-4t","category-5e","category-6e","category-ampa","category-espai-pares","category-p3","category-p4","category-p5","category-infantil","category-portada","category-primaria","tag-alumnat","tag-ampa","tag-convivencia","tag-educacioinfantil","tag-educacioprimaria","tag-escolaantoniasimoiarno","tag-families","tag-festivalhivern","tag-nadal2022","tag-salapolivalent"],"post_mailing_queue_ids":[],"_links":{"self":[{"href":"https:\/\/agora.xtec.cat\/escalmacelles\/wp-json\/wp\/v2\/posts\/22079","targetHints":{"allow":["GET"]}}],"collection":[{"href":"https:\/\/agora.xtec.cat\/escalmacelles\/wp-json\/wp\/v2\/posts"}],"about":[{"href":"https:\/\/agora.xtec.cat\/escalmacelles\/wp-json\/wp\/v2\/types\/post"}],"author":[{"embeddable":true,"href":"https:\/\/agora.xtec.cat\/escalmacelles\/wp-json\/wp\/v2\/users\/13"}],"replies":[{"embeddable":true,"href":"https:\/\/agora.xtec.cat\/escalmacelles\/wp-json\/wp\/v2\/comments?post=22079"}],"version-history":[{"count":2,"href":"https:\/\/agora.xtec.cat\/escalmacelles\/wp-json\/wp\/v2\/posts\/22079\/revisions"}],"predecessor-version":[{"id":22111,"href":"https:\/\/agora.xtec.cat\/escalmacelles\/wp-json\/wp\/v2\/posts\/22079\/revisions\/22111"}],"wp:attachment":[{"href":"https:\/\/agora.xtec.cat\/escalmacelles\/wp-json\/wp\/v2\/media?parent=22079"}],"wp:term":[{"taxonomy":"category","embeddable":true,"href":"https:\/\/agora.xtec.cat\/escalmacelles\/wp-json\/wp\/v2\/categories?post=22079"},{"taxonomy":"post_tag","embeddable":true,"href":"https:\/\/agora.xtec.cat\/escalmacelles\/wp-json\/wp\/v2\/tags?post=22079"}],"curies":[{"name":"wp","href":"https:\/\/api.w.org\/{rel}","templated":true}]}}