{"id":22069,"date":"2022-12-20T12:22:13","date_gmt":"2022-12-20T11:22:13","guid":{"rendered":"https:\/\/agora.xtec.cat\/escalmacelles\/?p=22069"},"modified":"2022-12-20T12:22:13","modified_gmt":"2022-12-20T11:22:13","slug":"transformacio-de-patis","status":"publish","type":"post","link":"https:\/\/agora.xtec.cat\/escalmacelles\/infantil\/transformacio-de-patis\/","title":{"rendered":"Transformaci\u00f3 de patis"},"content":{"rendered":"<p>Ja hem comen\u00e7at amb les obres d&#8217;instal\u00b7laci\u00f3 dels elements nous del pati d&#8217;Educaci\u00f3 Prim\u00e0ria i Educaci\u00f3 Infantil. Ben aviat veureu els resultats&#8230;<\/p>\n<p>La despesa d&#8217;aquest projecte de transformaci\u00f3 de patis s&#8217;inclou dins del PROA+, del qual el nostre centre \u00e9s part\u00edcip.<\/p>\n<p style=\"text-align: center;\"><strong><em>Una petita mostra dels inicis del muntatge (si cliqueu a sobre de la foto podreu accedir a la galeria).<\/em><\/strong><\/p>\n<p><a href=\"https:\/\/photos.app.goo.gl\/hV5NyJ3w9etu4BHs5\"><img loading=\"lazy\" decoding=\"async\" class=\"alignnone size-full wp-image-22070\" src=\"https:\/\/agora.xtec.cat\/escalmacelles\/wp-content\/uploads\/usu1902\/2022\/12\/patis.jpg\" alt=\"\" width=\"1024\" height=\"460\" srcset=\"https:\/\/agora.xtec.cat\/escalmacelles\/wp-content\/uploads\/usu1902\/2022\/12\/patis.jpg 1024w, https:\/\/agora.xtec.cat\/escalmacelles\/wp-content\/uploads\/usu1902\/2022\/12\/patis-300x135.jpg 300w, https:\/\/agora.xtec.cat\/escalmacelles\/wp-content\/uploads\/usu1902\/2022\/12\/patis-768x345.jpg 768w\" sizes=\"auto, (max-width: 1024px) 100vw, 1024px\" \/><\/a><\/p>\n","protected":false},"excerpt":{"rendered":"<p>Ja hem comen\u00e7at amb les obres d&#8217;instal\u00b7laci\u00f3 dels elements nous del pati d&#8217;Educaci\u00f3 Prim\u00e0ria i Educaci\u00f3 Infantil. Ben aviat veureu els resultats&#8230; La despesa d&#8217;aquest projecte de transformaci\u00f3 de patis s&#8217;inclou dins del PROA+, del qual el nostre centre \u00e9s part\u00edcip. Una petita mostra dels inicis del muntatge (si cliqueu a sobre de la foto [&hellip;]<\/p>\n","protected":false},"author":13,"featured_media":0,"comment_status":"open","ping_status":"closed","sticky":false,"template":"","format":"standard","meta":{"_bbp_topic_count":0,"_bbp_reply_count":0,"_bbp_total_topic_count":0,"_bbp_total_reply_count":0,"_bbp_voice_count":0,"_bbp_anonymous_reply_count":0,"_bbp_topic_count_hidden":0,"_bbp_reply_count_hidden":0,"_bbp_forum_subforum_count":0,"site-sidebar-layout":"default","site-content-layout":"","ast-site-content-layout":"","site-content-style":"default","site-sidebar-style":"default","ast-global-header-display":"","ast-banner-title-visibility":"","ast-main-header-display":"","ast-hfb-above-header-display":"","ast-hfb-below-header-display":"","ast-hfb-mobile-header-display":"","site-post-title":"","ast-breadcrumbs-content":"","ast-featured-img":"","footer-sml-layout":"","theme-transparent-header-meta":"","adv-header-id-meta":"","stick-header-meta":"","header-above-stick-meta":"","header-main-stick-meta":"","header-below-stick-meta":"","astra-migrate-meta-layouts":"default","ast-page-background-enabled":"default","ast-page-background-meta":{"desktop":{"background-color":"var(--ast-global-color-4)","background-image":"","background-repeat":"repeat","background-position":"center center","background-size":"auto","background-attachment":"scroll","background-type":"","background-media":"","overlay-type":"","overlay-color":"","overlay-opacity":"","overlay-gradient":""},"tablet":{"background-color":"","background-image":"","background-repeat":"repeat","background-position":"center center","background-size":"auto","background-attachment":"scroll","background-type":"","background-media":"","overlay-type":"","overlay-color":"","overlay-opacity":"","overlay-gradient":""},"mobile":{"background-color":"","background-image":"","background-repeat":"repeat","background-position":"center center","background-size":"auto","background-attachment":"scroll","background-type":"","background-media":"","overlay-type":"","overlay-color":"","overlay-opacity":"","overlay-gradient":""}},"ast-content-background-meta":{"desktop":{"background-color":"var(--ast-global-color-5)","background-image":"","background-repeat":"repeat","background-position":"center center","background-size":"auto","background-attachment":"scroll","background-type":"","background-media":"","overlay-type":"","overlay-color":"","overlay-opacity":"","overlay-gradient":""},"tablet":{"background-color":"var(--ast-global-color-5)","background-image":"","background-repeat":"repeat","background-position":"center center","background-size":"auto","background-attachment":"scroll","background-type":"","background-media":"","overlay-type":"","overlay-color":"","overlay-opacity":"","overlay-gradient":""},"mobile":{"background-color":"var(--ast-global-color-5)","background-image":"","background-repeat":"repeat","background-position":"center center","background-size":"auto","background-attachment":"scroll","background-type":"","background-media":"","overlay-type":"","overlay-color":"","overlay-opacity":"","overlay-gradient":""}},"footnotes":""},"categories":[10,11,12,13,14,15,63,3,8,9,2,4,5],"tags":[140,340,130,449,451,72,452,259,450],"class_list":["post-22069","post","type-post","status-publish","format-standard","hentry","category-1r","category-2n","category-3r","category-4t","category-5e","category-6e","category-atencio-a-la-diversitat","category-p3","category-p4","category-p5","category-infantil","category-portada","category-primaria","tag-educacioinfantil","tag-educacioprimaria","tag-infantil","tag-patis","tag-patisactius","tag-primaria","tag-proa","tag-projecte","tag-transformacio"],"post_mailing_queue_ids":[],"_links":{"self":[{"href":"https:\/\/agora.xtec.cat\/escalmacelles\/wp-json\/wp\/v2\/posts\/22069","targetHints":{"allow":["GET"]}}],"collection":[{"href":"https:\/\/agora.xtec.cat\/escalmacelles\/wp-json\/wp\/v2\/posts"}],"about":[{"href":"https:\/\/agora.xtec.cat\/escalmacelles\/wp-json\/wp\/v2\/types\/post"}],"author":[{"embeddable":true,"href":"https:\/\/agora.xtec.cat\/escalmacelles\/wp-json\/wp\/v2\/users\/13"}],"replies":[{"embeddable":true,"href":"https:\/\/agora.xtec.cat\/escalmacelles\/wp-json\/wp\/v2\/comments?post=22069"}],"version-history":[{"count":1,"href":"https:\/\/agora.xtec.cat\/escalmacelles\/wp-json\/wp\/v2\/posts\/22069\/revisions"}],"predecessor-version":[{"id":22071,"href":"https:\/\/agora.xtec.cat\/escalmacelles\/wp-json\/wp\/v2\/posts\/22069\/revisions\/22071"}],"wp:attachment":[{"href":"https:\/\/agora.xtec.cat\/escalmacelles\/wp-json\/wp\/v2\/media?parent=22069"}],"wp:term":[{"taxonomy":"category","embeddable":true,"href":"https:\/\/agora.xtec.cat\/escalmacelles\/wp-json\/wp\/v2\/categories?post=22069"},{"taxonomy":"post_tag","embeddable":true,"href":"https:\/\/agora.xtec.cat\/escalmacelles\/wp-json\/wp\/v2\/tags?post=22069"}],"curies":[{"name":"wp","href":"https:\/\/api.w.org\/{rel}","templated":true}]}}