{"id":22030,"date":"2022-12-15T16:34:21","date_gmt":"2022-12-15T15:34:21","guid":{"rendered":"https:\/\/agora.xtec.cat\/escalmacelles\/?p=22030"},"modified":"2022-12-15T16:34:21","modified_gmt":"2022-12-15T15:34:21","slug":"activitats-de-la-marato-amb-lalumnat-de-lins-canigo","status":"publish","type":"post","link":"https:\/\/agora.xtec.cat\/escalmacelles\/portada\/activitats-de-la-marato-amb-lalumnat-de-lins-canigo\/","title":{"rendered":"Activitats de La Marat\u00f3 amb l&#8217;alumnat de l&#8217;INS Canig\u00f3"},"content":{"rendered":"<p>Aquesta tarda, l&#8217;alumnat de 3r d&#8217;ESO de <strong>l&#8217;INS Canig\u00f3<\/strong>, ha vingut a l&#8217;escola a fer activitats i tallers sobre <strong>La Marat\u00f3<\/strong> amb el nostre alumnat de 3r, 4t, 5\u00e8 i 6\u00e8.<\/p>\n<p>Han estat activitats variades; balls, manualitats, teatre i explicacions amb uns cartells representatius i preciosos del tema de La Marat\u00f3 d&#8217;enguany.<\/p>\n<p>Com a cloenda, hem ballat la can\u00e7\u00f3 de La Marat\u00f3 conjuntament amb tota l&#8217;escola.<\/p>\n<p><strong>Moltes gr\u00e0cies al INS Canig\u00f3, podeu tornar sempre que vulgueu!<\/strong><\/p>\n<p style=\"text-align: center;\"><strong><em>Si cliqueu a sobre de la imatge, podreu accedir a la galeria.<\/em><\/strong><\/p>\n<p><a href=\"https:\/\/photos.app.goo.gl\/xEXM2v2FPhHnCk5q9\"><img loading=\"lazy\" decoding=\"async\" class=\"alignnone size-full wp-image-22031\" src=\"https:\/\/agora.xtec.cat\/escalmacelles\/wp-content\/uploads\/usu1902\/2022\/12\/marato.jpg\" alt=\"\" width=\"1024\" height=\"460\" srcset=\"https:\/\/agora.xtec.cat\/escalmacelles\/wp-content\/uploads\/usu1902\/2022\/12\/marato.jpg 1024w, https:\/\/agora.xtec.cat\/escalmacelles\/wp-content\/uploads\/usu1902\/2022\/12\/marato-300x135.jpg 300w, https:\/\/agora.xtec.cat\/escalmacelles\/wp-content\/uploads\/usu1902\/2022\/12\/marato-768x345.jpg 768w\" sizes=\"auto, (max-width: 1024px) 100vw, 1024px\" \/><\/a><\/p>\n","protected":false},"excerpt":{"rendered":"<p>Aquesta tarda, l&#8217;alumnat de 3r d&#8217;ESO de l&#8217;INS Canig\u00f3, ha vingut a l&#8217;escola a fer activitats i tallers sobre La Marat\u00f3 amb el nostre alumnat de 3r, 4t, 5\u00e8 i 6\u00e8. Han estat activitats variades; balls, manualitats, teatre i explicacions amb uns cartells representatius i preciosos del tema de La Marat\u00f3 d&#8217;enguany. Com a cloenda, [&hellip;]<\/p>\n","protected":false},"author":13,"featured_media":0,"comment_status":"open","ping_status":"closed","sticky":false,"template":"","format":"standard","meta":{"_bbp_topic_count":0,"_bbp_reply_count":0,"_bbp_total_topic_count":0,"_bbp_total_reply_count":0,"_bbp_voice_count":0,"_bbp_anonymous_reply_count":0,"_bbp_topic_count_hidden":0,"_bbp_reply_count_hidden":0,"_bbp_forum_subforum_count":0,"site-sidebar-layout":"default","site-content-layout":"","ast-site-content-layout":"","site-content-style":"default","site-sidebar-style":"default","ast-global-header-display":"","ast-banner-title-visibility":"","ast-main-header-display":"","ast-hfb-above-header-display":"","ast-hfb-below-header-display":"","ast-hfb-mobile-header-display":"","site-post-title":"","ast-breadcrumbs-content":"","ast-featured-img":"","footer-sml-layout":"","theme-transparent-header-meta":"","adv-header-id-meta":"","stick-header-meta":"","header-above-stick-meta":"","header-main-stick-meta":"","header-below-stick-meta":"","astra-migrate-meta-layouts":"default","ast-page-background-enabled":"default","ast-page-background-meta":{"desktop":{"background-color":"var(--ast-global-color-4)","background-image":"","background-repeat":"repeat","background-position":"center center","background-size":"auto","background-attachment":"scroll","background-type":"","background-media":"","overlay-type":"","overlay-color":"","overlay-opacity":"","overlay-gradient":""},"tablet":{"background-color":"","background-image":"","background-repeat":"repeat","background-position":"center center","background-size":"auto","background-attachment":"scroll","background-type":"","background-media":"","overlay-type":"","overlay-color":"","overlay-opacity":"","overlay-gradient":""},"mobile":{"background-color":"","background-image":"","background-repeat":"repeat","background-position":"center center","background-size":"auto","background-attachment":"scroll","background-type":"","background-media":"","overlay-type":"","overlay-color":"","overlay-opacity":"","overlay-gradient":""}},"ast-content-background-meta":{"desktop":{"background-color":"var(--ast-global-color-5)","background-image":"","background-repeat":"repeat","background-position":"center center","background-size":"auto","background-attachment":"scroll","background-type":"","background-media":"","overlay-type":"","overlay-color":"","overlay-opacity":"","overlay-gradient":""},"tablet":{"background-color":"var(--ast-global-color-5)","background-image":"","background-repeat":"repeat","background-position":"center center","background-size":"auto","background-attachment":"scroll","background-type":"","background-media":"","overlay-type":"","overlay-color":"","overlay-opacity":"","overlay-gradient":""},"mobile":{"background-color":"var(--ast-global-color-5)","background-image":"","background-repeat":"repeat","background-position":"center center","background-size":"auto","background-attachment":"scroll","background-type":"","background-media":"","overlay-type":"","overlay-color":"","overlay-opacity":"","overlay-gradient":""}},"footnotes":""},"categories":[10,11,12,13,14,15,4,5],"tags":[128,433,138,139,432,77,143,431,434,430,425],"class_list":["post-22030","post","type-post","status-publish","format-standard","hentry","category-1r","category-2n","category-3r","category-4t","category-5e","category-6e","category-portada","category-primaria","tag-activitats","tag-balls","tag-ciclemitja","tag-ciclesuperior","tag-collaboracio","tag-escola","tag-femxarxa","tag-inscanigo","tag-internivells","tag-lamarato","tag-tallers"],"post_mailing_queue_ids":[],"_links":{"self":[{"href":"https:\/\/agora.xtec.cat\/escalmacelles\/wp-json\/wp\/v2\/posts\/22030","targetHints":{"allow":["GET"]}}],"collection":[{"href":"https:\/\/agora.xtec.cat\/escalmacelles\/wp-json\/wp\/v2\/posts"}],"about":[{"href":"https:\/\/agora.xtec.cat\/escalmacelles\/wp-json\/wp\/v2\/types\/post"}],"author":[{"embeddable":true,"href":"https:\/\/agora.xtec.cat\/escalmacelles\/wp-json\/wp\/v2\/users\/13"}],"replies":[{"embeddable":true,"href":"https:\/\/agora.xtec.cat\/escalmacelles\/wp-json\/wp\/v2\/comments?post=22030"}],"version-history":[{"count":1,"href":"https:\/\/agora.xtec.cat\/escalmacelles\/wp-json\/wp\/v2\/posts\/22030\/revisions"}],"predecessor-version":[{"id":22032,"href":"https:\/\/agora.xtec.cat\/escalmacelles\/wp-json\/wp\/v2\/posts\/22030\/revisions\/22032"}],"wp:attachment":[{"href":"https:\/\/agora.xtec.cat\/escalmacelles\/wp-json\/wp\/v2\/media?parent=22030"}],"wp:term":[{"taxonomy":"category","embeddable":true,"href":"https:\/\/agora.xtec.cat\/escalmacelles\/wp-json\/wp\/v2\/categories?post=22030"},{"taxonomy":"post_tag","embeddable":true,"href":"https:\/\/agora.xtec.cat\/escalmacelles\/wp-json\/wp\/v2\/tags?post=22030"}],"curies":[{"name":"wp","href":"https:\/\/api.w.org\/{rel}","templated":true}]}}