{"id":21996,"date":"2022-11-24T12:37:44","date_gmt":"2022-11-24T11:37:44","guid":{"rendered":"https:\/\/agora.xtec.cat\/escalmacelles\/?p=21996"},"modified":"2022-11-24T12:37:44","modified_gmt":"2022-11-24T11:37:44","slug":"dia-de-la-musica-amb-berta-puigdemasa","status":"publish","type":"post","link":"https:\/\/agora.xtec.cat\/escalmacelles\/infantil\/dia-de-la-musica-amb-berta-puigdemasa\/","title":{"rendered":"Dia de la m\u00fasica amb Berta Puigdemasa."},"content":{"rendered":"<p>El passat <strong>dimarts dia 22 de novembre<\/strong>, v\u00e0rem celebrar Santa Cec\u00edlia, el dia de la m\u00fasica, a la nostra escola.<\/p>\n<p>Enguany vam convidar a la m\u00fasic <strong>Berta Puidemasa<\/strong> i a la seva <strong>arpa<\/strong>, un instrument ben desconegut per a tothom per\u00f2 preci\u00f3s!<\/p>\n<p>La Berta ens va ensenyar moltes coses sobre aquest instrument de corda i vam escoltar com de dol\u00e7a sona l&#8217;arpa.<\/p>\n<p>L&#8217;alumnat d&#8217;Educaci\u00f3 Infantil va fer el taller al vest\u00edbul i l&#8217;alumnat d&#8217;Educaci\u00f3 Prim\u00e0ria va despla\u00e7ar-se fins al cinema del casal per fer el taller.<\/p>\n<p style=\"text-align: center;\"><em>Tot seguit podeu veure la galeria d&#8217;imatges de l&#8217;activitat a Educaci\u00f3 Infantil i a Educaci\u00f3 Prim\u00e0ria clicant a sobre de les imatges.<\/em><\/p>\n<p style=\"text-align: center;\"><em><strong>Educaci\u00f3 Infantil<\/strong><\/em><\/p>\n<p><a href=\"https:\/\/photos.app.goo.gl\/Am8dmHbU6zDVsnJDA\"><img loading=\"lazy\" decoding=\"async\" class=\"alignnone size-full wp-image-21997\" src=\"https:\/\/agora.xtec.cat\/escalmacelles\/wp-content\/uploads\/usu1902\/2022\/11\/berta-infantil.jpg\" alt=\"\" width=\"1024\" height=\"766\" srcset=\"https:\/\/agora.xtec.cat\/escalmacelles\/wp-content\/uploads\/usu1902\/2022\/11\/berta-infantil.jpg 1024w, https:\/\/agora.xtec.cat\/escalmacelles\/wp-content\/uploads\/usu1902\/2022\/11\/berta-infantil-300x224.jpg 300w, https:\/\/agora.xtec.cat\/escalmacelles\/wp-content\/uploads\/usu1902\/2022\/11\/berta-infantil-768x575.jpg 768w, https:\/\/agora.xtec.cat\/escalmacelles\/wp-content\/uploads\/usu1902\/2022\/11\/berta-infantil-200x150.jpg 200w\" sizes=\"auto, (max-width: 1024px) 100vw, 1024px\" \/><\/a><\/p>\n<p style=\"text-align: center;\"><em><strong>Educaci\u00f3 Prim\u00e0ria<\/strong><\/em><\/p>\n<p><a href=\"https:\/\/photos.app.goo.gl\/QLE3nYUdYu8awK3f6\"><img loading=\"lazy\" decoding=\"async\" class=\"alignnone size-full wp-image-21998\" src=\"https:\/\/agora.xtec.cat\/escalmacelles\/wp-content\/uploads\/usu1902\/2022\/11\/berta-primaria.jpg\" alt=\"\" width=\"1024\" height=\"768\" srcset=\"https:\/\/agora.xtec.cat\/escalmacelles\/wp-content\/uploads\/usu1902\/2022\/11\/berta-primaria.jpg 1024w, https:\/\/agora.xtec.cat\/escalmacelles\/wp-content\/uploads\/usu1902\/2022\/11\/berta-primaria-300x225.jpg 300w, https:\/\/agora.xtec.cat\/escalmacelles\/wp-content\/uploads\/usu1902\/2022\/11\/berta-primaria-768x576.jpg 768w, https:\/\/agora.xtec.cat\/escalmacelles\/wp-content\/uploads\/usu1902\/2022\/11\/berta-primaria-200x150.jpg 200w\" sizes=\"auto, (max-width: 1024px) 100vw, 1024px\" \/><\/a><\/p>\n","protected":false},"excerpt":{"rendered":"<p>El passat dimarts dia 22 de novembre, v\u00e0rem celebrar Santa Cec\u00edlia, el dia de la m\u00fasica, a la nostra escola. Enguany vam convidar a la m\u00fasic Berta Puidemasa i a la seva arpa, un instrument ben desconegut per a tothom per\u00f2 preci\u00f3s! La Berta ens va ensenyar moltes coses sobre aquest instrument de corda i [&hellip;]<\/p>\n","protected":false},"author":13,"featured_media":0,"comment_status":"open","ping_status":"closed","sticky":false,"template":"","format":"standard","meta":{"_bbp_topic_count":0,"_bbp_reply_count":0,"_bbp_total_topic_count":0,"_bbp_total_reply_count":0,"_bbp_voice_count":0,"_bbp_anonymous_reply_count":0,"_bbp_topic_count_hidden":0,"_bbp_reply_count_hidden":0,"_bbp_forum_subforum_count":0,"site-sidebar-layout":"default","site-content-layout":"","ast-site-content-layout":"","site-content-style":"default","site-sidebar-style":"default","ast-global-header-display":"","ast-banner-title-visibility":"","ast-main-header-display":"","ast-hfb-above-header-display":"","ast-hfb-below-header-display":"","ast-hfb-mobile-header-display":"","site-post-title":"","ast-breadcrumbs-content":"","ast-featured-img":"","footer-sml-layout":"","theme-transparent-header-meta":"","adv-header-id-meta":"","stick-header-meta":"","header-above-stick-meta":"","header-main-stick-meta":"","header-below-stick-meta":"","astra-migrate-meta-layouts":"default","ast-page-background-enabled":"default","ast-page-background-meta":{"desktop":{"background-color":"var(--ast-global-color-4)","background-image":"","background-repeat":"repeat","background-position":"center center","background-size":"auto","background-attachment":"scroll","background-type":"","background-media":"","overlay-type":"","overlay-color":"","overlay-opacity":"","overlay-gradient":""},"tablet":{"background-color":"","background-image":"","background-repeat":"repeat","background-position":"center center","background-size":"auto","background-attachment":"scroll","background-type":"","background-media":"","overlay-type":"","overlay-color":"","overlay-opacity":"","overlay-gradient":""},"mobile":{"background-color":"","background-image":"","background-repeat":"repeat","background-position":"center center","background-size":"auto","background-attachment":"scroll","background-type":"","background-media":"","overlay-type":"","overlay-color":"","overlay-opacity":"","overlay-gradient":""}},"ast-content-background-meta":{"desktop":{"background-color":"var(--ast-global-color-5)","background-image":"","background-repeat":"repeat","background-position":"center center","background-size":"auto","background-attachment":"scroll","background-type":"","background-media":"","overlay-type":"","overlay-color":"","overlay-opacity":"","overlay-gradient":""},"tablet":{"background-color":"var(--ast-global-color-5)","background-image":"","background-repeat":"repeat","background-position":"center center","background-size":"auto","background-attachment":"scroll","background-type":"","background-media":"","overlay-type":"","overlay-color":"","overlay-opacity":"","overlay-gradient":""},"mobile":{"background-color":"var(--ast-global-color-5)","background-image":"","background-repeat":"repeat","background-position":"center center","background-size":"auto","background-attachment":"scroll","background-type":"","background-media":"","overlay-type":"","overlay-color":"","overlay-opacity":"","overlay-gradient":""}},"footnotes":""},"categories":[10,11,12,13,14,15,3,8,9,2,4,5],"tags":[119,76,417,416,137,138,139,415,140,340,419,60,362,418],"class_list":["post-21996","post","type-post","status-publish","format-standard","hentry","category-1r","category-2n","category-3r","category-4t","category-5e","category-6e","category-p3","category-p4","category-p5","category-infantil","category-portada","category-primaria","tag-activitat","tag-almacelles","tag-arpa","tag-bertapuigdemasa","tag-cicleinicial","tag-ciclemitja","tag-ciclesuperior","tag-diadelamusica","tag-educacioinfantil","tag-educacioprimaria","tag-instrument","tag-musica","tag-oci","tag-santacecilia"],"post_mailing_queue_ids":[],"_links":{"self":[{"href":"https:\/\/agora.xtec.cat\/escalmacelles\/wp-json\/wp\/v2\/posts\/21996","targetHints":{"allow":["GET"]}}],"collection":[{"href":"https:\/\/agora.xtec.cat\/escalmacelles\/wp-json\/wp\/v2\/posts"}],"about":[{"href":"https:\/\/agora.xtec.cat\/escalmacelles\/wp-json\/wp\/v2\/types\/post"}],"author":[{"embeddable":true,"href":"https:\/\/agora.xtec.cat\/escalmacelles\/wp-json\/wp\/v2\/users\/13"}],"replies":[{"embeddable":true,"href":"https:\/\/agora.xtec.cat\/escalmacelles\/wp-json\/wp\/v2\/comments?post=21996"}],"version-history":[{"count":1,"href":"https:\/\/agora.xtec.cat\/escalmacelles\/wp-json\/wp\/v2\/posts\/21996\/revisions"}],"predecessor-version":[{"id":21999,"href":"https:\/\/agora.xtec.cat\/escalmacelles\/wp-json\/wp\/v2\/posts\/21996\/revisions\/21999"}],"wp:attachment":[{"href":"https:\/\/agora.xtec.cat\/escalmacelles\/wp-json\/wp\/v2\/media?parent=21996"}],"wp:term":[{"taxonomy":"category","embeddable":true,"href":"https:\/\/agora.xtec.cat\/escalmacelles\/wp-json\/wp\/v2\/categories?post=21996"},{"taxonomy":"post_tag","embeddable":true,"href":"https:\/\/agora.xtec.cat\/escalmacelles\/wp-json\/wp\/v2\/tags?post=21996"}],"curies":[{"name":"wp","href":"https:\/\/api.w.org\/{rel}","templated":true}]}}