{"id":21946,"date":"2022-11-10T18:55:06","date_gmt":"2022-11-10T17:55:06","guid":{"rendered":"https:\/\/agora.xtec.cat\/escalmacelles\/?p=21946"},"modified":"2022-11-10T18:55:06","modified_gmt":"2022-11-10T17:55:06","slug":"colonies-5e-mas-gircos","status":"publish","type":"post","link":"https:\/\/agora.xtec.cat\/escalmacelles\/portada\/colonies-5e-mas-gircos\/","title":{"rendered":"Col\u00f2nies 5\u00e8 MAS GIRC\u00d3S"},"content":{"rendered":"<p>La setmana passada l&#8217;alumnat de 5\u00e8 va gaudir d&#8217;unes col\u00f2nies de conviv\u00e8ncia a la Garrotxa. Ens vam allotjar al Mas Girc\u00f3s, una masia envoltada de camps de cultiu.<\/p>\n<p>Durant aquesta estada vam fer activitats diverses. El primer dia vam visitar el Parc Natural de la Zona Volc\u00e0nica de la Garrotxa i vam estar a dos dels volcans m\u00e9s importants:\u00a0 Santa Margarida i Croscat.\u00a0 Posteriorment, a la tarda, vam fer una visita guiada a La Fageda d&#8217;en Jord\u00e0.<\/p>\n<p>El dijous, les activitats es van fer als voltants de la masia, aprofitant els espais verds que la caracteritzen. Durant el mat\u00ed, van atrevir-se amb el bosc vertical i, per la tarda, van realitzar diferents activitats: scriptorium, tir amb arc i torneig medieval. Ah! I tamb\u00e9 vam tenir temps de ballar i cantar una bona estona.<\/p>\n<p>L&#8217;\u00faltim dia vam anar caminant fins a Besal\u00fa, durant el trajecte van poder gaudir d&#8217;un paisatge natural i pur. El poble medieval de Besal\u00fa ens va permetre\u00a0 transportar-nos a l&#8217;edat mitjana i vam observar elements caracter\u00edstics d&#8217;aquella \u00e8poca que encara es conserven com: la muralla, els carrers, les portes, els ponts&#8230; Vam gaudir molt de Besal\u00fa, tot i el x\u00e0fec de 30 minuts que va caure, acompanyat de calamarsa. Per\u00f2, despr\u00e9s va sortir el Sol i vam poder acomiadar-nos d&#8217;un bon dinar i un \u00faltim ball que van fer els monitors.<\/p>\n<p>Unes col\u00f2nies per recordar!<\/p>\n<p>Si cliqueu a la imatge podreu veure m\u00e9s fotografies.<\/p>\n<p><a href=\"https:\/\/photos.app.goo.gl\/wYnjnjuMJMxrtPs76\"><img decoding=\"async\" class=\"aligncenter\" src=\"https:\/\/lh3.googleusercontent.com\/pw\/AL9nZEW73iciF0gBK8Ts6HceSj1pcvpCdMy5tAqGI6YWnzYzcGw8tLW4Q43OiC-wEx7xa37Xp4AwoQE0AsYK1AyUbI3Ua5FOD3SX-YVCa3u9vwXnjA2zvT35t4Ro9oEG6alHeG3Y_eYj-qEtDLK8tWYfer9u=w1600-h720-no?authuser=3\" \/><\/a><\/p>\n<p>&nbsp;<\/p>\n<p>&nbsp;<\/p>\n<p>&nbsp;<\/p>\n<p>&nbsp;<\/p>\n<p>&nbsp;<\/p>\n<p>&nbsp;<\/p>\n","protected":false},"excerpt":{"rendered":"<p>La setmana passada l&#8217;alumnat de 5\u00e8 va gaudir d&#8217;unes col\u00f2nies de conviv\u00e8ncia a la Garrotxa. Ens vam allotjar al Mas Girc\u00f3s, una masia envoltada de camps de cultiu. Durant aquesta estada vam fer activitats diverses. El primer dia vam visitar el Parc Natural de la Zona Volc\u00e0nica de la Garrotxa i vam estar a dos [&hellip;]<\/p>\n","protected":false},"author":23,"featured_media":0,"comment_status":"open","ping_status":"closed","sticky":false,"template":"","format":"standard","meta":{"_bbp_topic_count":0,"_bbp_reply_count":0,"_bbp_total_topic_count":0,"_bbp_total_reply_count":0,"_bbp_voice_count":0,"_bbp_anonymous_reply_count":0,"_bbp_topic_count_hidden":0,"_bbp_reply_count_hidden":0,"_bbp_forum_subforum_count":0,"site-sidebar-layout":"default","site-content-layout":"","ast-site-content-layout":"","site-content-style":"default","site-sidebar-style":"default","ast-global-header-display":"","ast-banner-title-visibility":"","ast-main-header-display":"","ast-hfb-above-header-display":"","ast-hfb-below-header-display":"","ast-hfb-mobile-header-display":"","site-post-title":"","ast-breadcrumbs-content":"","ast-featured-img":"","footer-sml-layout":"","theme-transparent-header-meta":"","adv-header-id-meta":"","stick-header-meta":"","header-above-stick-meta":"","header-main-stick-meta":"","header-below-stick-meta":"","astra-migrate-meta-layouts":"default","ast-page-background-enabled":"default","ast-page-background-meta":{"desktop":{"background-color":"var(--ast-global-color-4)","background-image":"","background-repeat":"repeat","background-position":"center center","background-size":"auto","background-attachment":"scroll","background-type":"","background-media":"","overlay-type":"","overlay-color":"","overlay-opacity":"","overlay-gradient":""},"tablet":{"background-color":"","background-image":"","background-repeat":"repeat","background-position":"center center","background-size":"auto","background-attachment":"scroll","background-type":"","background-media":"","overlay-type":"","overlay-color":"","overlay-opacity":"","overlay-gradient":""},"mobile":{"background-color":"","background-image":"","background-repeat":"repeat","background-position":"center center","background-size":"auto","background-attachment":"scroll","background-type":"","background-media":"","overlay-type":"","overlay-color":"","overlay-opacity":"","overlay-gradient":""}},"ast-content-background-meta":{"desktop":{"background-color":"var(--ast-global-color-5)","background-image":"","background-repeat":"repeat","background-position":"center center","background-size":"auto","background-attachment":"scroll","background-type":"","background-media":"","overlay-type":"","overlay-color":"","overlay-opacity":"","overlay-gradient":""},"tablet":{"background-color":"var(--ast-global-color-5)","background-image":"","background-repeat":"repeat","background-position":"center center","background-size":"auto","background-attachment":"scroll","background-type":"","background-media":"","overlay-type":"","overlay-color":"","overlay-opacity":"","overlay-gradient":""},"mobile":{"background-color":"var(--ast-global-color-5)","background-image":"","background-repeat":"repeat","background-position":"center center","background-size":"auto","background-attachment":"scroll","background-type":"","background-media":"","overlay-type":"","overlay-color":"","overlay-opacity":"","overlay-gradient":""}},"footnotes":""},"categories":[14,4,5],"tags":[],"class_list":["post-21946","post","type-post","status-publish","format-standard","hentry","category-5e","category-portada","category-primaria"],"post_mailing_queue_ids":[],"_links":{"self":[{"href":"https:\/\/agora.xtec.cat\/escalmacelles\/wp-json\/wp\/v2\/posts\/21946","targetHints":{"allow":["GET"]}}],"collection":[{"href":"https:\/\/agora.xtec.cat\/escalmacelles\/wp-json\/wp\/v2\/posts"}],"about":[{"href":"https:\/\/agora.xtec.cat\/escalmacelles\/wp-json\/wp\/v2\/types\/post"}],"author":[{"embeddable":true,"href":"https:\/\/agora.xtec.cat\/escalmacelles\/wp-json\/wp\/v2\/users\/23"}],"replies":[{"embeddable":true,"href":"https:\/\/agora.xtec.cat\/escalmacelles\/wp-json\/wp\/v2\/comments?post=21946"}],"version-history":[{"count":3,"href":"https:\/\/agora.xtec.cat\/escalmacelles\/wp-json\/wp\/v2\/posts\/21946\/revisions"}],"predecessor-version":[{"id":21956,"href":"https:\/\/agora.xtec.cat\/escalmacelles\/wp-json\/wp\/v2\/posts\/21946\/revisions\/21956"}],"wp:attachment":[{"href":"https:\/\/agora.xtec.cat\/escalmacelles\/wp-json\/wp\/v2\/media?parent=21946"}],"wp:term":[{"taxonomy":"category","embeddable":true,"href":"https:\/\/agora.xtec.cat\/escalmacelles\/wp-json\/wp\/v2\/categories?post=21946"},{"taxonomy":"post_tag","embeddable":true,"href":"https:\/\/agora.xtec.cat\/escalmacelles\/wp-json\/wp\/v2\/tags?post=21946"}],"curies":[{"name":"wp","href":"https:\/\/api.w.org\/{rel}","templated":true}]}}