{"id":21824,"date":"2022-06-29T10:01:56","date_gmt":"2022-06-29T08:01:56","guid":{"rendered":"https:\/\/agora.xtec.cat\/escalmacelles\/?p=21824"},"modified":"2022-10-04T16:23:24","modified_gmt":"2022-10-04T14:23:24","slug":"orles-6e","status":"publish","type":"post","link":"https:\/\/agora.xtec.cat\/escalmacelles\/portada\/orles-6e\/","title":{"rendered":"Orles 6\u00e8"},"content":{"rendered":"<p>L&#8217;\u00faltim dia d&#8217;escola vam celebrar la graduaci\u00f3 dels nois i noies de 6\u00e8 de forma excepcional a la Sala Polivalent. Va ser un acte molt emotiu on els alumnes van poder acomiadar-se amb parlaments del seu pas per l&#8217;escola i diferents balls.<\/p>\n<p>Us desitgem molta sort en aquesta nova etapa que comenceu! Us trobarem molt a faltar!! I agra\u00efm de tot cor totes les mostres d&#8217;afecte i estima cap a nosaltres com a tutors\/es, ens va fer molta il\u00b7lusi\u00f3.<\/p>\n<p>A continuaci\u00f3, podeu veure les fotografies de l&#8217;acte, aix\u00ed com tamb\u00e9, les que ens vam fer a l&#8217;escola. A m\u00e9s a m\u00e9s, us adjuntem el v\u00eddeo que vam mostrar aquell dia.<\/p>\n<p><a href=\"https:\/\/photos.app.goo.gl\/kszqkPcWydvdMHQZA\"><img loading=\"lazy\" decoding=\"async\" class=\"wp-image-21826 aligncenter\" src=\"https:\/\/agora.xtec.cat\/escalmacelles\/wp-content\/uploads\/usu1902\/2022\/06\/foto-graduacio-1024x491.jpg\" alt=\"\" width=\"424\" height=\"204\" srcset=\"https:\/\/agora.xtec.cat\/escalmacelles\/wp-content\/uploads\/usu1902\/2022\/06\/foto-graduacio-1024x491.jpg 1024w, https:\/\/agora.xtec.cat\/escalmacelles\/wp-content\/uploads\/usu1902\/2022\/06\/foto-graduacio-300x144.jpg 300w, https:\/\/agora.xtec.cat\/escalmacelles\/wp-content\/uploads\/usu1902\/2022\/06\/foto-graduacio-768x368.jpg 768w, https:\/\/agora.xtec.cat\/escalmacelles\/wp-content\/uploads\/usu1902\/2022\/06\/foto-graduacio-1536x737.jpg 1536w, https:\/\/agora.xtec.cat\/escalmacelles\/wp-content\/uploads\/usu1902\/2022\/06\/foto-graduacio-2048x982.jpg 2048w\" sizes=\"auto, (max-width: 424px) 100vw, 424px\" \/><\/a><\/p>\n<p><a href=\"https:\/\/photos.app.goo.gl\/8BLA8RucE6AnP9Uq6\"><img loading=\"lazy\" decoding=\"async\" class=\"wp-image-21829 aligncenter\" src=\"https:\/\/agora.xtec.cat\/escalmacelles\/wp-content\/uploads\/usu1902\/2022\/06\/foto-orla-2-1024x430.png\" alt=\"\" width=\"427\" height=\"179\" srcset=\"https:\/\/agora.xtec.cat\/escalmacelles\/wp-content\/uploads\/usu1902\/2022\/06\/foto-orla-2-1024x430.png 1024w, https:\/\/agora.xtec.cat\/escalmacelles\/wp-content\/uploads\/usu1902\/2022\/06\/foto-orla-2-300x126.png 300w, https:\/\/agora.xtec.cat\/escalmacelles\/wp-content\/uploads\/usu1902\/2022\/06\/foto-orla-2-768x323.png 768w, https:\/\/agora.xtec.cat\/escalmacelles\/wp-content\/uploads\/usu1902\/2022\/06\/foto-orla-2.png 1293w\" sizes=\"auto, (max-width: 427px) 100vw, 427px\" \/><\/a><\/p>\n<p><a href=\"https:\/\/drive.google.com\/file\/d\/1knbFlqgz2T3zCNMS8SYOp3Yh-0EkZREt\/view?usp=sharing\"><img loading=\"lazy\" decoding=\"async\" class=\"wp-image-21825 aligncenter\" src=\"https:\/\/agora.xtec.cat\/escalmacelles\/wp-content\/uploads\/usu1902\/2022\/06\/foto-video-1024x523.jpg\" alt=\"\" width=\"357\" height=\"182\" srcset=\"https:\/\/agora.xtec.cat\/escalmacelles\/wp-content\/uploads\/usu1902\/2022\/06\/foto-video-1024x523.jpg 1024w, https:\/\/agora.xtec.cat\/escalmacelles\/wp-content\/uploads\/usu1902\/2022\/06\/foto-video-300x153.jpg 300w, https:\/\/agora.xtec.cat\/escalmacelles\/wp-content\/uploads\/usu1902\/2022\/06\/foto-video-768x392.jpg 768w, https:\/\/agora.xtec.cat\/escalmacelles\/wp-content\/uploads\/usu1902\/2022\/06\/foto-video-1536x784.jpg 1536w, https:\/\/agora.xtec.cat\/escalmacelles\/wp-content\/uploads\/usu1902\/2022\/06\/foto-video.jpg 1917w\" sizes=\"auto, (max-width: 357px) 100vw, 357px\" \/><\/a><\/p>\n<p>&nbsp;<\/p>\n","protected":false},"excerpt":{"rendered":"<p>L&#8217;\u00faltim dia d&#8217;escola vam celebrar la graduaci\u00f3 dels nois i noies de 6\u00e8 de forma excepcional a la Sala Polivalent. Va ser un acte molt emotiu on els alumnes van poder acomiadar-se amb parlaments del seu pas per l&#8217;escola i diferents balls. Us desitgem molta sort en aquesta nova etapa que comenceu! Us trobarem molt [&hellip;]<\/p>\n","protected":false},"author":23,"featured_media":0,"comment_status":"open","ping_status":"closed","sticky":false,"template":"","format":"standard","meta":{"_bbp_topic_count":0,"_bbp_reply_count":0,"_bbp_total_topic_count":0,"_bbp_total_reply_count":0,"_bbp_voice_count":0,"_bbp_anonymous_reply_count":0,"_bbp_topic_count_hidden":0,"_bbp_reply_count_hidden":0,"_bbp_forum_subforum_count":0,"site-sidebar-layout":"default","site-content-layout":"","ast-site-content-layout":"","site-content-style":"default","site-sidebar-style":"default","ast-global-header-display":"","ast-banner-title-visibility":"","ast-main-header-display":"","ast-hfb-above-header-display":"","ast-hfb-below-header-display":"","ast-hfb-mobile-header-display":"","site-post-title":"","ast-breadcrumbs-content":"","ast-featured-img":"","footer-sml-layout":"","theme-transparent-header-meta":"","adv-header-id-meta":"","stick-header-meta":"","header-above-stick-meta":"","header-main-stick-meta":"","header-below-stick-meta":"","astra-migrate-meta-layouts":"default","ast-page-background-enabled":"default","ast-page-background-meta":{"desktop":{"background-color":"var(--ast-global-color-4)","background-image":"","background-repeat":"repeat","background-position":"center center","background-size":"auto","background-attachment":"scroll","background-type":"","background-media":"","overlay-type":"","overlay-color":"","overlay-opacity":"","overlay-gradient":""},"tablet":{"background-color":"","background-image":"","background-repeat":"repeat","background-position":"center center","background-size":"auto","background-attachment":"scroll","background-type":"","background-media":"","overlay-type":"","overlay-color":"","overlay-opacity":"","overlay-gradient":""},"mobile":{"background-color":"","background-image":"","background-repeat":"repeat","background-position":"center center","background-size":"auto","background-attachment":"scroll","background-type":"","background-media":"","overlay-type":"","overlay-color":"","overlay-opacity":"","overlay-gradient":""}},"ast-content-background-meta":{"desktop":{"background-color":"var(--ast-global-color-5)","background-image":"","background-repeat":"repeat","background-position":"center center","background-size":"auto","background-attachment":"scroll","background-type":"","background-media":"","overlay-type":"","overlay-color":"","overlay-opacity":"","overlay-gradient":""},"tablet":{"background-color":"var(--ast-global-color-5)","background-image":"","background-repeat":"repeat","background-position":"center center","background-size":"auto","background-attachment":"scroll","background-type":"","background-media":"","overlay-type":"","overlay-color":"","overlay-opacity":"","overlay-gradient":""},"mobile":{"background-color":"var(--ast-global-color-5)","background-image":"","background-repeat":"repeat","background-position":"center center","background-size":"auto","background-attachment":"scroll","background-type":"","background-media":"","overlay-type":"","overlay-color":"","overlay-opacity":"","overlay-gradient":""}},"footnotes":""},"categories":[15,4,5],"tags":[],"class_list":["post-21824","post","type-post","status-publish","format-standard","hentry","category-6e","category-portada","category-primaria"],"post_mailing_queue_ids":[],"_links":{"self":[{"href":"https:\/\/agora.xtec.cat\/escalmacelles\/wp-json\/wp\/v2\/posts\/21824","targetHints":{"allow":["GET"]}}],"collection":[{"href":"https:\/\/agora.xtec.cat\/escalmacelles\/wp-json\/wp\/v2\/posts"}],"about":[{"href":"https:\/\/agora.xtec.cat\/escalmacelles\/wp-json\/wp\/v2\/types\/post"}],"author":[{"embeddable":true,"href":"https:\/\/agora.xtec.cat\/escalmacelles\/wp-json\/wp\/v2\/users\/23"}],"replies":[{"embeddable":true,"href":"https:\/\/agora.xtec.cat\/escalmacelles\/wp-json\/wp\/v2\/comments?post=21824"}],"version-history":[{"count":3,"href":"https:\/\/agora.xtec.cat\/escalmacelles\/wp-json\/wp\/v2\/posts\/21824\/revisions"}],"predecessor-version":[{"id":21838,"href":"https:\/\/agora.xtec.cat\/escalmacelles\/wp-json\/wp\/v2\/posts\/21824\/revisions\/21838"}],"wp:attachment":[{"href":"https:\/\/agora.xtec.cat\/escalmacelles\/wp-json\/wp\/v2\/media?parent=21824"}],"wp:term":[{"taxonomy":"category","embeddable":true,"href":"https:\/\/agora.xtec.cat\/escalmacelles\/wp-json\/wp\/v2\/categories?post=21824"},{"taxonomy":"post_tag","embeddable":true,"href":"https:\/\/agora.xtec.cat\/escalmacelles\/wp-json\/wp\/v2\/tags?post=21824"}],"curies":[{"name":"wp","href":"https:\/\/api.w.org\/{rel}","templated":true}]}}