{"id":21810,"date":"2022-06-28T09:10:55","date_gmt":"2022-06-28T07:10:55","guid":{"rendered":"https:\/\/agora.xtec.cat\/escalmacelles\/?p=21810"},"modified":"2022-10-04T16:24:30","modified_gmt":"2022-10-04T14:24:30","slug":"activitat-parc-europa-5e-i-6e","status":"publish","type":"post","link":"https:\/\/agora.xtec.cat\/escalmacelles\/portada\/activitat-parc-europa-5e-i-6e\/","title":{"rendered":"Activitat Parc Europa 5\u00e8 i 6\u00e8"},"content":{"rendered":"<p>L&#8217;alumnat de 6\u00e8 va finalitzar el projecte del Parc Europa explicant els plafons, els arbres i les escultures als companys\/es de 5\u00e8, mitjan\u00e7ant din\u00e0miques interactives. Vam estar durant tot el mat\u00ed de dilluns, dia 20, i tots els grups de 5\u00e8 van poder passar per les diferents estacions que van organitzar. Va ser una sessi\u00f3 molt productiva, tant pels de 6\u00e8, que van poder mostrar tot el seu treball, com pels de 5\u00e8, que els va servir per complementar aquest projecte que han iniciat. Si cliqueu a la imatge podreu veure m\u00e9s fotografies.<\/p>\n<p><a href=\"https:\/\/photos.app.goo.gl\/gRQqb6jAUiewQq6i7\"><img loading=\"lazy\" decoding=\"async\" class=\"size-large wp-image-21811 aligncenter\" src=\"https:\/\/agora.xtec.cat\/escalmacelles\/wp-content\/uploads\/usu1902\/2022\/06\/A6127613-46BD-499F-A148-61E85DB4918B-1024x472.jpeg\" alt=\"\" width=\"1024\" height=\"472\" srcset=\"https:\/\/agora.xtec.cat\/escalmacelles\/wp-content\/uploads\/usu1902\/2022\/06\/A6127613-46BD-499F-A148-61E85DB4918B-1024x472.jpeg 1024w, https:\/\/agora.xtec.cat\/escalmacelles\/wp-content\/uploads\/usu1902\/2022\/06\/A6127613-46BD-499F-A148-61E85DB4918B-300x138.jpeg 300w, https:\/\/agora.xtec.cat\/escalmacelles\/wp-content\/uploads\/usu1902\/2022\/06\/A6127613-46BD-499F-A148-61E85DB4918B-768x354.jpeg 768w, https:\/\/agora.xtec.cat\/escalmacelles\/wp-content\/uploads\/usu1902\/2022\/06\/A6127613-46BD-499F-A148-61E85DB4918B-1536x708.jpeg 1536w, https:\/\/agora.xtec.cat\/escalmacelles\/wp-content\/uploads\/usu1902\/2022\/06\/A6127613-46BD-499F-A148-61E85DB4918B.jpeg 1600w\" sizes=\"auto, (max-width: 1024px) 100vw, 1024px\" \/><\/a><\/p>\n<p>&nbsp;<\/p>\n","protected":false},"excerpt":{"rendered":"<p>L&#8217;alumnat de 6\u00e8 va finalitzar el projecte del Parc Europa explicant els plafons, els arbres i les escultures als companys\/es de 5\u00e8, mitjan\u00e7ant din\u00e0miques interactives. Vam estar durant tot el mat\u00ed de dilluns, dia 20, i tots els grups de 5\u00e8 van poder passar per les diferents estacions que van organitzar. Va ser una sessi\u00f3 [&hellip;]<\/p>\n","protected":false},"author":23,"featured_media":0,"comment_status":"open","ping_status":"closed","sticky":false,"template":"","format":"standard","meta":{"_bbp_topic_count":0,"_bbp_reply_count":0,"_bbp_total_topic_count":0,"_bbp_total_reply_count":0,"_bbp_voice_count":0,"_bbp_anonymous_reply_count":0,"_bbp_topic_count_hidden":0,"_bbp_reply_count_hidden":0,"_bbp_forum_subforum_count":0,"site-sidebar-layout":"default","site-content-layout":"","ast-site-content-layout":"","site-content-style":"default","site-sidebar-style":"default","ast-global-header-display":"","ast-banner-title-visibility":"","ast-main-header-display":"","ast-hfb-above-header-display":"","ast-hfb-below-header-display":"","ast-hfb-mobile-header-display":"","site-post-title":"","ast-breadcrumbs-content":"","ast-featured-img":"","footer-sml-layout":"","theme-transparent-header-meta":"","adv-header-id-meta":"","stick-header-meta":"","header-above-stick-meta":"","header-main-stick-meta":"","header-below-stick-meta":"","astra-migrate-meta-layouts":"default","ast-page-background-enabled":"default","ast-page-background-meta":{"desktop":{"background-color":"var(--ast-global-color-4)","background-image":"","background-repeat":"repeat","background-position":"center center","background-size":"auto","background-attachment":"scroll","background-type":"","background-media":"","overlay-type":"","overlay-color":"","overlay-opacity":"","overlay-gradient":""},"tablet":{"background-color":"","background-image":"","background-repeat":"repeat","background-position":"center center","background-size":"auto","background-attachment":"scroll","background-type":"","background-media":"","overlay-type":"","overlay-color":"","overlay-opacity":"","overlay-gradient":""},"mobile":{"background-color":"","background-image":"","background-repeat":"repeat","background-position":"center center","background-size":"auto","background-attachment":"scroll","background-type":"","background-media":"","overlay-type":"","overlay-color":"","overlay-opacity":"","overlay-gradient":""}},"ast-content-background-meta":{"desktop":{"background-color":"var(--ast-global-color-5)","background-image":"","background-repeat":"repeat","background-position":"center center","background-size":"auto","background-attachment":"scroll","background-type":"","background-media":"","overlay-type":"","overlay-color":"","overlay-opacity":"","overlay-gradient":""},"tablet":{"background-color":"var(--ast-global-color-5)","background-image":"","background-repeat":"repeat","background-position":"center center","background-size":"auto","background-attachment":"scroll","background-type":"","background-media":"","overlay-type":"","overlay-color":"","overlay-opacity":"","overlay-gradient":""},"mobile":{"background-color":"var(--ast-global-color-5)","background-image":"","background-repeat":"repeat","background-position":"center center","background-size":"auto","background-attachment":"scroll","background-type":"","background-media":"","overlay-type":"","overlay-color":"","overlay-opacity":"","overlay-gradient":""}},"footnotes":""},"categories":[14,15,4,5],"tags":[],"class_list":["post-21810","post","type-post","status-publish","format-standard","hentry","category-5e","category-6e","category-portada","category-primaria"],"post_mailing_queue_ids":[],"_links":{"self":[{"href":"https:\/\/agora.xtec.cat\/escalmacelles\/wp-json\/wp\/v2\/posts\/21810","targetHints":{"allow":["GET"]}}],"collection":[{"href":"https:\/\/agora.xtec.cat\/escalmacelles\/wp-json\/wp\/v2\/posts"}],"about":[{"href":"https:\/\/agora.xtec.cat\/escalmacelles\/wp-json\/wp\/v2\/types\/post"}],"author":[{"embeddable":true,"href":"https:\/\/agora.xtec.cat\/escalmacelles\/wp-json\/wp\/v2\/users\/23"}],"replies":[{"embeddable":true,"href":"https:\/\/agora.xtec.cat\/escalmacelles\/wp-json\/wp\/v2\/comments?post=21810"}],"version-history":[{"count":3,"href":"https:\/\/agora.xtec.cat\/escalmacelles\/wp-json\/wp\/v2\/posts\/21810\/revisions"}],"predecessor-version":[{"id":21817,"href":"https:\/\/agora.xtec.cat\/escalmacelles\/wp-json\/wp\/v2\/posts\/21810\/revisions\/21817"}],"wp:attachment":[{"href":"https:\/\/agora.xtec.cat\/escalmacelles\/wp-json\/wp\/v2\/media?parent=21810"}],"wp:term":[{"taxonomy":"category","embeddable":true,"href":"https:\/\/agora.xtec.cat\/escalmacelles\/wp-json\/wp\/v2\/categories?post=21810"},{"taxonomy":"post_tag","embeddable":true,"href":"https:\/\/agora.xtec.cat\/escalmacelles\/wp-json\/wp\/v2\/tags?post=21810"}],"curies":[{"name":"wp","href":"https:\/\/api.w.org\/{rel}","templated":true}]}}