{"id":21786,"date":"2022-06-16T09:29:21","date_gmt":"2022-06-16T07:29:21","guid":{"rendered":"https:\/\/agora.xtec.cat\/escalmacelles\/?p=21786"},"modified":"2022-10-04T18:20:27","modified_gmt":"2022-10-04T16:20:27","slug":"sortida-de-laigua-a-roda-disavena-3r","status":"publish","type":"post","link":"https:\/\/agora.xtec.cat\/escalmacelles\/portada\/sortida-de-laigua-a-roda-disavena-3r\/","title":{"rendered":"Sortida de l&#8217;aigua a Roda d&#8217;Is\u00e0vena, 3r"},"content":{"rendered":"<p>L&#8217;alumnat de 3r va anar a la sortida del projecte de l&#8217;aigua el passat divendres dia 3 de juny al pla de Bonansa i Roda d&#8217;Is\u00e0vena.<\/p>\n<p>Despr\u00e9s de fer una ruta preciosa fins al mirador d&#8217;Ansuilo, vam anar a dinar a un dels poblets m\u00e9s bonics d&#8217;Espanya, Roda d&#8217;Is\u00e0vena.<\/p>\n<p>En acabar, vam anar al Pont de Capella i vam contemplar la seva meticulositat medieval.<\/p>\n<p>Durant la sortida, vam poder veure els rius \u00c8ssera i Is\u00e0vena, els quals hem estudiat, el pic Gallinero, el pic Ceboll\u00e9s i el Turb\u00f3, el refugi d&#8217;Ansuilo i la borda d&#8217;Ansuilo. Tot un espectacle de naturalesa i colors!<\/p>\n<p>&nbsp;<\/p>\n<p style=\"text-align: center;\"><em>Si cliqueu a la seg\u00fcent imatge podreu accedir a la galeria.<\/em><\/p>\n<p><a href=\"https:\/\/photos.app.goo.gl\/8aoXDNTXW4n96oK16\"><img loading=\"lazy\" decoding=\"async\" class=\"alignnone size-full wp-image-21787\" src=\"https:\/\/agora.xtec.cat\/escalmacelles\/wp-content\/uploads\/usu1902\/2022\/06\/IMG_20220603_122645.jpg\" alt=\"\" width=\"1024\" height=\"460\" srcset=\"https:\/\/agora.xtec.cat\/escalmacelles\/wp-content\/uploads\/usu1902\/2022\/06\/IMG_20220603_122645.jpg 1024w, https:\/\/agora.xtec.cat\/escalmacelles\/wp-content\/uploads\/usu1902\/2022\/06\/IMG_20220603_122645-300x135.jpg 300w, https:\/\/agora.xtec.cat\/escalmacelles\/wp-content\/uploads\/usu1902\/2022\/06\/IMG_20220603_122645-768x345.jpg 768w\" sizes=\"auto, (max-width: 1024px) 100vw, 1024px\" \/><\/a><\/p>\n","protected":false},"excerpt":{"rendered":"<p>L&#8217;alumnat de 3r va anar a la sortida del projecte de l&#8217;aigua el passat divendres dia 3 de juny al pla de Bonansa i Roda d&#8217;Is\u00e0vena. Despr\u00e9s de fer una ruta preciosa fins al mirador d&#8217;Ansuilo, vam anar a dinar a un dels poblets m\u00e9s bonics d&#8217;Espanya, Roda d&#8217;Is\u00e0vena. En acabar, vam anar al Pont [&hellip;]<\/p>\n","protected":false},"author":13,"featured_media":0,"comment_status":"open","ping_status":"closed","sticky":false,"template":"","format":"standard","meta":{"_bbp_topic_count":0,"_bbp_reply_count":0,"_bbp_total_topic_count":0,"_bbp_total_reply_count":0,"_bbp_voice_count":0,"_bbp_anonymous_reply_count":0,"_bbp_topic_count_hidden":0,"_bbp_reply_count_hidden":0,"_bbp_forum_subforum_count":0,"site-sidebar-layout":"default","site-content-layout":"","ast-site-content-layout":"","site-content-style":"default","site-sidebar-style":"default","ast-global-header-display":"","ast-banner-title-visibility":"","ast-main-header-display":"","ast-hfb-above-header-display":"","ast-hfb-below-header-display":"","ast-hfb-mobile-header-display":"","site-post-title":"","ast-breadcrumbs-content":"","ast-featured-img":"","footer-sml-layout":"","theme-transparent-header-meta":"","adv-header-id-meta":"","stick-header-meta":"","header-above-stick-meta":"","header-main-stick-meta":"","header-below-stick-meta":"","astra-migrate-meta-layouts":"default","ast-page-background-enabled":"default","ast-page-background-meta":{"desktop":{"background-color":"var(--ast-global-color-4)","background-image":"","background-repeat":"repeat","background-position":"center center","background-size":"auto","background-attachment":"scroll","background-type":"","background-media":"","overlay-type":"","overlay-color":"","overlay-opacity":"","overlay-gradient":""},"tablet":{"background-color":"","background-image":"","background-repeat":"repeat","background-position":"center center","background-size":"auto","background-attachment":"scroll","background-type":"","background-media":"","overlay-type":"","overlay-color":"","overlay-opacity":"","overlay-gradient":""},"mobile":{"background-color":"","background-image":"","background-repeat":"repeat","background-position":"center center","background-size":"auto","background-attachment":"scroll","background-type":"","background-media":"","overlay-type":"","overlay-color":"","overlay-opacity":"","overlay-gradient":""}},"ast-content-background-meta":{"desktop":{"background-color":"var(--ast-global-color-5)","background-image":"","background-repeat":"repeat","background-position":"center center","background-size":"auto","background-attachment":"scroll","background-type":"","background-media":"","overlay-type":"","overlay-color":"","overlay-opacity":"","overlay-gradient":""},"tablet":{"background-color":"var(--ast-global-color-5)","background-image":"","background-repeat":"repeat","background-position":"center center","background-size":"auto","background-attachment":"scroll","background-type":"","background-media":"","overlay-type":"","overlay-color":"","overlay-opacity":"","overlay-gradient":""},"mobile":{"background-color":"var(--ast-global-color-5)","background-image":"","background-repeat":"repeat","background-position":"center center","background-size":"auto","background-attachment":"scroll","background-type":"","background-media":"","overlay-type":"","overlay-color":"","overlay-opacity":"","overlay-gradient":""}},"footnotes":""},"categories":[12,4,5],"tags":[70,76,355,358,138,388,389,259,387,78,197],"class_list":["post-21786","post","type-post","status-publish","format-standard","hentry","category-3r","category-portada","category-primaria","tag-aigua","tag-almacelles","tag-bonansa","tag-capella","tag-ciclemitja","tag-medieval","tag-pont","tag-projecte","tag-rodadisavena","tag-sortida","tag-tercer"],"post_mailing_queue_ids":[],"_links":{"self":[{"href":"https:\/\/agora.xtec.cat\/escalmacelles\/wp-json\/wp\/v2\/posts\/21786","targetHints":{"allow":["GET"]}}],"collection":[{"href":"https:\/\/agora.xtec.cat\/escalmacelles\/wp-json\/wp\/v2\/posts"}],"about":[{"href":"https:\/\/agora.xtec.cat\/escalmacelles\/wp-json\/wp\/v2\/types\/post"}],"author":[{"embeddable":true,"href":"https:\/\/agora.xtec.cat\/escalmacelles\/wp-json\/wp\/v2\/users\/13"}],"replies":[{"embeddable":true,"href":"https:\/\/agora.xtec.cat\/escalmacelles\/wp-json\/wp\/v2\/comments?post=21786"}],"version-history":[{"count":1,"href":"https:\/\/agora.xtec.cat\/escalmacelles\/wp-json\/wp\/v2\/posts\/21786\/revisions"}],"predecessor-version":[{"id":21788,"href":"https:\/\/agora.xtec.cat\/escalmacelles\/wp-json\/wp\/v2\/posts\/21786\/revisions\/21788"}],"wp:attachment":[{"href":"https:\/\/agora.xtec.cat\/escalmacelles\/wp-json\/wp\/v2\/media?parent=21786"}],"wp:term":[{"taxonomy":"category","embeddable":true,"href":"https:\/\/agora.xtec.cat\/escalmacelles\/wp-json\/wp\/v2\/categories?post=21786"},{"taxonomy":"post_tag","embeddable":true,"href":"https:\/\/agora.xtec.cat\/escalmacelles\/wp-json\/wp\/v2\/tags?post=21786"}],"curies":[{"name":"wp","href":"https:\/\/api.w.org\/{rel}","templated":true}]}}