{"id":21768,"date":"2022-06-09T18:14:43","date_gmt":"2022-06-09T16:14:43","guid":{"rendered":"https:\/\/agora.xtec.cat\/escalmacelles\/?p=21768"},"modified":"2022-10-04T18:24:39","modified_gmt":"2022-10-04T16:24:39","slug":"sortida-de-6e-a-barcelona-museu-ideal-cantania","status":"publish","type":"post","link":"https:\/\/agora.xtec.cat\/escalmacelles\/portada\/sortida-de-6e-a-barcelona-museu-ideal-cantania\/","title":{"rendered":"Sortida de 6\u00e8 a Barcelona: Museu IDEAL + Cant\u00e0nia."},"content":{"rendered":"<p>El passat dimecres, 1 de juny, l&#8217;alumnat de 6\u00e8 vam anar a Barcelona. Durant el mat\u00ed, vam aprofitar per visitar el museu Centre d&#8217;Arts Digitals de Barcelona (IDEAL), amb l&#8217;exposici\u00f3 de Frida Kahlo. Va ser molt interessant, ja que t&#8217;endinses de manera virtual a la biografia d&#8217;aquesta artista, descobrint aspectes de la seva vida que es desconeixen.<\/p>\n<p>A la tarda, vam anar a l&#8217;auditori de Barcelona, on vam tenir el plaer de participar al musical Cant\u00e0nia, amb l&#8217;obra &#8220;Clara, l&#8217;art per dins&#8221;. Va ser una experi\u00e8ncia inoblidable poder cantar a un auditori tan important i ho vam gaudir molt, juntament amb els familiars que ens van acompanyar.<\/p>\n<p><a href=\"https:\/\/photos.app.goo.gl\/NtRnRUDiTWoXLd4p7\"><img decoding=\"async\" src=\"https:\/\/lh3.googleusercontent.com\/LxJWhEskmeGNfyXuSQfU8PbXhcl2BcXCCkM5_NRlrmPBpDu8ATY7ilw5_MxLQhNVItYKjNcSmGHy9odG_uf2X75F02vWJxkE-6rIh5OwjVaEKyz7704q9higV4zV-Ai9VM8sQ64YvdrmY0Xbz6E3Svna8u93iS2424oLB7FscS8sk_KKxyV2XmfJDu19qCq7zAUTXDyF6cirqKBKaINgn0Feceq1zKOwaIrAo5-v8tKpcuEBBAJb5-oLvCi2X1eAS7zWHS1geU6ffs8D38PziI-sB_Z1WSUtkL_S3013f8KMW1_yXrXyvQ5HOnJ53XwBcCI_OPOqYmhvffRNrPwKXhI3EZiik4N4m3WcOY-XJHHTktpOo_qM6GmdLWxyo6yFsq7DQgwvUruGzvutkfOKZhk0LsMiU50cgYfKOYAuj5rAE6pQJJMyRVZO-h4oxDZlTuM9drBkkgvih0ETXTdp7NecRUHeeugJijZ6tRS4ce2R_QxdzYVKOi1hlZlHWMuHlpAWrSeUF52oYUuhv574l408XTnYrggw5LOAHZosu6g9OAwQgdIZDYMPuOaAqymIANkXp5MwyQ8mwWnEIHMwYMic-eJ-dXVrqxlMSfvMGATn0hmazt-FvfmHI1GrWuto2zYCGAI-MwT6K0L-K0eAY3tfLtbwku6xweMFnXNZhL91tEK9695rr6iMwglkqt8b_MBmiUG4Uwa7WaOO5ZyNJbn9Y9lqLcpIKatqXEU_-UICZaYXSNYOejtKKdlUWNa4fYBg_6EtQZumryMIZV3IXSagj5cxSaC4SA=w1920-h888-no?authuser=0\" \/><\/a><\/p>\n<p>&nbsp;<\/p>\n<p>&nbsp;<\/p>\n<p>&nbsp;<\/p>\n<p>&nbsp;<\/p>\n","protected":false},"excerpt":{"rendered":"<p>El passat dimecres, 1 de juny, l&#8217;alumnat de 6\u00e8 vam anar a Barcelona. Durant el mat\u00ed, vam aprofitar per visitar el museu Centre d&#8217;Arts Digitals de Barcelona (IDEAL), amb l&#8217;exposici\u00f3 de Frida Kahlo. Va ser molt interessant, ja que t&#8217;endinses de manera virtual a la biografia d&#8217;aquesta artista, descobrint aspectes de la seva vida que [&hellip;]<\/p>\n","protected":false},"author":23,"featured_media":0,"comment_status":"closed","ping_status":"closed","sticky":false,"template":"","format":"standard","meta":{"_bbp_topic_count":0,"_bbp_reply_count":0,"_bbp_total_topic_count":0,"_bbp_total_reply_count":0,"_bbp_voice_count":0,"_bbp_anonymous_reply_count":0,"_bbp_topic_count_hidden":0,"_bbp_reply_count_hidden":0,"_bbp_forum_subforum_count":0,"site-sidebar-layout":"default","site-content-layout":"","ast-site-content-layout":"","site-content-style":"default","site-sidebar-style":"default","ast-global-header-display":"","ast-banner-title-visibility":"","ast-main-header-display":"","ast-hfb-above-header-display":"","ast-hfb-below-header-display":"","ast-hfb-mobile-header-display":"","site-post-title":"","ast-breadcrumbs-content":"","ast-featured-img":"","footer-sml-layout":"","theme-transparent-header-meta":"","adv-header-id-meta":"","stick-header-meta":"","header-above-stick-meta":"","header-main-stick-meta":"","header-below-stick-meta":"","astra-migrate-meta-layouts":"default","ast-page-background-enabled":"default","ast-page-background-meta":{"desktop":{"background-color":"var(--ast-global-color-4)","background-image":"","background-repeat":"repeat","background-position":"center center","background-size":"auto","background-attachment":"scroll","background-type":"","background-media":"","overlay-type":"","overlay-color":"","overlay-opacity":"","overlay-gradient":""},"tablet":{"background-color":"","background-image":"","background-repeat":"repeat","background-position":"center center","background-size":"auto","background-attachment":"scroll","background-type":"","background-media":"","overlay-type":"","overlay-color":"","overlay-opacity":"","overlay-gradient":""},"mobile":{"background-color":"","background-image":"","background-repeat":"repeat","background-position":"center center","background-size":"auto","background-attachment":"scroll","background-type":"","background-media":"","overlay-type":"","overlay-color":"","overlay-opacity":"","overlay-gradient":""}},"ast-content-background-meta":{"desktop":{"background-color":"var(--ast-global-color-5)","background-image":"","background-repeat":"repeat","background-position":"center center","background-size":"auto","background-attachment":"scroll","background-type":"","background-media":"","overlay-type":"","overlay-color":"","overlay-opacity":"","overlay-gradient":""},"tablet":{"background-color":"var(--ast-global-color-5)","background-image":"","background-repeat":"repeat","background-position":"center center","background-size":"auto","background-attachment":"scroll","background-type":"","background-media":"","overlay-type":"","overlay-color":"","overlay-opacity":"","overlay-gradient":""},"mobile":{"background-color":"var(--ast-global-color-5)","background-image":"","background-repeat":"repeat","background-position":"center center","background-size":"auto","background-attachment":"scroll","background-type":"","background-media":"","overlay-type":"","overlay-color":"","overlay-opacity":"","overlay-gradient":""}},"footnotes":""},"categories":[15,4,5],"tags":[],"class_list":["post-21768","post","type-post","status-publish","format-standard","hentry","category-6e","category-portada","category-primaria"],"post_mailing_queue_ids":[],"_links":{"self":[{"href":"https:\/\/agora.xtec.cat\/escalmacelles\/wp-json\/wp\/v2\/posts\/21768","targetHints":{"allow":["GET"]}}],"collection":[{"href":"https:\/\/agora.xtec.cat\/escalmacelles\/wp-json\/wp\/v2\/posts"}],"about":[{"href":"https:\/\/agora.xtec.cat\/escalmacelles\/wp-json\/wp\/v2\/types\/post"}],"author":[{"embeddable":true,"href":"https:\/\/agora.xtec.cat\/escalmacelles\/wp-json\/wp\/v2\/users\/23"}],"replies":[{"embeddable":true,"href":"https:\/\/agora.xtec.cat\/escalmacelles\/wp-json\/wp\/v2\/comments?post=21768"}],"version-history":[{"count":3,"href":"https:\/\/agora.xtec.cat\/escalmacelles\/wp-json\/wp\/v2\/posts\/21768\/revisions"}],"predecessor-version":[{"id":21771,"href":"https:\/\/agora.xtec.cat\/escalmacelles\/wp-json\/wp\/v2\/posts\/21768\/revisions\/21771"}],"wp:attachment":[{"href":"https:\/\/agora.xtec.cat\/escalmacelles\/wp-json\/wp\/v2\/media?parent=21768"}],"wp:term":[{"taxonomy":"category","embeddable":true,"href":"https:\/\/agora.xtec.cat\/escalmacelles\/wp-json\/wp\/v2\/categories?post=21768"},{"taxonomy":"post_tag","embeddable":true,"href":"https:\/\/agora.xtec.cat\/escalmacelles\/wp-json\/wp\/v2\/tags?post=21768"}],"curies":[{"name":"wp","href":"https:\/\/api.w.org\/{rel}","templated":true}]}}