{"id":21760,"date":"2022-06-02T13:09:27","date_gmt":"2022-06-02T11:09:27","guid":{"rendered":"https:\/\/agora.xtec.cat\/escalmacelles\/?p=21760"},"modified":"2022-10-04T18:26:12","modified_gmt":"2022-10-04T16:26:12","slug":"3r-visita-lajuntament-i-la-casa-clara","status":"publish","type":"post","link":"https:\/\/agora.xtec.cat\/escalmacelles\/portada\/3r-visita-lajuntament-i-la-casa-clara\/","title":{"rendered":"3r visita l&#8217;Ajuntament i la Casa Clara"},"content":{"rendered":"<p>L&#8217;alumnat de tercer estem treballant el <strong>projecte del &#8220;Poble&#8221;<\/strong> i aquest mat\u00ed hem visitat <strong>l&#8217;Ajuntament<\/strong> <strong>d&#8217;Almacelles<\/strong> i la <strong>Casa Clara<\/strong>.<\/p>\n<p>S\u00f3n dos edificis emblem\u00e0tics del nostre municipi que hem pogut con\u00e8ixer m\u00e9s a fons. Gr\u00e0cies al Oscar Lalana per explicar-nos els or\u00edgens i les curiositats del nostre poble, i sobre tot, per ensenyar-nos les masmorres, ens han encantat!<\/p>\n<p>Dins de la Casa Clara hem vist els gegants d&#8217;Almacelles i diferents espais amb molta hist\u00f2ria &#8230;<\/p>\n<p>Agrair tamb\u00e9 a l&#8217;Alcaldessa que ens hagi at\u00e8s tant b\u00e9 i hagi resp\u00f2s a les nostres preguntes amb entusiasme.<\/p>\n<p>&nbsp;<\/p>\n<p>Alumnat de tercer<\/p>\n<p>&nbsp;<\/p>\n<p style=\"text-align: center;\"><em>Si cliqueu a sobre de la imatge podreu accedir a la galeria.\u00a0<\/em><\/p>\n<p><a href=\"https:\/\/photos.app.goo.gl\/abeq9DWxV6kW9sVYA\"><img loading=\"lazy\" decoding=\"async\" class=\"alignnone size-full wp-image-21761\" src=\"https:\/\/agora.xtec.cat\/escalmacelles\/wp-content\/uploads\/usu1902\/2022\/06\/alcaldessa.jpg\" alt=\"\" width=\"1024\" height=\"768\" srcset=\"https:\/\/agora.xtec.cat\/escalmacelles\/wp-content\/uploads\/usu1902\/2022\/06\/alcaldessa.jpg 1024w, https:\/\/agora.xtec.cat\/escalmacelles\/wp-content\/uploads\/usu1902\/2022\/06\/alcaldessa-300x225.jpg 300w, https:\/\/agora.xtec.cat\/escalmacelles\/wp-content\/uploads\/usu1902\/2022\/06\/alcaldessa-768x576.jpg 768w, https:\/\/agora.xtec.cat\/escalmacelles\/wp-content\/uploads\/usu1902\/2022\/06\/alcaldessa-200x150.jpg 200w\" sizes=\"auto, (max-width: 1024px) 100vw, 1024px\" \/><\/a><\/p>\n","protected":false},"excerpt":{"rendered":"<p>L&#8217;alumnat de tercer estem treballant el projecte del &#8220;Poble&#8221; i aquest mat\u00ed hem visitat l&#8217;Ajuntament d&#8217;Almacelles i la Casa Clara. S\u00f3n dos edificis emblem\u00e0tics del nostre municipi que hem pogut con\u00e8ixer m\u00e9s a fons. Gr\u00e0cies al Oscar Lalana per explicar-nos els or\u00edgens i les curiositats del nostre poble, i sobre tot, per ensenyar-nos les masmorres, [&hellip;]<\/p>\n","protected":false},"author":13,"featured_media":0,"comment_status":"open","ping_status":"closed","sticky":false,"template":"","format":"standard","meta":{"_bbp_topic_count":0,"_bbp_reply_count":0,"_bbp_total_topic_count":0,"_bbp_total_reply_count":0,"_bbp_voice_count":0,"_bbp_anonymous_reply_count":0,"_bbp_topic_count_hidden":0,"_bbp_reply_count_hidden":0,"_bbp_forum_subforum_count":0,"site-sidebar-layout":"default","site-content-layout":"","ast-site-content-layout":"","site-content-style":"default","site-sidebar-style":"default","ast-global-header-display":"","ast-banner-title-visibility":"","ast-main-header-display":"","ast-hfb-above-header-display":"","ast-hfb-below-header-display":"","ast-hfb-mobile-header-display":"","site-post-title":"","ast-breadcrumbs-content":"","ast-featured-img":"","footer-sml-layout":"","theme-transparent-header-meta":"","adv-header-id-meta":"","stick-header-meta":"","header-above-stick-meta":"","header-main-stick-meta":"","header-below-stick-meta":"","astra-migrate-meta-layouts":"default","ast-page-background-enabled":"default","ast-page-background-meta":{"desktop":{"background-color":"var(--ast-global-color-4)","background-image":"","background-repeat":"repeat","background-position":"center center","background-size":"auto","background-attachment":"scroll","background-type":"","background-media":"","overlay-type":"","overlay-color":"","overlay-opacity":"","overlay-gradient":""},"tablet":{"background-color":"","background-image":"","background-repeat":"repeat","background-position":"center center","background-size":"auto","background-attachment":"scroll","background-type":"","background-media":"","overlay-type":"","overlay-color":"","overlay-opacity":"","overlay-gradient":""},"mobile":{"background-color":"","background-image":"","background-repeat":"repeat","background-position":"center center","background-size":"auto","background-attachment":"scroll","background-type":"","background-media":"","overlay-type":"","overlay-color":"","overlay-opacity":"","overlay-gradient":""}},"ast-content-background-meta":{"desktop":{"background-color":"var(--ast-global-color-5)","background-image":"","background-repeat":"repeat","background-position":"center center","background-size":"auto","background-attachment":"scroll","background-type":"","background-media":"","overlay-type":"","overlay-color":"","overlay-opacity":"","overlay-gradient":""},"tablet":{"background-color":"var(--ast-global-color-5)","background-image":"","background-repeat":"repeat","background-position":"center center","background-size":"auto","background-attachment":"scroll","background-type":"","background-media":"","overlay-type":"","overlay-color":"","overlay-opacity":"","overlay-gradient":""},"mobile":{"background-color":"var(--ast-global-color-5)","background-image":"","background-repeat":"repeat","background-position":"center center","background-size":"auto","background-attachment":"scroll","background-type":"","background-media":"","overlay-type":"","overlay-color":"","overlay-opacity":"","overlay-gradient":""}},"footnotes":""},"categories":[12,4,5],"tags":[215,76,385,138,347,386,259,197,280],"class_list":["post-21760","post","type-post","status-publish","format-standard","hentry","category-3r","category-portada","category-primaria","tag-ajuntament","tag-almacelles","tag-casaclara","tag-ciclemitja","tag-historia","tag-poble","tag-projecte","tag-tercer","tag-visita"],"post_mailing_queue_ids":[],"_links":{"self":[{"href":"https:\/\/agora.xtec.cat\/escalmacelles\/wp-json\/wp\/v2\/posts\/21760","targetHints":{"allow":["GET"]}}],"collection":[{"href":"https:\/\/agora.xtec.cat\/escalmacelles\/wp-json\/wp\/v2\/posts"}],"about":[{"href":"https:\/\/agora.xtec.cat\/escalmacelles\/wp-json\/wp\/v2\/types\/post"}],"author":[{"embeddable":true,"href":"https:\/\/agora.xtec.cat\/escalmacelles\/wp-json\/wp\/v2\/users\/13"}],"replies":[{"embeddable":true,"href":"https:\/\/agora.xtec.cat\/escalmacelles\/wp-json\/wp\/v2\/comments?post=21760"}],"version-history":[{"count":1,"href":"https:\/\/agora.xtec.cat\/escalmacelles\/wp-json\/wp\/v2\/posts\/21760\/revisions"}],"predecessor-version":[{"id":21762,"href":"https:\/\/agora.xtec.cat\/escalmacelles\/wp-json\/wp\/v2\/posts\/21760\/revisions\/21762"}],"wp:attachment":[{"href":"https:\/\/agora.xtec.cat\/escalmacelles\/wp-json\/wp\/v2\/media?parent=21760"}],"wp:term":[{"taxonomy":"category","embeddable":true,"href":"https:\/\/agora.xtec.cat\/escalmacelles\/wp-json\/wp\/v2\/categories?post=21760"},{"taxonomy":"post_tag","embeddable":true,"href":"https:\/\/agora.xtec.cat\/escalmacelles\/wp-json\/wp\/v2\/tags?post=21760"}],"curies":[{"name":"wp","href":"https:\/\/api.w.org\/{rel}","templated":true}]}}