{"id":21743,"date":"2022-05-24T16:09:47","date_gmt":"2022-05-24T14:09:47","guid":{"rendered":"https:\/\/agora.xtec.cat\/escalmacelles\/?p=21743"},"modified":"2022-05-24T16:10:50","modified_gmt":"2022-05-24T14:10:50","slug":"fira-dartesania-2-022","status":"publish","type":"post","link":"https:\/\/agora.xtec.cat\/escalmacelles\/portada\/fira-dartesania-2-022\/","title":{"rendered":"Fira d&#8217;artesania 2.022"},"content":{"rendered":"<p>El divendres 20 de maig, despr\u00e9s de la gran tasca dels tallers d&#8217;artesania i de tota la feina de recerca vers el m\u00f3n dels artesans, era el moment de plasmar-ho en una mostra\/exposici\u00f3 que ha estat, al mateix temps, una fira d&#8217;artesania. Aix\u00ed que s&#8217;ha guarnit el vest\u00edbul de l&#8217;escola amb parades on s&#8217;han pogut veure els resultats des de l&#8217;alumnat de P2 de l&#8217;escola Bressol, de P3 a P5 de l&#8217;alumnat d&#8217;Educaci\u00f3 Infantil de l&#8217;escola i, finalment, de tot l&#8217;alumnat d&#8217;Educaci\u00f3 Prim\u00e0ria.<\/p>\n<p>Mentre una part de l&#8217;alumnat visitava la mostra, uns altres nens i nenes, tamb\u00e9 van poder gaudir d&#8217;un seguit de jocs de fusta tradicionals que van fer molt entretinguda la jornada.<\/p>\n<p>La mostra es va obrir al p\u00fablic i estar\u00e0 visible durant dues setmanes.<\/p>\n<p>Cliqueu la imatge per veure&#8217;n el recull fotogr\u00e0fic.<\/p>\n<p><a href=\"https:\/\/photos.app.goo.gl\/Sk1gxGAqizhT9rxD8\"><img loading=\"lazy\" decoding=\"async\" class=\"alignnone size-full wp-image-21744\" src=\"https:\/\/agora.xtec.cat\/escalmacelles\/wp-content\/uploads\/usu1902\/2022\/05\/Fira_22.jpg\" alt=\"\" width=\"1024\" height=\"678\" srcset=\"https:\/\/agora.xtec.cat\/escalmacelles\/wp-content\/uploads\/usu1902\/2022\/05\/Fira_22.jpg 1024w, https:\/\/agora.xtec.cat\/escalmacelles\/wp-content\/uploads\/usu1902\/2022\/05\/Fira_22-300x199.jpg 300w, https:\/\/agora.xtec.cat\/escalmacelles\/wp-content\/uploads\/usu1902\/2022\/05\/Fira_22-768x509.jpg 768w\" sizes=\"auto, (max-width: 1024px) 100vw, 1024px\" \/><\/a><\/p>\n","protected":false},"excerpt":{"rendered":"<p>El divendres 20 de maig, despr\u00e9s de la gran tasca dels tallers d&#8217;artesania i de tota la feina de recerca vers el m\u00f3n dels artesans, era el moment de plasmar-ho en una mostra\/exposici\u00f3 que ha estat, al mateix temps, una fira d&#8217;artesania. Aix\u00ed que s&#8217;ha guarnit el vest\u00edbul de l&#8217;escola amb parades on s&#8217;han pogut [&hellip;]<\/p>\n","protected":false},"author":1,"featured_media":0,"comment_status":"closed","ping_status":"closed","sticky":false,"template":"","format":"standard","meta":{"_bbp_topic_count":0,"_bbp_reply_count":0,"_bbp_total_topic_count":0,"_bbp_total_reply_count":0,"_bbp_voice_count":0,"_bbp_anonymous_reply_count":0,"_bbp_topic_count_hidden":0,"_bbp_reply_count_hidden":0,"_bbp_forum_subforum_count":0,"site-sidebar-layout":"default","site-content-layout":"","ast-site-content-layout":"","site-content-style":"default","site-sidebar-style":"default","ast-global-header-display":"","ast-banner-title-visibility":"","ast-main-header-display":"","ast-hfb-above-header-display":"","ast-hfb-below-header-display":"","ast-hfb-mobile-header-display":"","site-post-title":"","ast-breadcrumbs-content":"","ast-featured-img":"","footer-sml-layout":"","theme-transparent-header-meta":"","adv-header-id-meta":"","stick-header-meta":"","header-above-stick-meta":"","header-main-stick-meta":"","header-below-stick-meta":"","astra-migrate-meta-layouts":"default","ast-page-background-enabled":"default","ast-page-background-meta":{"desktop":{"background-color":"var(--ast-global-color-4)","background-image":"","background-repeat":"repeat","background-position":"center center","background-size":"auto","background-attachment":"scroll","background-type":"","background-media":"","overlay-type":"","overlay-color":"","overlay-opacity":"","overlay-gradient":""},"tablet":{"background-color":"","background-image":"","background-repeat":"repeat","background-position":"center center","background-size":"auto","background-attachment":"scroll","background-type":"","background-media":"","overlay-type":"","overlay-color":"","overlay-opacity":"","overlay-gradient":""},"mobile":{"background-color":"","background-image":"","background-repeat":"repeat","background-position":"center center","background-size":"auto","background-attachment":"scroll","background-type":"","background-media":"","overlay-type":"","overlay-color":"","overlay-opacity":"","overlay-gradient":""}},"ast-content-background-meta":{"desktop":{"background-color":"var(--ast-global-color-5)","background-image":"","background-repeat":"repeat","background-position":"center center","background-size":"auto","background-attachment":"scroll","background-type":"","background-media":"","overlay-type":"","overlay-color":"","overlay-opacity":"","overlay-gradient":""},"tablet":{"background-color":"var(--ast-global-color-5)","background-image":"","background-repeat":"repeat","background-position":"center center","background-size":"auto","background-attachment":"scroll","background-type":"","background-media":"","overlay-type":"","overlay-color":"","overlay-opacity":"","overlay-gradient":""},"mobile":{"background-color":"var(--ast-global-color-5)","background-image":"","background-repeat":"repeat","background-position":"center center","background-size":"auto","background-attachment":"scroll","background-type":"","background-media":"","overlay-type":"","overlay-color":"","overlay-opacity":"","overlay-gradient":""}},"footnotes":""},"categories":[4,5],"tags":[],"class_list":["post-21743","post","type-post","status-publish","format-standard","hentry","category-portada","category-primaria"],"post_mailing_queue_ids":[],"_links":{"self":[{"href":"https:\/\/agora.xtec.cat\/escalmacelles\/wp-json\/wp\/v2\/posts\/21743","targetHints":{"allow":["GET"]}}],"collection":[{"href":"https:\/\/agora.xtec.cat\/escalmacelles\/wp-json\/wp\/v2\/posts"}],"about":[{"href":"https:\/\/agora.xtec.cat\/escalmacelles\/wp-json\/wp\/v2\/types\/post"}],"author":[{"embeddable":true,"href":"https:\/\/agora.xtec.cat\/escalmacelles\/wp-json\/wp\/v2\/users\/1"}],"replies":[{"embeddable":true,"href":"https:\/\/agora.xtec.cat\/escalmacelles\/wp-json\/wp\/v2\/comments?post=21743"}],"version-history":[{"count":2,"href":"https:\/\/agora.xtec.cat\/escalmacelles\/wp-json\/wp\/v2\/posts\/21743\/revisions"}],"predecessor-version":[{"id":21746,"href":"https:\/\/agora.xtec.cat\/escalmacelles\/wp-json\/wp\/v2\/posts\/21743\/revisions\/21746"}],"wp:attachment":[{"href":"https:\/\/agora.xtec.cat\/escalmacelles\/wp-json\/wp\/v2\/media?parent=21743"}],"wp:term":[{"taxonomy":"category","embeddable":true,"href":"https:\/\/agora.xtec.cat\/escalmacelles\/wp-json\/wp\/v2\/categories?post=21743"},{"taxonomy":"post_tag","embeddable":true,"href":"https:\/\/agora.xtec.cat\/escalmacelles\/wp-json\/wp\/v2\/tags?post=21743"}],"curies":[{"name":"wp","href":"https:\/\/api.w.org\/{rel}","templated":true}]}}