{"id":21741,"date":"2022-05-24T19:52:05","date_gmt":"2022-05-24T17:52:05","guid":{"rendered":"https:\/\/agora.xtec.cat\/escalmacelles\/?p=21741"},"modified":"2022-10-04T18:28:55","modified_gmt":"2022-10-04T16:28:55","slug":"projecte-erasmus-amb-desti-a-bolzano","status":"publish","type":"post","link":"https:\/\/agora.xtec.cat\/escalmacelles\/portada\/projecte-erasmus-amb-desti-a-bolzano\/","title":{"rendered":"Projecte Erasmus+ amb dest\u00ed a Bolzano"},"content":{"rendered":"<p>La setmana passada, del 16 al 20 de maig, vam tenir l&#8217;oportunitat de visitar escoles educatives a la localitat de Bolzano (It\u00e0lia), a trav\u00e9s del projecte Erasmus+. L&#8217;objectiu del programa \u00e9s observar com treballen la inclusi\u00f3 en el sistema educatiu itali\u00e0, per tal de poder aplicar pr\u00e0ctiques al nostre centre. Les escoles d&#8217;educaci\u00f3 prim\u00e0ria visitades van ser:<em> Scuole Bolzano VI primaria \u201cA. Manzoni\u201d i Scuole Bolzano III primaria &#8220;Don Milani<\/em>&#8220;. A m\u00e9s a m\u00e9s, tamb\u00e9 van tenir l&#8217;oportunitat de veure recursos de l&#8217;\u00e0mbit administratiu que faciliten la inclusi\u00f3 a l&#8217;aula, i vam poder visitar el centre multiling\u00fce TREVI i la <span style=\"font-weight: 400\">Scuola LEVINAS, escola de formaci\u00f3 professional.\u00a0 <\/span><\/p>\n<p>Va ser una experi\u00e8ncia molt enriquidora, en la qual van participar m\u00e9s escoles de Catalunya i les Formadores en Educaci\u00f3 Inclusiva (FEI). A continuaci\u00f3, si cliqueu a la imatge, podreu veure m\u00e9s fotografies.<\/p>\n<p><a href=\"https:\/\/photos.app.goo.gl\/wbGNsVqi2Sjw41m3A\"><img loading=\"lazy\" decoding=\"async\" class=\"size-full wp-image-21747 aligncenter\" src=\"https:\/\/agora.xtec.cat\/escalmacelles\/wp-content\/uploads\/usu1902\/2022\/05\/FOTO-bolzano.png\" alt=\"\" width=\"673\" height=\"500\" srcset=\"https:\/\/agora.xtec.cat\/escalmacelles\/wp-content\/uploads\/usu1902\/2022\/05\/FOTO-bolzano.png 673w, https:\/\/agora.xtec.cat\/escalmacelles\/wp-content\/uploads\/usu1902\/2022\/05\/FOTO-bolzano-300x223.png 300w, https:\/\/agora.xtec.cat\/escalmacelles\/wp-content\/uploads\/usu1902\/2022\/05\/FOTO-bolzano-200x150.png 200w\" sizes=\"auto, (max-width: 673px) 100vw, 673px\" \/><\/a><\/p>\n<p>&nbsp;<\/p>\n<p>&nbsp;<\/p>\n","protected":false},"excerpt":{"rendered":"<p>La setmana passada, del 16 al 20 de maig, vam tenir l&#8217;oportunitat de visitar escoles educatives a la localitat de Bolzano (It\u00e0lia), a trav\u00e9s del projecte Erasmus+. L&#8217;objectiu del programa \u00e9s observar com treballen la inclusi\u00f3 en el sistema educatiu itali\u00e0, per tal de poder aplicar pr\u00e0ctiques al nostre centre. Les escoles d&#8217;educaci\u00f3 prim\u00e0ria visitades [&hellip;]<\/p>\n","protected":false},"author":23,"featured_media":0,"comment_status":"open","ping_status":"closed","sticky":false,"template":"","format":"standard","meta":{"_bbp_topic_count":0,"_bbp_reply_count":0,"_bbp_total_topic_count":0,"_bbp_total_reply_count":0,"_bbp_voice_count":0,"_bbp_anonymous_reply_count":0,"_bbp_topic_count_hidden":0,"_bbp_reply_count_hidden":0,"_bbp_forum_subforum_count":0,"site-sidebar-layout":"default","site-content-layout":"","ast-site-content-layout":"","site-content-style":"default","site-sidebar-style":"default","ast-global-header-display":"","ast-banner-title-visibility":"","ast-main-header-display":"","ast-hfb-above-header-display":"","ast-hfb-below-header-display":"","ast-hfb-mobile-header-display":"","site-post-title":"","ast-breadcrumbs-content":"","ast-featured-img":"","footer-sml-layout":"","theme-transparent-header-meta":"","adv-header-id-meta":"","stick-header-meta":"","header-above-stick-meta":"","header-main-stick-meta":"","header-below-stick-meta":"","astra-migrate-meta-layouts":"default","ast-page-background-enabled":"default","ast-page-background-meta":{"desktop":{"background-color":"var(--ast-global-color-4)","background-image":"","background-repeat":"repeat","background-position":"center center","background-size":"auto","background-attachment":"scroll","background-type":"","background-media":"","overlay-type":"","overlay-color":"","overlay-opacity":"","overlay-gradient":""},"tablet":{"background-color":"","background-image":"","background-repeat":"repeat","background-position":"center center","background-size":"auto","background-attachment":"scroll","background-type":"","background-media":"","overlay-type":"","overlay-color":"","overlay-opacity":"","overlay-gradient":""},"mobile":{"background-color":"","background-image":"","background-repeat":"repeat","background-position":"center center","background-size":"auto","background-attachment":"scroll","background-type":"","background-media":"","overlay-type":"","overlay-color":"","overlay-opacity":"","overlay-gradient":""}},"ast-content-background-meta":{"desktop":{"background-color":"var(--ast-global-color-5)","background-image":"","background-repeat":"repeat","background-position":"center center","background-size":"auto","background-attachment":"scroll","background-type":"","background-media":"","overlay-type":"","overlay-color":"","overlay-opacity":"","overlay-gradient":""},"tablet":{"background-color":"var(--ast-global-color-5)","background-image":"","background-repeat":"repeat","background-position":"center center","background-size":"auto","background-attachment":"scroll","background-type":"","background-media":"","overlay-type":"","overlay-color":"","overlay-opacity":"","overlay-gradient":""},"mobile":{"background-color":"var(--ast-global-color-5)","background-image":"","background-repeat":"repeat","background-position":"center center","background-size":"auto","background-attachment":"scroll","background-type":"","background-media":"","overlay-type":"","overlay-color":"","overlay-opacity":"","overlay-gradient":""}},"footnotes":""},"categories":[4,5],"tags":[],"class_list":["post-21741","post","type-post","status-publish","format-standard","hentry","category-portada","category-primaria"],"post_mailing_queue_ids":[],"_links":{"self":[{"href":"https:\/\/agora.xtec.cat\/escalmacelles\/wp-json\/wp\/v2\/posts\/21741","targetHints":{"allow":["GET"]}}],"collection":[{"href":"https:\/\/agora.xtec.cat\/escalmacelles\/wp-json\/wp\/v2\/posts"}],"about":[{"href":"https:\/\/agora.xtec.cat\/escalmacelles\/wp-json\/wp\/v2\/types\/post"}],"author":[{"embeddable":true,"href":"https:\/\/agora.xtec.cat\/escalmacelles\/wp-json\/wp\/v2\/users\/23"}],"replies":[{"embeddable":true,"href":"https:\/\/agora.xtec.cat\/escalmacelles\/wp-json\/wp\/v2\/comments?post=21741"}],"version-history":[{"count":3,"href":"https:\/\/agora.xtec.cat\/escalmacelles\/wp-json\/wp\/v2\/posts\/21741\/revisions"}],"predecessor-version":[{"id":21749,"href":"https:\/\/agora.xtec.cat\/escalmacelles\/wp-json\/wp\/v2\/posts\/21741\/revisions\/21749"}],"wp:attachment":[{"href":"https:\/\/agora.xtec.cat\/escalmacelles\/wp-json\/wp\/v2\/media?parent=21741"}],"wp:term":[{"taxonomy":"category","embeddable":true,"href":"https:\/\/agora.xtec.cat\/escalmacelles\/wp-json\/wp\/v2\/categories?post=21741"},{"taxonomy":"post_tag","embeddable":true,"href":"https:\/\/agora.xtec.cat\/escalmacelles\/wp-json\/wp\/v2\/tags?post=21741"}],"curies":[{"name":"wp","href":"https:\/\/api.w.org\/{rel}","templated":true}]}}