{"id":21737,"date":"2022-05-20T10:18:19","date_gmt":"2022-05-20T08:18:19","guid":{"rendered":"https:\/\/agora.xtec.cat\/escalmacelles\/?p=21737"},"modified":"2022-05-20T10:20:46","modified_gmt":"2022-05-20T08:20:46","slug":"sortida-de-3r-a-les-coves-de-la-font-major-espluga-de-francoli","status":"publish","type":"post","link":"https:\/\/agora.xtec.cat\/escalmacelles\/portada\/sortida-de-3r-a-les-coves-de-la-font-major-espluga-de-francoli\/","title":{"rendered":"Sortida de 3r a les Coves de  la Font Major (Espluga de Francol\u00ed)"},"content":{"rendered":"<p>L&#8217;alumnat de 3r hem estudiat la <strong>prehist\u00f2ria<\/strong> i ens hem endinsat de ple en aquest tema&#8230; tant, que hem acabat a dins de les <strong>Coves de la Font Major,<\/strong> a l&#8217;Espluga de Francol\u00ed!<\/p>\n<p>Hem visitat les Coves quilom\u00e8triques i hem vist de primera m\u00e0 com vivien els\/les nostres avantpassats\/des. Tamb\u00e9 hem constru\u00eft una cova amb rames i pells d&#8217;animals, hem pintat una pintura rupestre en una pedra, i hem passat una mica de fred a les g\u00e8lides i humides coves&#8230;<\/p>\n<p style=\"text-align: center;\"><em>Si cliqueu a la imatge podreu accedir a l&#8217;\u00e0lbum de fotografies de la sortida.\u00a0<\/em><\/p>\n<p><a href=\"https:\/\/photos.app.goo.gl\/cuXsAtw1n6zuTf4s5\"><img loading=\"lazy\" decoding=\"async\" class=\"alignnone size-full wp-image-21738\" src=\"https:\/\/agora.xtec.cat\/escalmacelles\/wp-content\/uploads\/usu1902\/2022\/05\/coves.jpg\" alt=\"\" width=\"1024\" height=\"768\" srcset=\"https:\/\/agora.xtec.cat\/escalmacelles\/wp-content\/uploads\/usu1902\/2022\/05\/coves.jpg 1024w, https:\/\/agora.xtec.cat\/escalmacelles\/wp-content\/uploads\/usu1902\/2022\/05\/coves-300x225.jpg 300w, https:\/\/agora.xtec.cat\/escalmacelles\/wp-content\/uploads\/usu1902\/2022\/05\/coves-768x576.jpg 768w, https:\/\/agora.xtec.cat\/escalmacelles\/wp-content\/uploads\/usu1902\/2022\/05\/coves-200x150.jpg 200w\" sizes=\"auto, (max-width: 1024px) 100vw, 1024px\" \/><\/a><\/p>\n","protected":false},"excerpt":{"rendered":"<p>L&#8217;alumnat de 3r hem estudiat la prehist\u00f2ria i ens hem endinsat de ple en aquest tema&#8230; tant, que hem acabat a dins de les Coves de la Font Major, a l&#8217;Espluga de Francol\u00ed! Hem visitat les Coves quilom\u00e8triques i hem vist de primera m\u00e0 com vivien els\/les nostres avantpassats\/des. Tamb\u00e9 hem constru\u00eft una cova amb [&hellip;]<\/p>\n","protected":false},"author":13,"featured_media":0,"comment_status":"open","ping_status":"closed","sticky":false,"template":"","format":"standard","meta":{"_bbp_topic_count":0,"_bbp_reply_count":0,"_bbp_total_topic_count":0,"_bbp_total_reply_count":0,"_bbp_voice_count":0,"_bbp_anonymous_reply_count":0,"_bbp_topic_count_hidden":0,"_bbp_reply_count_hidden":0,"_bbp_forum_subforum_count":0,"site-sidebar-layout":"default","site-content-layout":"","ast-site-content-layout":"","site-content-style":"default","site-sidebar-style":"default","ast-global-header-display":"","ast-banner-title-visibility":"","ast-main-header-display":"","ast-hfb-above-header-display":"","ast-hfb-below-header-display":"","ast-hfb-mobile-header-display":"","site-post-title":"","ast-breadcrumbs-content":"","ast-featured-img":"","footer-sml-layout":"","theme-transparent-header-meta":"","adv-header-id-meta":"","stick-header-meta":"","header-above-stick-meta":"","header-main-stick-meta":"","header-below-stick-meta":"","astra-migrate-meta-layouts":"default","ast-page-background-enabled":"default","ast-page-background-meta":{"desktop":{"background-color":"var(--ast-global-color-4)","background-image":"","background-repeat":"repeat","background-position":"center center","background-size":"auto","background-attachment":"scroll","background-type":"","background-media":"","overlay-type":"","overlay-color":"","overlay-opacity":"","overlay-gradient":""},"tablet":{"background-color":"","background-image":"","background-repeat":"repeat","background-position":"center center","background-size":"auto","background-attachment":"scroll","background-type":"","background-media":"","overlay-type":"","overlay-color":"","overlay-opacity":"","overlay-gradient":""},"mobile":{"background-color":"","background-image":"","background-repeat":"repeat","background-position":"center center","background-size":"auto","background-attachment":"scroll","background-type":"","background-media":"","overlay-type":"","overlay-color":"","overlay-opacity":"","overlay-gradient":""}},"ast-content-background-meta":{"desktop":{"background-color":"var(--ast-global-color-5)","background-image":"","background-repeat":"repeat","background-position":"center center","background-size":"auto","background-attachment":"scroll","background-type":"","background-media":"","overlay-type":"","overlay-color":"","overlay-opacity":"","overlay-gradient":""},"tablet":{"background-color":"var(--ast-global-color-5)","background-image":"","background-repeat":"repeat","background-position":"center center","background-size":"auto","background-attachment":"scroll","background-type":"","background-media":"","overlay-type":"","overlay-color":"","overlay-opacity":"","overlay-gradient":""},"mobile":{"background-color":"var(--ast-global-color-5)","background-image":"","background-repeat":"repeat","background-position":"center center","background-size":"auto","background-attachment":"scroll","background-type":"","background-media":"","overlay-type":"","overlay-color":"","overlay-opacity":"","overlay-gradient":""}},"footnotes":""},"categories":[4],"tags":[331,381,168,347,384,383,382,78],"class_list":["post-21737","post","type-post","status-publish","format-standard","hentry","category-portada","tag-coves","tag-esplugadefrancoli","tag-excursio","tag-historia","tag-neolitic","tag-paleolitic","tag-prehistoria","tag-sortida"],"post_mailing_queue_ids":[],"_links":{"self":[{"href":"https:\/\/agora.xtec.cat\/escalmacelles\/wp-json\/wp\/v2\/posts\/21737","targetHints":{"allow":["GET"]}}],"collection":[{"href":"https:\/\/agora.xtec.cat\/escalmacelles\/wp-json\/wp\/v2\/posts"}],"about":[{"href":"https:\/\/agora.xtec.cat\/escalmacelles\/wp-json\/wp\/v2\/types\/post"}],"author":[{"embeddable":true,"href":"https:\/\/agora.xtec.cat\/escalmacelles\/wp-json\/wp\/v2\/users\/13"}],"replies":[{"embeddable":true,"href":"https:\/\/agora.xtec.cat\/escalmacelles\/wp-json\/wp\/v2\/comments?post=21737"}],"version-history":[{"count":2,"href":"https:\/\/agora.xtec.cat\/escalmacelles\/wp-json\/wp\/v2\/posts\/21737\/revisions"}],"predecessor-version":[{"id":21740,"href":"https:\/\/agora.xtec.cat\/escalmacelles\/wp-json\/wp\/v2\/posts\/21737\/revisions\/21740"}],"wp:attachment":[{"href":"https:\/\/agora.xtec.cat\/escalmacelles\/wp-json\/wp\/v2\/media?parent=21737"}],"wp:term":[{"taxonomy":"category","embeddable":true,"href":"https:\/\/agora.xtec.cat\/escalmacelles\/wp-json\/wp\/v2\/categories?post=21737"},{"taxonomy":"post_tag","embeddable":true,"href":"https:\/\/agora.xtec.cat\/escalmacelles\/wp-json\/wp\/v2\/tags?post=21737"}],"curies":[{"name":"wp","href":"https:\/\/api.w.org\/{rel}","templated":true}]}}