{"id":21680,"date":"2022-05-03T15:36:58","date_gmt":"2022-05-03T13:36:58","guid":{"rendered":"https:\/\/agora.xtec.cat\/escalmacelles\/?p=21680"},"modified":"2022-05-03T15:36:58","modified_gmt":"2022-05-03T13:36:58","slug":"dia-de-leducacio-fisica-al-carrer","status":"publish","type":"post","link":"https:\/\/agora.xtec.cat\/escalmacelles\/portada\/dia-de-leducacio-fisica-al-carrer\/","title":{"rendered":"DIA DE L&#8217;EDUCACI\u00d3 F\u00cdSICA AL CARRER"},"content":{"rendered":"<p>El dia 27 d&#8217;abril a l\u2019escola vam celebrar el Dia de l\u2019Educaci\u00f3 F\u00edsica al Carrer (DEFC), activitat promoguda pel Col\u00b7legi de Professionals de l\u2019Activitat F\u00edsica i de l\u2019Esport de Catalunya i recomanada pel<br \/>\ncoordinador del Patronat d\u2019Esports de l\u2019ajuntament d\u2019Almacelles. Aquest DEFC \u00e9s una jornada festiva i de conviv\u00e8ncia per mitj\u00e0 de la qual es vol fer visible el valor de l\u2019Educaci\u00f3 F\u00edsica.<\/p>\n<p>L\u2019alumnat i professorat del centre vam sortir a les places, parcs i carrers del poble per\u00a0 fer alguna activitat f\u00edsica. L&#8217;alumnat d&#8217;Educaci\u00f3 Infantil va anar al camp de futbol a ballar Zumba i a practicar Ioga. 1r i 2n van escollir el Parc d&#8217;Europa per passar una estona divertida fent jocs i Cicle Mitj\u00e0 ho van fer a la Pla\u00e7a Fortuny. Finalment, l&#8217;alumnat de 5\u00e8 va fer una llarga caminada fins al pant\u00e0 de Sucs. Els alumnes de 6\u00e8 no van poder fer cap activitat aquest dia perqu\u00e8 estaven fent les compet\u00e8ncies b\u00e0siques, per\u00f2 ells\/es tamb\u00e9 volen participar en aquesta iniciativa esportiva i tenen programada una bicicletada\/caminada a La Saira.<\/p>\n<p>Va ser una jornada esportiva molt divertida i saludable!!!<\/p>\n<p><a href=\"https:\/\/photos.app.goo.gl\/zVF9PUa6fbgVGsZu8\"><img loading=\"lazy\" decoding=\"async\" class=\"alignnone size-full wp-image-21694\" src=\"https:\/\/agora.xtec.cat\/escalmacelles\/wp-content\/uploads\/usu1902\/2022\/05\/IMG_20220427_103946.jpg\" alt=\"\" width=\"1024\" height=\"768\" srcset=\"https:\/\/agora.xtec.cat\/escalmacelles\/wp-content\/uploads\/usu1902\/2022\/05\/IMG_20220427_103946.jpg 1024w, https:\/\/agora.xtec.cat\/escalmacelles\/wp-content\/uploads\/usu1902\/2022\/05\/IMG_20220427_103946-300x225.jpg 300w, https:\/\/agora.xtec.cat\/escalmacelles\/wp-content\/uploads\/usu1902\/2022\/05\/IMG_20220427_103946-768x576.jpg 768w, https:\/\/agora.xtec.cat\/escalmacelles\/wp-content\/uploads\/usu1902\/2022\/05\/IMG_20220427_103946-200x150.jpg 200w\" sizes=\"auto, (max-width: 1024px) 100vw, 1024px\" \/><\/a><\/p>\n<p>&nbsp;<\/p>\n","protected":false},"excerpt":{"rendered":"<p>El dia 27 d&#8217;abril a l\u2019escola vam celebrar el Dia de l\u2019Educaci\u00f3 F\u00edsica al Carrer (DEFC), activitat promoguda pel Col\u00b7legi de Professionals de l\u2019Activitat F\u00edsica i de l\u2019Esport de Catalunya i recomanada pel coordinador del Patronat d\u2019Esports de l\u2019ajuntament d\u2019Almacelles. Aquest DEFC \u00e9s una jornada festiva i de conviv\u00e8ncia per mitj\u00e0 de la qual es [&hellip;]<\/p>\n","protected":false},"author":4,"featured_media":0,"comment_status":"closed","ping_status":"closed","sticky":false,"template":"","format":"standard","meta":{"_bbp_topic_count":0,"_bbp_reply_count":0,"_bbp_total_topic_count":0,"_bbp_total_reply_count":0,"_bbp_voice_count":0,"_bbp_anonymous_reply_count":0,"_bbp_topic_count_hidden":0,"_bbp_reply_count_hidden":0,"_bbp_forum_subforum_count":0,"site-sidebar-layout":"default","site-content-layout":"","ast-site-content-layout":"","site-content-style":"default","site-sidebar-style":"default","ast-global-header-display":"","ast-banner-title-visibility":"","ast-main-header-display":"","ast-hfb-above-header-display":"","ast-hfb-below-header-display":"","ast-hfb-mobile-header-display":"","site-post-title":"","ast-breadcrumbs-content":"","ast-featured-img":"","footer-sml-layout":"","theme-transparent-header-meta":"","adv-header-id-meta":"","stick-header-meta":"","header-above-stick-meta":"","header-main-stick-meta":"","header-below-stick-meta":"","astra-migrate-meta-layouts":"default","ast-page-background-enabled":"default","ast-page-background-meta":{"desktop":{"background-color":"var(--ast-global-color-4)","background-image":"","background-repeat":"repeat","background-position":"center center","background-size":"auto","background-attachment":"scroll","background-type":"","background-media":"","overlay-type":"","overlay-color":"","overlay-opacity":"","overlay-gradient":""},"tablet":{"background-color":"","background-image":"","background-repeat":"repeat","background-position":"center center","background-size":"auto","background-attachment":"scroll","background-type":"","background-media":"","overlay-type":"","overlay-color":"","overlay-opacity":"","overlay-gradient":""},"mobile":{"background-color":"","background-image":"","background-repeat":"repeat","background-position":"center center","background-size":"auto","background-attachment":"scroll","background-type":"","background-media":"","overlay-type":"","overlay-color":"","overlay-opacity":"","overlay-gradient":""}},"ast-content-background-meta":{"desktop":{"background-color":"var(--ast-global-color-5)","background-image":"","background-repeat":"repeat","background-position":"center center","background-size":"auto","background-attachment":"scroll","background-type":"","background-media":"","overlay-type":"","overlay-color":"","overlay-opacity":"","overlay-gradient":""},"tablet":{"background-color":"var(--ast-global-color-5)","background-image":"","background-repeat":"repeat","background-position":"center center","background-size":"auto","background-attachment":"scroll","background-type":"","background-media":"","overlay-type":"","overlay-color":"","overlay-opacity":"","overlay-gradient":""},"mobile":{"background-color":"var(--ast-global-color-5)","background-image":"","background-repeat":"repeat","background-position":"center center","background-size":"auto","background-attachment":"scroll","background-type":"","background-media":"","overlay-type":"","overlay-color":"","overlay-opacity":"","overlay-gradient":""}},"footnotes":""},"categories":[4],"tags":[],"class_list":["post-21680","post","type-post","status-publish","format-standard","hentry","category-portada"],"post_mailing_queue_ids":[],"_links":{"self":[{"href":"https:\/\/agora.xtec.cat\/escalmacelles\/wp-json\/wp\/v2\/posts\/21680","targetHints":{"allow":["GET"]}}],"collection":[{"href":"https:\/\/agora.xtec.cat\/escalmacelles\/wp-json\/wp\/v2\/posts"}],"about":[{"href":"https:\/\/agora.xtec.cat\/escalmacelles\/wp-json\/wp\/v2\/types\/post"}],"author":[{"embeddable":true,"href":"https:\/\/agora.xtec.cat\/escalmacelles\/wp-json\/wp\/v2\/users\/4"}],"replies":[{"embeddable":true,"href":"https:\/\/agora.xtec.cat\/escalmacelles\/wp-json\/wp\/v2\/comments?post=21680"}],"version-history":[{"count":3,"href":"https:\/\/agora.xtec.cat\/escalmacelles\/wp-json\/wp\/v2\/posts\/21680\/revisions"}],"predecessor-version":[{"id":21696,"href":"https:\/\/agora.xtec.cat\/escalmacelles\/wp-json\/wp\/v2\/posts\/21680\/revisions\/21696"}],"wp:attachment":[{"href":"https:\/\/agora.xtec.cat\/escalmacelles\/wp-json\/wp\/v2\/media?parent=21680"}],"wp:term":[{"taxonomy":"category","embeddable":true,"href":"https:\/\/agora.xtec.cat\/escalmacelles\/wp-json\/wp\/v2\/categories?post=21680"},{"taxonomy":"post_tag","embeddable":true,"href":"https:\/\/agora.xtec.cat\/escalmacelles\/wp-json\/wp\/v2\/tags?post=21680"}],"curies":[{"name":"wp","href":"https:\/\/api.w.org\/{rel}","templated":true}]}}