{"id":21646,"date":"2022-04-24T18:25:14","date_gmt":"2022-04-24T16:25:14","guid":{"rendered":"https:\/\/agora.xtec.cat\/escalmacelles\/?p=21646"},"modified":"2022-10-04T18:44:08","modified_gmt":"2022-10-04T16:44:08","slug":"a-la-recerca-dels-ous-de-pasqua-cicle-inicial-cicle-superior","status":"publish","type":"post","link":"https:\/\/agora.xtec.cat\/escalmacelles\/portada\/a-la-recerca-dels-ous-de-pasqua-cicle-inicial-cicle-superior\/","title":{"rendered":"A LA RECERCA DELS OUS DE PASQUA CICLE INICIAL-CICLE SUPERIOR"},"content":{"rendered":"<p>El darrer divendres del trimestre, Cicle Inicial anava a l&#8217;ermita del poble a buscar els ous de Pasqua. Per fomentar la coneixen\u00e7a entre fillols i padrins i establir vincles afectius i complicitats, l&#8217;alumnat de Cicle Superior els vam acompanyar a l&#8217;ermita a fer la recerca dels ous de Pasqua.<\/p>\n<p>Despr\u00e9s d&#8217;esmorzar, tots plegats, els petits com a veritables i intr\u00e8pids detectius van iniciar la recerca. S&#8217;havien amagat molt b\u00e9 els ous de xocolata de Pasqua, per\u00f2 un a un, els van anar trobant. Quina emoci\u00f3!. Vam passar un mat\u00ed digne de recordar.<\/p>\n<p><a href=\"https:\/\/photos.app.goo.gl\/gdJZBWsickLFv7sN7\" target=\"_blank\" rel=\"noopener\"><img loading=\"lazy\" decoding=\"async\" class=\"wp-image-21649 aligncenter\" src=\"https:\/\/agora.xtec.cat\/escalmacelles\/wp-content\/uploads\/usu1902\/2022\/04\/WhatsApp-Image-2022-04-24-at-4.21.43-PM-1-1-768x1024.jpeg\" alt=\"\" width=\"281\" height=\"375\" srcset=\"https:\/\/agora.xtec.cat\/escalmacelles\/wp-content\/uploads\/usu1902\/2022\/04\/WhatsApp-Image-2022-04-24-at-4.21.43-PM-1-1-768x1024.jpeg 768w, https:\/\/agora.xtec.cat\/escalmacelles\/wp-content\/uploads\/usu1902\/2022\/04\/WhatsApp-Image-2022-04-24-at-4.21.43-PM-1-1-225x300.jpeg 225w, https:\/\/agora.xtec.cat\/escalmacelles\/wp-content\/uploads\/usu1902\/2022\/04\/WhatsApp-Image-2022-04-24-at-4.21.43-PM-1-1-1152x1536.jpeg 1152w, https:\/\/agora.xtec.cat\/escalmacelles\/wp-content\/uploads\/usu1902\/2022\/04\/WhatsApp-Image-2022-04-24-at-4.21.43-PM-1-1.jpeg 1200w\" sizes=\"auto, (max-width: 281px) 100vw, 281px\" \/><\/a><\/p>\n<p>&nbsp;<\/p>\n","protected":false},"excerpt":{"rendered":"<p>El darrer divendres del trimestre, Cicle Inicial anava a l&#8217;ermita del poble a buscar els ous de Pasqua. Per fomentar la coneixen\u00e7a entre fillols i padrins i establir vincles afectius i complicitats, l&#8217;alumnat de Cicle Superior els vam acompanyar a l&#8217;ermita a fer la recerca dels ous de Pasqua. Despr\u00e9s d&#8217;esmorzar, tots plegats, els petits [&hellip;]<\/p>\n","protected":false},"author":1,"featured_media":21649,"comment_status":"open","ping_status":"closed","sticky":false,"template":"","format":"standard","meta":{"_bbp_topic_count":0,"_bbp_reply_count":0,"_bbp_total_topic_count":0,"_bbp_total_reply_count":0,"_bbp_voice_count":0,"_bbp_anonymous_reply_count":0,"_bbp_topic_count_hidden":0,"_bbp_reply_count_hidden":0,"_bbp_forum_subforum_count":0,"site-sidebar-layout":"default","site-content-layout":"","ast-site-content-layout":"","site-content-style":"default","site-sidebar-style":"default","ast-global-header-display":"","ast-banner-title-visibility":"","ast-main-header-display":"","ast-hfb-above-header-display":"","ast-hfb-below-header-display":"","ast-hfb-mobile-header-display":"","site-post-title":"","ast-breadcrumbs-content":"","ast-featured-img":"","footer-sml-layout":"","theme-transparent-header-meta":"","adv-header-id-meta":"","stick-header-meta":"","header-above-stick-meta":"","header-main-stick-meta":"","header-below-stick-meta":"","astra-migrate-meta-layouts":"default","ast-page-background-enabled":"default","ast-page-background-meta":{"desktop":{"background-color":"var(--ast-global-color-4)","background-image":"","background-repeat":"repeat","background-position":"center center","background-size":"auto","background-attachment":"scroll","background-type":"","background-media":"","overlay-type":"","overlay-color":"","overlay-opacity":"","overlay-gradient":""},"tablet":{"background-color":"","background-image":"","background-repeat":"repeat","background-position":"center center","background-size":"auto","background-attachment":"scroll","background-type":"","background-media":"","overlay-type":"","overlay-color":"","overlay-opacity":"","overlay-gradient":""},"mobile":{"background-color":"","background-image":"","background-repeat":"repeat","background-position":"center center","background-size":"auto","background-attachment":"scroll","background-type":"","background-media":"","overlay-type":"","overlay-color":"","overlay-opacity":"","overlay-gradient":""}},"ast-content-background-meta":{"desktop":{"background-color":"var(--ast-global-color-5)","background-image":"","background-repeat":"repeat","background-position":"center center","background-size":"auto","background-attachment":"scroll","background-type":"","background-media":"","overlay-type":"","overlay-color":"","overlay-opacity":"","overlay-gradient":""},"tablet":{"background-color":"var(--ast-global-color-5)","background-image":"","background-repeat":"repeat","background-position":"center center","background-size":"auto","background-attachment":"scroll","background-type":"","background-media":"","overlay-type":"","overlay-color":"","overlay-opacity":"","overlay-gradient":""},"mobile":{"background-color":"var(--ast-global-color-5)","background-image":"","background-repeat":"repeat","background-position":"center center","background-size":"auto","background-attachment":"scroll","background-type":"","background-media":"","overlay-type":"","overlay-color":"","overlay-opacity":"","overlay-gradient":""}},"footnotes":""},"categories":[10,11,14,15,4,5],"tags":[],"class_list":["post-21646","post","type-post","status-publish","format-standard","has-post-thumbnail","hentry","category-1r","category-2n","category-5e","category-6e","category-portada","category-primaria"],"post_mailing_queue_ids":[],"_links":{"self":[{"href":"https:\/\/agora.xtec.cat\/escalmacelles\/wp-json\/wp\/v2\/posts\/21646","targetHints":{"allow":["GET"]}}],"collection":[{"href":"https:\/\/agora.xtec.cat\/escalmacelles\/wp-json\/wp\/v2\/posts"}],"about":[{"href":"https:\/\/agora.xtec.cat\/escalmacelles\/wp-json\/wp\/v2\/types\/post"}],"author":[{"embeddable":true,"href":"https:\/\/agora.xtec.cat\/escalmacelles\/wp-json\/wp\/v2\/users\/1"}],"replies":[{"embeddable":true,"href":"https:\/\/agora.xtec.cat\/escalmacelles\/wp-json\/wp\/v2\/comments?post=21646"}],"version-history":[{"count":3,"href":"https:\/\/agora.xtec.cat\/escalmacelles\/wp-json\/wp\/v2\/posts\/21646\/revisions"}],"predecessor-version":[{"id":21662,"href":"https:\/\/agora.xtec.cat\/escalmacelles\/wp-json\/wp\/v2\/posts\/21646\/revisions\/21662"}],"wp:featuredmedia":[{"embeddable":true,"href":"https:\/\/agora.xtec.cat\/escalmacelles\/wp-json\/wp\/v2\/media\/21649"}],"wp:attachment":[{"href":"https:\/\/agora.xtec.cat\/escalmacelles\/wp-json\/wp\/v2\/media?parent=21646"}],"wp:term":[{"taxonomy":"category","embeddable":true,"href":"https:\/\/agora.xtec.cat\/escalmacelles\/wp-json\/wp\/v2\/categories?post=21646"},{"taxonomy":"post_tag","embeddable":true,"href":"https:\/\/agora.xtec.cat\/escalmacelles\/wp-json\/wp\/v2\/tags?post=21646"}],"curies":[{"name":"wp","href":"https:\/\/api.w.org\/{rel}","templated":true}]}}