{"id":21640,"date":"2022-04-27T12:40:00","date_gmt":"2022-04-27T10:40:00","guid":{"rendered":"https:\/\/agora.xtec.cat\/escalmacelles\/?p=21640"},"modified":"2022-10-04T18:40:55","modified_gmt":"2022-10-04T16:40:55","slug":"els-nostres-telenoticies","status":"publish","type":"post","link":"https:\/\/agora.xtec.cat\/escalmacelles\/portada\/els-nostres-telenoticies\/","title":{"rendered":"Els nostres telenot\u00edcies"},"content":{"rendered":"<p>Durant el segon trimestre, l&#8217;alumnat de 6\u00e8 va crear el seu propi telenot\u00edcies. Aquesta activitat l&#8217;hem abordat des de diferents \u00e0mbits, per\u00f2 especialment des de l&#8217;\u00e0rea d&#8217;expressi\u00f3 oral.<\/p>\n<p>Ens vam organitzar de la seg\u00fcent manera: primer, vam veure un telenot\u00edcies actual i el vam analitzar. Despr\u00e9s, ens vam repartir les seccions que el formen i vam buscar not\u00edcies actuals i properes. Per grups, es van repartir la informaci\u00f3 i ho van redactar.\u00a0 Amb el &#8220;cueprompter&#8221;,\u00a0 vam practicar-ho i, finalment, ho vam gravar. Un cop vam tenir els v\u00eddeos enregistrats, cada secci\u00f3 va editar el seu amb l&#8217;editor de v\u00eddeos &#8220;clipchamp&#8221;. Va ser una activitat molt enriquidora, divertida i significativa per a tots i totes! S\u00f3n uns magn\u00edfics periodistes!!<\/p>\n<p>A continuaci\u00f3, si cliqueu sobre la imatge, veureu els resultats i algunes preses falses.<\/p>\n<p><a href=\"https:\/\/photos.app.goo.gl\/df91oV3j9a57aVA37\"><img loading=\"lazy\" decoding=\"async\" class=\"size-full wp-image-21667 aligncenter\" src=\"https:\/\/agora.xtec.cat\/escalmacelles\/wp-content\/uploads\/usu1902\/2022\/04\/IMG_1874.jpg\" alt=\"\" width=\"441\" height=\"383\" srcset=\"https:\/\/agora.xtec.cat\/escalmacelles\/wp-content\/uploads\/usu1902\/2022\/04\/IMG_1874.jpg 441w, https:\/\/agora.xtec.cat\/escalmacelles\/wp-content\/uploads\/usu1902\/2022\/04\/IMG_1874-300x261.jpg 300w\" sizes=\"auto, (max-width: 441px) 100vw, 441px\" \/><\/a><\/p>\n","protected":false},"excerpt":{"rendered":"<p>Durant el segon trimestre, l&#8217;alumnat de 6\u00e8 va crear el seu propi telenot\u00edcies. Aquesta activitat l&#8217;hem abordat des de diferents \u00e0mbits, per\u00f2 especialment des de l&#8217;\u00e0rea d&#8217;expressi\u00f3 oral. Ens vam organitzar de la seg\u00fcent manera: primer, vam veure un telenot\u00edcies actual i el vam analitzar. Despr\u00e9s, ens vam repartir les seccions que el formen i [&hellip;]<\/p>\n","protected":false},"author":23,"featured_media":0,"comment_status":"closed","ping_status":"closed","sticky":false,"template":"","format":"standard","meta":{"_bbp_topic_count":0,"_bbp_reply_count":0,"_bbp_total_topic_count":0,"_bbp_total_reply_count":0,"_bbp_voice_count":0,"_bbp_anonymous_reply_count":0,"_bbp_topic_count_hidden":0,"_bbp_reply_count_hidden":0,"_bbp_forum_subforum_count":0,"site-sidebar-layout":"default","site-content-layout":"","ast-site-content-layout":"","site-content-style":"default","site-sidebar-style":"default","ast-global-header-display":"","ast-banner-title-visibility":"","ast-main-header-display":"","ast-hfb-above-header-display":"","ast-hfb-below-header-display":"","ast-hfb-mobile-header-display":"","site-post-title":"","ast-breadcrumbs-content":"","ast-featured-img":"","footer-sml-layout":"","theme-transparent-header-meta":"","adv-header-id-meta":"","stick-header-meta":"","header-above-stick-meta":"","header-main-stick-meta":"","header-below-stick-meta":"","astra-migrate-meta-layouts":"default","ast-page-background-enabled":"default","ast-page-background-meta":{"desktop":{"background-color":"var(--ast-global-color-4)","background-image":"","background-repeat":"repeat","background-position":"center center","background-size":"auto","background-attachment":"scroll","background-type":"","background-media":"","overlay-type":"","overlay-color":"","overlay-opacity":"","overlay-gradient":""},"tablet":{"background-color":"","background-image":"","background-repeat":"repeat","background-position":"center center","background-size":"auto","background-attachment":"scroll","background-type":"","background-media":"","overlay-type":"","overlay-color":"","overlay-opacity":"","overlay-gradient":""},"mobile":{"background-color":"","background-image":"","background-repeat":"repeat","background-position":"center center","background-size":"auto","background-attachment":"scroll","background-type":"","background-media":"","overlay-type":"","overlay-color":"","overlay-opacity":"","overlay-gradient":""}},"ast-content-background-meta":{"desktop":{"background-color":"var(--ast-global-color-5)","background-image":"","background-repeat":"repeat","background-position":"center center","background-size":"auto","background-attachment":"scroll","background-type":"","background-media":"","overlay-type":"","overlay-color":"","overlay-opacity":"","overlay-gradient":""},"tablet":{"background-color":"var(--ast-global-color-5)","background-image":"","background-repeat":"repeat","background-position":"center center","background-size":"auto","background-attachment":"scroll","background-type":"","background-media":"","overlay-type":"","overlay-color":"","overlay-opacity":"","overlay-gradient":""},"mobile":{"background-color":"var(--ast-global-color-5)","background-image":"","background-repeat":"repeat","background-position":"center center","background-size":"auto","background-attachment":"scroll","background-type":"","background-media":"","overlay-type":"","overlay-color":"","overlay-opacity":"","overlay-gradient":""}},"footnotes":""},"categories":[15,4,5],"tags":[],"class_list":["post-21640","post","type-post","status-publish","format-standard","hentry","category-6e","category-portada","category-primaria"],"post_mailing_queue_ids":[],"_links":{"self":[{"href":"https:\/\/agora.xtec.cat\/escalmacelles\/wp-json\/wp\/v2\/posts\/21640","targetHints":{"allow":["GET"]}}],"collection":[{"href":"https:\/\/agora.xtec.cat\/escalmacelles\/wp-json\/wp\/v2\/posts"}],"about":[{"href":"https:\/\/agora.xtec.cat\/escalmacelles\/wp-json\/wp\/v2\/types\/post"}],"author":[{"embeddable":true,"href":"https:\/\/agora.xtec.cat\/escalmacelles\/wp-json\/wp\/v2\/users\/23"}],"replies":[{"embeddable":true,"href":"https:\/\/agora.xtec.cat\/escalmacelles\/wp-json\/wp\/v2\/comments?post=21640"}],"version-history":[{"count":3,"href":"https:\/\/agora.xtec.cat\/escalmacelles\/wp-json\/wp\/v2\/posts\/21640\/revisions"}],"predecessor-version":[{"id":21669,"href":"https:\/\/agora.xtec.cat\/escalmacelles\/wp-json\/wp\/v2\/posts\/21640\/revisions\/21669"}],"wp:attachment":[{"href":"https:\/\/agora.xtec.cat\/escalmacelles\/wp-json\/wp\/v2\/media?parent=21640"}],"wp:term":[{"taxonomy":"category","embeddable":true,"href":"https:\/\/agora.xtec.cat\/escalmacelles\/wp-json\/wp\/v2\/categories?post=21640"},{"taxonomy":"post_tag","embeddable":true,"href":"https:\/\/agora.xtec.cat\/escalmacelles\/wp-json\/wp\/v2\/tags?post=21640"}],"curies":[{"name":"wp","href":"https:\/\/api.w.org\/{rel}","templated":true}]}}