{"id":21580,"date":"2022-03-21T20:11:10","date_gmt":"2022-03-21T19:11:10","guid":{"rendered":"https:\/\/agora.xtec.cat\/escalmacelles\/?p=21580"},"modified":"2022-10-04T18:54:43","modified_gmt":"2022-10-04T16:54:43","slug":"colonies-5e-mas-gircos-la-garrotxa","status":"publish","type":"post","link":"https:\/\/agora.xtec.cat\/escalmacelles\/portada\/colonies-5e-mas-gircos-la-garrotxa\/","title":{"rendered":"COL\u00d2NIES 5\u00e8. MAS GIRC\u00d3S (LA GARROTXA)"},"content":{"rendered":"<p>La setmana passada, del 16 al 18 de mar\u00e7, van ser les col\u00f2nies de 5\u00e8. Les esper\u00e0vem amb molta il\u00b7lusi\u00f3 i emoci\u00f3. Per una banda, lligades amb el treball que estem fent a medi natural al Parc d&#8217;Europa i a medi social amb l&#8217;Edat Mitjana. Aix\u00ed que vam visitar el volc\u00e0 Croscat i la Fageda d&#8217;en Jord\u00e0. M\u00e9s el treball dels jocs medievals i oficis propis de l&#8217;\u00e8poca. Per\u00f2, no sols aix\u00f2, sin\u00f3 tamb\u00e9 complementades amb esports d&#8217;aventura com tir amb arc, roc\u00f2drom, bosc vertical i jocs de nit. I molts valors i bons h\u00e0bits. Han estat tres dies amb nits incloses\u00a0 intensos alhora que molt satisfactoris i gratificants. El proper curs m\u00e9s!. Aqu\u00ed teniu una petita mostra de fotos de les col\u00f2nies (totes les trobareu a la classroom).<\/p>\n<p><a href=\"https:\/\/photos.app.goo.gl\/bzvy4UbmsKynF2Aq8\" target=\"_blank\" rel=\"noopener\">FOTOS<\/a><\/p>\n<p><a href=\"https:\/\/photos.app.goo.gl\/bzvy4UbmsKynF2Aq8\" target=\"_blank\" rel=\"noopener\"><img loading=\"lazy\" decoding=\"async\" class=\"alignnone  wp-image-21581\" src=\"https:\/\/agora.xtec.cat\/escalmacelles\/wp-content\/uploads\/usu1902\/2022\/03\/IMG_20220318_095903-1024x472.jpg\" alt=\"\" width=\"680\" height=\"313\" srcset=\"https:\/\/agora.xtec.cat\/escalmacelles\/wp-content\/uploads\/usu1902\/2022\/03\/IMG_20220318_095903-1024x472.jpg 1024w, https:\/\/agora.xtec.cat\/escalmacelles\/wp-content\/uploads\/usu1902\/2022\/03\/IMG_20220318_095903-300x138.jpg 300w, https:\/\/agora.xtec.cat\/escalmacelles\/wp-content\/uploads\/usu1902\/2022\/03\/IMG_20220318_095903-768x354.jpg 768w, https:\/\/agora.xtec.cat\/escalmacelles\/wp-content\/uploads\/usu1902\/2022\/03\/IMG_20220318_095903-1536x708.jpg 1536w, https:\/\/agora.xtec.cat\/escalmacelles\/wp-content\/uploads\/usu1902\/2022\/03\/IMG_20220318_095903-2048x944.jpg 2048w\" sizes=\"auto, (max-width: 680px) 100vw, 680px\" \/><\/a><\/p>\n","protected":false},"excerpt":{"rendered":"<p>La setmana passada, del 16 al 18 de mar\u00e7, van ser les col\u00f2nies de 5\u00e8. Les esper\u00e0vem amb molta il\u00b7lusi\u00f3 i emoci\u00f3. Per una banda, lligades amb el treball que estem fent a medi natural al Parc d&#8217;Europa i a medi social amb l&#8217;Edat Mitjana. Aix\u00ed que vam visitar el volc\u00e0 Croscat i la Fageda [&hellip;]<\/p>\n","protected":false},"author":1,"featured_media":21581,"comment_status":"closed","ping_status":"closed","sticky":false,"template":"","format":"standard","meta":{"_bbp_topic_count":0,"_bbp_reply_count":0,"_bbp_total_topic_count":0,"_bbp_total_reply_count":0,"_bbp_voice_count":0,"_bbp_anonymous_reply_count":0,"_bbp_topic_count_hidden":0,"_bbp_reply_count_hidden":0,"_bbp_forum_subforum_count":0,"site-sidebar-layout":"default","site-content-layout":"","ast-site-content-layout":"","site-content-style":"default","site-sidebar-style":"default","ast-global-header-display":"","ast-banner-title-visibility":"","ast-main-header-display":"","ast-hfb-above-header-display":"","ast-hfb-below-header-display":"","ast-hfb-mobile-header-display":"","site-post-title":"","ast-breadcrumbs-content":"","ast-featured-img":"","footer-sml-layout":"","theme-transparent-header-meta":"","adv-header-id-meta":"","stick-header-meta":"","header-above-stick-meta":"","header-main-stick-meta":"","header-below-stick-meta":"","astra-migrate-meta-layouts":"default","ast-page-background-enabled":"default","ast-page-background-meta":{"desktop":{"background-color":"var(--ast-global-color-4)","background-image":"","background-repeat":"repeat","background-position":"center center","background-size":"auto","background-attachment":"scroll","background-type":"","background-media":"","overlay-type":"","overlay-color":"","overlay-opacity":"","overlay-gradient":""},"tablet":{"background-color":"","background-image":"","background-repeat":"repeat","background-position":"center center","background-size":"auto","background-attachment":"scroll","background-type":"","background-media":"","overlay-type":"","overlay-color":"","overlay-opacity":"","overlay-gradient":""},"mobile":{"background-color":"","background-image":"","background-repeat":"repeat","background-position":"center center","background-size":"auto","background-attachment":"scroll","background-type":"","background-media":"","overlay-type":"","overlay-color":"","overlay-opacity":"","overlay-gradient":""}},"ast-content-background-meta":{"desktop":{"background-color":"var(--ast-global-color-5)","background-image":"","background-repeat":"repeat","background-position":"center center","background-size":"auto","background-attachment":"scroll","background-type":"","background-media":"","overlay-type":"","overlay-color":"","overlay-opacity":"","overlay-gradient":""},"tablet":{"background-color":"var(--ast-global-color-5)","background-image":"","background-repeat":"repeat","background-position":"center center","background-size":"auto","background-attachment":"scroll","background-type":"","background-media":"","overlay-type":"","overlay-color":"","overlay-opacity":"","overlay-gradient":""},"mobile":{"background-color":"var(--ast-global-color-5)","background-image":"","background-repeat":"repeat","background-position":"center center","background-size":"auto","background-attachment":"scroll","background-type":"","background-media":"","overlay-type":"","overlay-color":"","overlay-opacity":"","overlay-gradient":""}},"footnotes":""},"categories":[14,4,5],"tags":[],"class_list":["post-21580","post","type-post","status-publish","format-standard","has-post-thumbnail","hentry","category-5e","category-portada","category-primaria"],"post_mailing_queue_ids":[],"_links":{"self":[{"href":"https:\/\/agora.xtec.cat\/escalmacelles\/wp-json\/wp\/v2\/posts\/21580","targetHints":{"allow":["GET"]}}],"collection":[{"href":"https:\/\/agora.xtec.cat\/escalmacelles\/wp-json\/wp\/v2\/posts"}],"about":[{"href":"https:\/\/agora.xtec.cat\/escalmacelles\/wp-json\/wp\/v2\/types\/post"}],"author":[{"embeddable":true,"href":"https:\/\/agora.xtec.cat\/escalmacelles\/wp-json\/wp\/v2\/users\/1"}],"replies":[{"embeddable":true,"href":"https:\/\/agora.xtec.cat\/escalmacelles\/wp-json\/wp\/v2\/comments?post=21580"}],"version-history":[{"count":2,"href":"https:\/\/agora.xtec.cat\/escalmacelles\/wp-json\/wp\/v2\/posts\/21580\/revisions"}],"predecessor-version":[{"id":21583,"href":"https:\/\/agora.xtec.cat\/escalmacelles\/wp-json\/wp\/v2\/posts\/21580\/revisions\/21583"}],"wp:featuredmedia":[{"embeddable":true,"href":"https:\/\/agora.xtec.cat\/escalmacelles\/wp-json\/wp\/v2\/media\/21581"}],"wp:attachment":[{"href":"https:\/\/agora.xtec.cat\/escalmacelles\/wp-json\/wp\/v2\/media?parent=21580"}],"wp:term":[{"taxonomy":"category","embeddable":true,"href":"https:\/\/agora.xtec.cat\/escalmacelles\/wp-json\/wp\/v2\/categories?post=21580"},{"taxonomy":"post_tag","embeddable":true,"href":"https:\/\/agora.xtec.cat\/escalmacelles\/wp-json\/wp\/v2\/tags?post=21580"}],"curies":[{"name":"wp","href":"https:\/\/api.w.org\/{rel}","templated":true}]}}