{"id":21539,"date":"2022-03-11T16:08:26","date_gmt":"2022-03-11T15:08:26","guid":{"rendered":"https:\/\/agora.xtec.cat\/escalmacelles\/?p=21539"},"modified":"2022-10-04T18:56:51","modified_gmt":"2022-10-04T16:56:51","slug":"sortida-lab-0_6-1r","status":"publish","type":"post","link":"https:\/\/agora.xtec.cat\/escalmacelles\/portada\/sortida-lab-0_6-1r\/","title":{"rendered":"Sortida LAB 0_6 1r"},"content":{"rendered":"<p>El dimarts 8 de febrer els nens i nenes de 1r vam realitzar una sortida a Lleida per dur a terme una activitat anomenada: LAB 0_6. El LAB \u00e9s un espai de ci\u00e8ncia en lliure elecci\u00f3 en el que totes les propostes afavoreixen la mobilitzaci\u00f3 d\u2019idees cient\u00edfiques en els infants on la idea \u00e9s promoure una mirada cient\u00edfica sobre fen\u00f2mens del m\u00f3n, a trav\u00e9s de la iniciativa dels infants sobre els materials, de potenciar-ne la curiositat natural, d\u2019afavorir el sorgiment de preguntes, entre altres aspectes relacionats amb la ci\u00e8ncia. Va ser una sortida d&#8217;all\u00f2 m\u00e9s enriquidora pels infants de primer.<\/p>\n<p><a href=\"https:\/\/photos.app.goo.gl\/htD3NLWRrbhk6r2m6\"><img loading=\"lazy\" decoding=\"async\" class=\"wp-image-21540 aligncenter\" src=\"https:\/\/agora.xtec.cat\/escalmacelles\/wp-content\/uploads\/usu1902\/2022\/03\/IMG-8394-768x1024.jpg\" alt=\"\" width=\"352\" height=\"470\" srcset=\"https:\/\/agora.xtec.cat\/escalmacelles\/wp-content\/uploads\/usu1902\/2022\/03\/IMG-8394-768x1024.jpg 768w, https:\/\/agora.xtec.cat\/escalmacelles\/wp-content\/uploads\/usu1902\/2022\/03\/IMG-8394-225x300.jpg 225w, https:\/\/agora.xtec.cat\/escalmacelles\/wp-content\/uploads\/usu1902\/2022\/03\/IMG-8394-1152x1536.jpg 1152w, https:\/\/agora.xtec.cat\/escalmacelles\/wp-content\/uploads\/usu1902\/2022\/03\/IMG-8394-1536x2048.jpg 1536w, https:\/\/agora.xtec.cat\/escalmacelles\/wp-content\/uploads\/usu1902\/2022\/03\/IMG-8394-scaled.jpg 1920w\" sizes=\"auto, (max-width: 352px) 100vw, 352px\" \/><\/a><\/p>\n","protected":false},"excerpt":{"rendered":"<p>El dimarts 8 de febrer els nens i nenes de 1r vam realitzar una sortida a Lleida per dur a terme una activitat anomenada: LAB 0_6. El LAB \u00e9s un espai de ci\u00e8ncia en lliure elecci\u00f3 en el que totes les propostes afavoreixen la mobilitzaci\u00f3 d\u2019idees cient\u00edfiques en els infants on la idea \u00e9s promoure [&hellip;]<\/p>\n","protected":false},"author":4,"featured_media":0,"comment_status":"closed","ping_status":"closed","sticky":false,"template":"","format":"standard","meta":{"_bbp_topic_count":0,"_bbp_reply_count":0,"_bbp_total_topic_count":0,"_bbp_total_reply_count":0,"_bbp_voice_count":0,"_bbp_anonymous_reply_count":0,"_bbp_topic_count_hidden":0,"_bbp_reply_count_hidden":0,"_bbp_forum_subforum_count":0,"site-sidebar-layout":"default","site-content-layout":"","ast-site-content-layout":"","site-content-style":"default","site-sidebar-style":"default","ast-global-header-display":"","ast-banner-title-visibility":"","ast-main-header-display":"","ast-hfb-above-header-display":"","ast-hfb-below-header-display":"","ast-hfb-mobile-header-display":"","site-post-title":"","ast-breadcrumbs-content":"","ast-featured-img":"","footer-sml-layout":"","theme-transparent-header-meta":"","adv-header-id-meta":"","stick-header-meta":"","header-above-stick-meta":"","header-main-stick-meta":"","header-below-stick-meta":"","astra-migrate-meta-layouts":"default","ast-page-background-enabled":"default","ast-page-background-meta":{"desktop":{"background-color":"var(--ast-global-color-4)","background-image":"","background-repeat":"repeat","background-position":"center center","background-size":"auto","background-attachment":"scroll","background-type":"","background-media":"","overlay-type":"","overlay-color":"","overlay-opacity":"","overlay-gradient":""},"tablet":{"background-color":"","background-image":"","background-repeat":"repeat","background-position":"center center","background-size":"auto","background-attachment":"scroll","background-type":"","background-media":"","overlay-type":"","overlay-color":"","overlay-opacity":"","overlay-gradient":""},"mobile":{"background-color":"","background-image":"","background-repeat":"repeat","background-position":"center center","background-size":"auto","background-attachment":"scroll","background-type":"","background-media":"","overlay-type":"","overlay-color":"","overlay-opacity":"","overlay-gradient":""}},"ast-content-background-meta":{"desktop":{"background-color":"var(--ast-global-color-5)","background-image":"","background-repeat":"repeat","background-position":"center center","background-size":"auto","background-attachment":"scroll","background-type":"","background-media":"","overlay-type":"","overlay-color":"","overlay-opacity":"","overlay-gradient":""},"tablet":{"background-color":"var(--ast-global-color-5)","background-image":"","background-repeat":"repeat","background-position":"center center","background-size":"auto","background-attachment":"scroll","background-type":"","background-media":"","overlay-type":"","overlay-color":"","overlay-opacity":"","overlay-gradient":""},"mobile":{"background-color":"var(--ast-global-color-5)","background-image":"","background-repeat":"repeat","background-position":"center center","background-size":"auto","background-attachment":"scroll","background-type":"","background-media":"","overlay-type":"","overlay-color":"","overlay-opacity":"","overlay-gradient":""}},"footnotes":""},"categories":[10,11,4,5],"tags":[],"class_list":["post-21539","post","type-post","status-publish","format-standard","hentry","category-1r","category-2n","category-portada","category-primaria"],"post_mailing_queue_ids":[],"_links":{"self":[{"href":"https:\/\/agora.xtec.cat\/escalmacelles\/wp-json\/wp\/v2\/posts\/21539","targetHints":{"allow":["GET"]}}],"collection":[{"href":"https:\/\/agora.xtec.cat\/escalmacelles\/wp-json\/wp\/v2\/posts"}],"about":[{"href":"https:\/\/agora.xtec.cat\/escalmacelles\/wp-json\/wp\/v2\/types\/post"}],"author":[{"embeddable":true,"href":"https:\/\/agora.xtec.cat\/escalmacelles\/wp-json\/wp\/v2\/users\/4"}],"replies":[{"embeddable":true,"href":"https:\/\/agora.xtec.cat\/escalmacelles\/wp-json\/wp\/v2\/comments?post=21539"}],"version-history":[{"count":1,"href":"https:\/\/agora.xtec.cat\/escalmacelles\/wp-json\/wp\/v2\/posts\/21539\/revisions"}],"predecessor-version":[{"id":21541,"href":"https:\/\/agora.xtec.cat\/escalmacelles\/wp-json\/wp\/v2\/posts\/21539\/revisions\/21541"}],"wp:attachment":[{"href":"https:\/\/agora.xtec.cat\/escalmacelles\/wp-json\/wp\/v2\/media?parent=21539"}],"wp:term":[{"taxonomy":"category","embeddable":true,"href":"https:\/\/agora.xtec.cat\/escalmacelles\/wp-json\/wp\/v2\/categories?post=21539"},{"taxonomy":"post_tag","embeddable":true,"href":"https:\/\/agora.xtec.cat\/escalmacelles\/wp-json\/wp\/v2\/tags?post=21539"}],"curies":[{"name":"wp","href":"https:\/\/api.w.org\/{rel}","templated":true}]}}