{"id":21495,"date":"2022-02-22T11:31:35","date_gmt":"2022-02-22T10:31:35","guid":{"rendered":"https:\/\/agora.xtec.cat\/escalmacelles\/?p=21495"},"modified":"2022-02-28T20:37:57","modified_gmt":"2022-02-28T19:37:57","slug":"celebrem-el-carnaval-a-lescola","status":"publish","type":"post","link":"https:\/\/agora.xtec.cat\/escalmacelles\/portada\/celebrem-el-carnaval-a-lescola\/","title":{"rendered":"CELEBREM EL CARNAVAL A L&#8217;ESCOLA"},"content":{"rendered":"<p>El divendres 18 de febrer tota l&#8217;escola vam rebre una carta molt especial, la carta del Rei Carnestoltes. En aquesta, el rei de la gresca ens convida a celebrar el Carnaval i per fer-ho cada dia ens donar\u00e0 una consigna divertida. Aix\u00ed, que tots i totes hem comen\u00e7at aquesta setmana amb ganes de gresca, disbauxa i xerinola.<\/p>\n<p>Comen\u00e7a la FESTA i les rialles!!!<\/p>\n<p><a href=\"https:\/\/agora.xtec.cat\/escalmacelles\/wp-content\/uploads\/usu1902\/2022\/02\/carnaval.jpg\"><img loading=\"lazy\" decoding=\"async\" class=\"wp-image-21497 aligncenter\" src=\"https:\/\/agora.xtec.cat\/escalmacelles\/wp-content\/uploads\/usu1902\/2022\/02\/carnaval-816x1024.jpg\" alt=\"\" width=\"293\" height=\"368\" srcset=\"https:\/\/agora.xtec.cat\/escalmacelles\/wp-content\/uploads\/usu1902\/2022\/02\/carnaval-816x1024.jpg 816w, https:\/\/agora.xtec.cat\/escalmacelles\/wp-content\/uploads\/usu1902\/2022\/02\/carnaval-239x300.jpg 239w, https:\/\/agora.xtec.cat\/escalmacelles\/wp-content\/uploads\/usu1902\/2022\/02\/carnaval-768x964.jpg 768w, https:\/\/agora.xtec.cat\/escalmacelles\/wp-content\/uploads\/usu1902\/2022\/02\/carnaval-1223x1536.jpg 1223w, https:\/\/agora.xtec.cat\/escalmacelles\/wp-content\/uploads\/usu1902\/2022\/02\/carnaval-1631x2048.jpg 1631w, https:\/\/agora.xtec.cat\/escalmacelles\/wp-content\/uploads\/usu1902\/2022\/02\/carnaval.jpg 1953w\" sizes=\"auto, (max-width: 293px) 100vw, 293px\" \/><\/a><\/p>\n<p><a href=\"https:\/\/agora.xtec.cat\/escalmacelles\/wp-content\/uploads\/usu1902\/2022\/02\/rei-carnestoltes.jpg\"><img loading=\"lazy\" decoding=\"async\" class=\"wp-image-21498 aligncenter\" src=\"https:\/\/agora.xtec.cat\/escalmacelles\/wp-content\/uploads\/usu1902\/2022\/02\/rei-carnestoltes-497x1024.jpg\" alt=\"\" width=\"217\" height=\"447\" srcset=\"https:\/\/agora.xtec.cat\/escalmacelles\/wp-content\/uploads\/usu1902\/2022\/02\/rei-carnestoltes-497x1024.jpg 497w, https:\/\/agora.xtec.cat\/escalmacelles\/wp-content\/uploads\/usu1902\/2022\/02\/rei-carnestoltes-146x300.jpg 146w, https:\/\/agora.xtec.cat\/escalmacelles\/wp-content\/uploads\/usu1902\/2022\/02\/rei-carnestoltes-768x1581.jpg 768w, https:\/\/agora.xtec.cat\/escalmacelles\/wp-content\/uploads\/usu1902\/2022\/02\/rei-carnestoltes-746x1536.jpg 746w, https:\/\/agora.xtec.cat\/escalmacelles\/wp-content\/uploads\/usu1902\/2022\/02\/rei-carnestoltes.jpg 777w\" sizes=\"auto, (max-width: 217px) 100vw, 217px\" \/><\/a><a href=\"https:\/\/agora.xtec.cat\/escalmacelles\/wp-content\/uploads\/usu1902\/2022\/02\/carnaval.jpg\">\u00a0\u00a0\u00a0\u00a0\u00a0 <\/a><\/p>\n<p>Clicant a sobre de cada consigna podreu veure les fotos tan divertides que ens han quedat.<\/p>\n<ul>\n<li><a href=\"https:\/\/photos.app.goo.gl\/kY1cLjPvPunkKNxE8\"><strong>DILLUNS<\/strong> NO ENS CAL VESTIR\u2026VENIU AMB LA ROBA DE DORMIR!!!<\/a><\/li>\n<\/ul>\n<p>&nbsp;<\/p>\n<ul>\n<li><a href=\"https:\/\/photos.app.goo.gl\/oLJgJorJzu1GNQP79\"><strong>DIMARTS<\/strong> VINE BEN PREPARAT AMB UN PENTINAT ESBOJARRAT O COMPLEMENT AL CAP.<\/a><\/li>\n<\/ul>\n<p>&nbsp;<\/p>\n<ul>\n<li><a href=\"https:\/\/photos.app.goo.gl\/pqKDGWWhccjMr9zv8\">EL CARNESTOLTES HA MANAT VENIR <strong>DIMECRES<\/strong> AMB LA CARA, EL FRONT O LA MASCARETA BEN PINTATS.<\/a><\/li>\n<\/ul>\n<p>&nbsp;<\/p>\n<ul>\n<li><a href=\"https:\/\/photos.app.goo.gl\/xDVTi3JF1DhNtGs77\">EL CARNESTOLTES HA PROPOSAT QUE <strong>DIJOUS<\/strong> VINGUIS A L\u2019ESCOLA AMB TOTES O ALGUNES DE LES CONSIGNES DELS DIES ANTERIORS: PIJAMA, COMPLEMENT AL CAP, PENTINAT ESBOJARRAT, FRONT, CARA O MASCARETA BEN PINTATS. L&#8217;ALUMNAT DE P3, P4 I P5 PODEN VINDRE DISFRESSATS COM VULGUIN.<\/a><\/li>\n<\/ul>\n<p>&nbsp;<\/p>\n<p>&nbsp;<\/p>\n<p>&nbsp;<\/p>\n<p>&nbsp;<\/p>\n","protected":false},"excerpt":{"rendered":"<p>El divendres 18 de febrer tota l&#8217;escola vam rebre una carta molt especial, la carta del Rei Carnestoltes. En aquesta, el rei de la gresca ens convida a celebrar el Carnaval i per fer-ho cada dia ens donar\u00e0 una consigna divertida. Aix\u00ed, que tots i totes hem comen\u00e7at aquesta setmana amb ganes de gresca, disbauxa [&hellip;]<\/p>\n","protected":false},"author":4,"featured_media":0,"comment_status":"closed","ping_status":"closed","sticky":false,"template":"","format":"standard","meta":{"_bbp_topic_count":0,"_bbp_reply_count":0,"_bbp_total_topic_count":0,"_bbp_total_reply_count":0,"_bbp_voice_count":0,"_bbp_anonymous_reply_count":0,"_bbp_topic_count_hidden":0,"_bbp_reply_count_hidden":0,"_bbp_forum_subforum_count":0,"site-sidebar-layout":"default","site-content-layout":"","ast-site-content-layout":"","site-content-style":"default","site-sidebar-style":"default","ast-global-header-display":"","ast-banner-title-visibility":"","ast-main-header-display":"","ast-hfb-above-header-display":"","ast-hfb-below-header-display":"","ast-hfb-mobile-header-display":"","site-post-title":"","ast-breadcrumbs-content":"","ast-featured-img":"","footer-sml-layout":"","theme-transparent-header-meta":"","adv-header-id-meta":"","stick-header-meta":"","header-above-stick-meta":"","header-main-stick-meta":"","header-below-stick-meta":"","astra-migrate-meta-layouts":"default","ast-page-background-enabled":"default","ast-page-background-meta":{"desktop":{"background-color":"var(--ast-global-color-4)","background-image":"","background-repeat":"repeat","background-position":"center center","background-size":"auto","background-attachment":"scroll","background-type":"","background-media":"","overlay-type":"","overlay-color":"","overlay-opacity":"","overlay-gradient":""},"tablet":{"background-color":"","background-image":"","background-repeat":"repeat","background-position":"center center","background-size":"auto","background-attachment":"scroll","background-type":"","background-media":"","overlay-type":"","overlay-color":"","overlay-opacity":"","overlay-gradient":""},"mobile":{"background-color":"","background-image":"","background-repeat":"repeat","background-position":"center center","background-size":"auto","background-attachment":"scroll","background-type":"","background-media":"","overlay-type":"","overlay-color":"","overlay-opacity":"","overlay-gradient":""}},"ast-content-background-meta":{"desktop":{"background-color":"var(--ast-global-color-5)","background-image":"","background-repeat":"repeat","background-position":"center center","background-size":"auto","background-attachment":"scroll","background-type":"","background-media":"","overlay-type":"","overlay-color":"","overlay-opacity":"","overlay-gradient":""},"tablet":{"background-color":"var(--ast-global-color-5)","background-image":"","background-repeat":"repeat","background-position":"center center","background-size":"auto","background-attachment":"scroll","background-type":"","background-media":"","overlay-type":"","overlay-color":"","overlay-opacity":"","overlay-gradient":""},"mobile":{"background-color":"var(--ast-global-color-5)","background-image":"","background-repeat":"repeat","background-position":"center center","background-size":"auto","background-attachment":"scroll","background-type":"","background-media":"","overlay-type":"","overlay-color":"","overlay-opacity":"","overlay-gradient":""}},"footnotes":""},"categories":[4],"tags":[],"class_list":["post-21495","post","type-post","status-publish","format-standard","hentry","category-portada"],"post_mailing_queue_ids":[],"_links":{"self":[{"href":"https:\/\/agora.xtec.cat\/escalmacelles\/wp-json\/wp\/v2\/posts\/21495","targetHints":{"allow":["GET"]}}],"collection":[{"href":"https:\/\/agora.xtec.cat\/escalmacelles\/wp-json\/wp\/v2\/posts"}],"about":[{"href":"https:\/\/agora.xtec.cat\/escalmacelles\/wp-json\/wp\/v2\/types\/post"}],"author":[{"embeddable":true,"href":"https:\/\/agora.xtec.cat\/escalmacelles\/wp-json\/wp\/v2\/users\/4"}],"replies":[{"embeddable":true,"href":"https:\/\/agora.xtec.cat\/escalmacelles\/wp-json\/wp\/v2\/comments?post=21495"}],"version-history":[{"count":4,"href":"https:\/\/agora.xtec.cat\/escalmacelles\/wp-json\/wp\/v2\/posts\/21495\/revisions"}],"predecessor-version":[{"id":21508,"href":"https:\/\/agora.xtec.cat\/escalmacelles\/wp-json\/wp\/v2\/posts\/21495\/revisions\/21508"}],"wp:attachment":[{"href":"https:\/\/agora.xtec.cat\/escalmacelles\/wp-json\/wp\/v2\/media?parent=21495"}],"wp:term":[{"taxonomy":"category","embeddable":true,"href":"https:\/\/agora.xtec.cat\/escalmacelles\/wp-json\/wp\/v2\/categories?post=21495"},{"taxonomy":"post_tag","embeddable":true,"href":"https:\/\/agora.xtec.cat\/escalmacelles\/wp-json\/wp\/v2\/tags?post=21495"}],"curies":[{"name":"wp","href":"https:\/\/api.w.org\/{rel}","templated":true}]}}