{"id":21482,"date":"2022-02-15T19:23:06","date_gmt":"2022-02-15T18:23:06","guid":{"rendered":"https:\/\/agora.xtec.cat\/escalmacelles\/?p=21482"},"modified":"2022-10-04T19:01:38","modified_gmt":"2022-10-04T17:01:38","slug":"projecte-parc-deuropa-5e","status":"publish","type":"post","link":"https:\/\/agora.xtec.cat\/escalmacelles\/portada\/projecte-parc-deuropa-5e\/","title":{"rendered":"PROJECTE PARC D&#8217;EUROPA. 5\u00e8"},"content":{"rendered":"<p>El Projecte del Parc d&#8217;Europa se realitza a Cicle Superior. S&#8217;inicia a 5\u00e8 i es finalitza a 6\u00e8. Per aquest motiu, el dilluns 7 a la tarda, els de 5\u00e8 vam fer la primer sortida al Parc d&#8217;Europa. L&#8217;objectiu d&#8217;aquesta era situar i ubicar el parc dins la nostra poblaci\u00f3 i identificar els diferents elements del nostre estudi (arbres, plaques hist\u00f2riques i escultures), alhora que situar-los en un pl\u00e0nol.<\/p>\n<p><a href=\"https:\/\/photos.app.goo.gl\/hpuP77RsxVG8d3er8\" target=\"_blank\" rel=\"noopener\">FOTOS<\/a><\/p>\n<p><a href=\"https:\/\/photos.app.goo.gl\/hpuP77RsxVG8d3er8\" target=\"_blank\" rel=\"noopener\"><img loading=\"lazy\" decoding=\"async\" class=\"alignnone  wp-image-21485\" src=\"https:\/\/agora.xtec.cat\/escalmacelles\/wp-content\/uploads\/usu1902\/2022\/02\/IMG_20220207_152918-1024x473.jpg\" alt=\"\" width=\"366\" height=\"169\" srcset=\"https:\/\/agora.xtec.cat\/escalmacelles\/wp-content\/uploads\/usu1902\/2022\/02\/IMG_20220207_152918-1024x473.jpg 1024w, https:\/\/agora.xtec.cat\/escalmacelles\/wp-content\/uploads\/usu1902\/2022\/02\/IMG_20220207_152918-300x139.jpg 300w, https:\/\/agora.xtec.cat\/escalmacelles\/wp-content\/uploads\/usu1902\/2022\/02\/IMG_20220207_152918-768x355.jpg 768w, https:\/\/agora.xtec.cat\/escalmacelles\/wp-content\/uploads\/usu1902\/2022\/02\/IMG_20220207_152918-1536x709.jpg 1536w, https:\/\/agora.xtec.cat\/escalmacelles\/wp-content\/uploads\/usu1902\/2022\/02\/IMG_20220207_152918-2048x946.jpg 2048w\" sizes=\"auto, (max-width: 366px) 100vw, 366px\" \/><\/a><\/p>\n<p>Aquest dilluns 14, hem tornat al parc per fer l&#8217;observaci\u00f3 d&#8217;un arbre. Individualment o en petit grup, un cop escollit l&#8217;arbre,\u00a0 f\u00e8iem la seva acurada observaci\u00f3 i ompliem la guia d&#8217;observaci\u00f3. D&#8217;aquesta manera hem unit l&#8217;estudi de les c\u00e8l\u00b7lules vegetals amb els arbres del parc. Tenim la sort de tenir aquest espai en el poble, on podem trobar-hi exemplars de diferents zones (mediterr\u00e0nia, mitjana i alta muntanya,&#8230;).<\/p>\n<p><a href=\"https:\/\/photos.app.goo.gl\/Hma9dZbt22pp1wYX8\" target=\"_blank\" rel=\"noopener\">FOTOS<\/a><\/p>\n<p><a href=\"https:\/\/photos.app.goo.gl\/Hma9dZbt22pp1wYX8\" target=\"_blank\" rel=\"noopener\"><img loading=\"lazy\" decoding=\"async\" class=\"alignnone  wp-image-21486\" src=\"https:\/\/agora.xtec.cat\/escalmacelles\/wp-content\/uploads\/usu1902\/2022\/02\/IMG_20220214_153320-1-473x1024.jpg\" alt=\"\" width=\"267\" height=\"578\" srcset=\"https:\/\/agora.xtec.cat\/escalmacelles\/wp-content\/uploads\/usu1902\/2022\/02\/IMG_20220214_153320-1-473x1024.jpg 473w, https:\/\/agora.xtec.cat\/escalmacelles\/wp-content\/uploads\/usu1902\/2022\/02\/IMG_20220214_153320-1-139x300.jpg 139w, https:\/\/agora.xtec.cat\/escalmacelles\/wp-content\/uploads\/usu1902\/2022\/02\/IMG_20220214_153320-1-768x1663.jpg 768w, https:\/\/agora.xtec.cat\/escalmacelles\/wp-content\/uploads\/usu1902\/2022\/02\/IMG_20220214_153320-1-709x1536.jpg 709w, https:\/\/agora.xtec.cat\/escalmacelles\/wp-content\/uploads\/usu1902\/2022\/02\/IMG_20220214_153320-1-946x2048.jpg 946w, https:\/\/agora.xtec.cat\/escalmacelles\/wp-content\/uploads\/usu1902\/2022\/02\/IMG_20220214_153320-1-scaled.jpg 1182w\" sizes=\"auto, (max-width: 267px) 100vw, 267px\" \/><\/a><\/p>\n<p>&nbsp;<\/p>\n","protected":false},"excerpt":{"rendered":"<p>El Projecte del Parc d&#8217;Europa se realitza a Cicle Superior. S&#8217;inicia a 5\u00e8 i es finalitza a 6\u00e8. Per aquest motiu, el dilluns 7 a la tarda, els de 5\u00e8 vam fer la primer sortida al Parc d&#8217;Europa. L&#8217;objectiu d&#8217;aquesta era situar i ubicar el parc dins la nostra poblaci\u00f3 i identificar els diferents elements [&hellip;]<\/p>\n","protected":false},"author":1,"featured_media":0,"comment_status":"closed","ping_status":"closed","sticky":false,"template":"","format":"standard","meta":{"_bbp_topic_count":0,"_bbp_reply_count":0,"_bbp_total_topic_count":0,"_bbp_total_reply_count":0,"_bbp_voice_count":0,"_bbp_anonymous_reply_count":0,"_bbp_topic_count_hidden":0,"_bbp_reply_count_hidden":0,"_bbp_forum_subforum_count":0,"site-sidebar-layout":"default","site-content-layout":"","ast-site-content-layout":"","site-content-style":"default","site-sidebar-style":"default","ast-global-header-display":"","ast-banner-title-visibility":"","ast-main-header-display":"","ast-hfb-above-header-display":"","ast-hfb-below-header-display":"","ast-hfb-mobile-header-display":"","site-post-title":"","ast-breadcrumbs-content":"","ast-featured-img":"","footer-sml-layout":"","theme-transparent-header-meta":"","adv-header-id-meta":"","stick-header-meta":"","header-above-stick-meta":"","header-main-stick-meta":"","header-below-stick-meta":"","astra-migrate-meta-layouts":"default","ast-page-background-enabled":"default","ast-page-background-meta":{"desktop":{"background-color":"var(--ast-global-color-4)","background-image":"","background-repeat":"repeat","background-position":"center center","background-size":"auto","background-attachment":"scroll","background-type":"","background-media":"","overlay-type":"","overlay-color":"","overlay-opacity":"","overlay-gradient":""},"tablet":{"background-color":"","background-image":"","background-repeat":"repeat","background-position":"center center","background-size":"auto","background-attachment":"scroll","background-type":"","background-media":"","overlay-type":"","overlay-color":"","overlay-opacity":"","overlay-gradient":""},"mobile":{"background-color":"","background-image":"","background-repeat":"repeat","background-position":"center center","background-size":"auto","background-attachment":"scroll","background-type":"","background-media":"","overlay-type":"","overlay-color":"","overlay-opacity":"","overlay-gradient":""}},"ast-content-background-meta":{"desktop":{"background-color":"var(--ast-global-color-5)","background-image":"","background-repeat":"repeat","background-position":"center center","background-size":"auto","background-attachment":"scroll","background-type":"","background-media":"","overlay-type":"","overlay-color":"","overlay-opacity":"","overlay-gradient":""},"tablet":{"background-color":"var(--ast-global-color-5)","background-image":"","background-repeat":"repeat","background-position":"center center","background-size":"auto","background-attachment":"scroll","background-type":"","background-media":"","overlay-type":"","overlay-color":"","overlay-opacity":"","overlay-gradient":""},"mobile":{"background-color":"var(--ast-global-color-5)","background-image":"","background-repeat":"repeat","background-position":"center center","background-size":"auto","background-attachment":"scroll","background-type":"","background-media":"","overlay-type":"","overlay-color":"","overlay-opacity":"","overlay-gradient":""}},"footnotes":""},"categories":[14,4,5],"tags":[],"class_list":["post-21482","post","type-post","status-publish","format-standard","hentry","category-5e","category-portada","category-primaria"],"post_mailing_queue_ids":[],"_links":{"self":[{"href":"https:\/\/agora.xtec.cat\/escalmacelles\/wp-json\/wp\/v2\/posts\/21482","targetHints":{"allow":["GET"]}}],"collection":[{"href":"https:\/\/agora.xtec.cat\/escalmacelles\/wp-json\/wp\/v2\/posts"}],"about":[{"href":"https:\/\/agora.xtec.cat\/escalmacelles\/wp-json\/wp\/v2\/types\/post"}],"author":[{"embeddable":true,"href":"https:\/\/agora.xtec.cat\/escalmacelles\/wp-json\/wp\/v2\/users\/1"}],"replies":[{"embeddable":true,"href":"https:\/\/agora.xtec.cat\/escalmacelles\/wp-json\/wp\/v2\/comments?post=21482"}],"version-history":[{"count":3,"href":"https:\/\/agora.xtec.cat\/escalmacelles\/wp-json\/wp\/v2\/posts\/21482\/revisions"}],"predecessor-version":[{"id":21487,"href":"https:\/\/agora.xtec.cat\/escalmacelles\/wp-json\/wp\/v2\/posts\/21482\/revisions\/21487"}],"wp:attachment":[{"href":"https:\/\/agora.xtec.cat\/escalmacelles\/wp-json\/wp\/v2\/media?parent=21482"}],"wp:term":[{"taxonomy":"category","embeddable":true,"href":"https:\/\/agora.xtec.cat\/escalmacelles\/wp-json\/wp\/v2\/categories?post=21482"},{"taxonomy":"post_tag","embeddable":true,"href":"https:\/\/agora.xtec.cat\/escalmacelles\/wp-json\/wp\/v2\/tags?post=21482"}],"curies":[{"name":"wp","href":"https:\/\/api.w.org\/{rel}","templated":true}]}}