{"id":21464,"date":"2022-01-30T21:38:51","date_gmt":"2022-01-30T20:38:51","guid":{"rendered":"https:\/\/agora.xtec.cat\/escalmacelles\/?p=21464"},"modified":"2022-02-03T15:19:25","modified_gmt":"2022-02-03T14:19:25","slug":"dia-escolar-de-la-pau-i-la-no-violencia","status":"publish","type":"post","link":"https:\/\/agora.xtec.cat\/escalmacelles\/portada\/dia-escolar-de-la-pau-i-la-no-violencia\/","title":{"rendered":"Dia escolar de la Pau i la No-viol\u00e8ncia"},"content":{"rendered":"<p>El dia 28 de gener, vam celebrar el dia escolar de la Pau i la No-viol\u00e8ncia, que normalment coincideix amb el 30 de gener. Degut a que aquest any esdevenia un dia festiu el vam avan\u00e7ar a la tarda de divendres.<\/p>\n<p>Es va celebrar a l&#8217;edifici d&#8217;educaci\u00f3 Infantil (CLICA LA IMATGE PER VEURE M\u00c9S FOTOGRAFIES)<\/p>\n<p><a href=\"https:\/\/photos.app.goo.gl\/1EZh4w7jsi34RFnJ9\"><img loading=\"lazy\" decoding=\"async\" class=\"alignnone size-large wp-image-21466\" src=\"https:\/\/agora.xtec.cat\/escalmacelles\/wp-content\/uploads\/usu1902\/2022\/01\/PAU-infantil-1024x461.jpg\" alt=\"\" width=\"1024\" height=\"461\" srcset=\"https:\/\/agora.xtec.cat\/escalmacelles\/wp-content\/uploads\/usu1902\/2022\/01\/PAU-infantil-1024x461.jpg 1024w, https:\/\/agora.xtec.cat\/escalmacelles\/wp-content\/uploads\/usu1902\/2022\/01\/PAU-infantil-300x135.jpg 300w, https:\/\/agora.xtec.cat\/escalmacelles\/wp-content\/uploads\/usu1902\/2022\/01\/PAU-infantil-768x346.jpg 768w, https:\/\/agora.xtec.cat\/escalmacelles\/wp-content\/uploads\/usu1902\/2022\/01\/PAU-infantil-1536x691.jpg 1536w, https:\/\/agora.xtec.cat\/escalmacelles\/wp-content\/uploads\/usu1902\/2022\/01\/PAU-infantil-2048x922.jpg 2048w\" sizes=\"auto, (max-width: 1024px) 100vw, 1024px\" \/><\/a><\/p>\n<p>I tamb\u00e9 a l&#8217;edifici de prim\u00e0ria:<\/p>\n<p><a href=\"https:\/\/agora.xtec.cat\/escalmacelles\/wp-content\/uploads\/usu1902\/2022\/01\/PAU-PRIMARIA.jpg\"><img loading=\"lazy\" decoding=\"async\" class=\"alignnone size-large wp-image-21465\" src=\"https:\/\/agora.xtec.cat\/escalmacelles\/wp-content\/uploads\/usu1902\/2022\/01\/PAU-PRIMARIA-1024x366.jpg\" alt=\"\" width=\"1024\" height=\"366\" srcset=\"https:\/\/agora.xtec.cat\/escalmacelles\/wp-content\/uploads\/usu1902\/2022\/01\/PAU-PRIMARIA-1024x366.jpg 1024w, https:\/\/agora.xtec.cat\/escalmacelles\/wp-content\/uploads\/usu1902\/2022\/01\/PAU-PRIMARIA-300x107.jpg 300w, https:\/\/agora.xtec.cat\/escalmacelles\/wp-content\/uploads\/usu1902\/2022\/01\/PAU-PRIMARIA-768x275.jpg 768w, https:\/\/agora.xtec.cat\/escalmacelles\/wp-content\/uploads\/usu1902\/2022\/01\/PAU-PRIMARIA-1536x549.jpg 1536w, https:\/\/agora.xtec.cat\/escalmacelles\/wp-content\/uploads\/usu1902\/2022\/01\/PAU-PRIMARIA.jpg 1600w\" sizes=\"auto, (max-width: 1024px) 100vw, 1024px\" \/><\/a><\/p>\n<p>A m\u00e9s de crear un mural tamb\u00e9 es va fer una lectura de &#8220;Clam per la Pau&#8221; i vam cantar la can\u00e7\u00f3 <em>Heal the world<\/em> de Michael Jackson, amb lletra en catal\u00e0, i que podeu sentir en el v\u00eddeo que us deixem aqu\u00ed.<\/p>\n<p><em>&#8220;<\/em><em>Si tingu\u00e9s la m\u00e0gia d&#8217;un mag faria que la nostra escola fos un lloc segur, sempre i per a tothom. Un lloc on cadasc\u00fa de nosaltres se senti lliure i feli\u00e7, on sapiguem, que passi el que passi, hi haur\u00e0 alg\u00fa que estar\u00e0 al nostre costat. On els problemes que puguin sorgir, s&#8217;arreglin sempre sense viol\u00e8ncia.<\/em><\/p>\n<p><em>Si tingu\u00e9s la m\u00e0gia d&#8217;un mag, faria que tots nosaltres f\u00f3ssim capa\u00e7os de posar-nos en el lloc de l&#8217;altre, ens entengu\u00e9ssim, ens escolt\u00e9ssim, ens respect\u00e9ssim i ens cuid\u00e9ssim de veritat.<\/em><\/p>\n<p><em>Si tingu\u00e9s la m\u00e0gia d&#8217;un mag, ajudaria a fer bonica la difer\u00e8ncia, que all\u00f2 que no tenim en com\u00fa ens fes \u00fanics i especials i no diferents i estranys. Ajudaria a que cadasc\u00fa valor\u00e9s el que \u00e9s, amb tots els nostres defectes i les nostres virtuts.<\/em><\/p>\n<p><em>I aquesta \u00e9s l&#8217;escola que m&#8217;agradaria. Amb un pati sense conflictes, amb anades i vingudes pels passadissos de l&#8217;escola sense crits, sense pors, sense desconfiances, amb somriures i abra\u00e7ades, on tots nosaltres ens mirem als ulls quan ens creuem i ajudem a fer els nostres dies, cada dia una mica millors.<\/em><\/p>\n<p><em>I aix\u00f2 s\u00ed que ho podem aconseguir. No amb la m\u00e0gia d&#8217;un mag, sin\u00f3 amb la m\u00e0gia que cadasc\u00fa de nosaltres tenim. Ho provem?&#8221;<\/em><\/p>\n<div class=\"ast-oembed-container \" style=\"height: 100%;\"><iframe loading=\"lazy\" title=\"Dia escolar de la Pau i la No-viol\u00e8ncia\" width=\"500\" height=\"281\" src=\"https:\/\/www.youtube.com\/embed\/UEkzeISVwbM?feature=oembed\" frameborder=\"0\" allow=\"accelerometer; autoplay; clipboard-write; encrypted-media; gyroscope; picture-in-picture; web-share\" referrerpolicy=\"strict-origin-when-cross-origin\" allowfullscreen><\/iframe><\/div>\n","protected":false},"excerpt":{"rendered":"<p>El dia 28 de gener, vam celebrar el dia escolar de la Pau i la No-viol\u00e8ncia, que normalment coincideix amb el 30 de gener. Degut a que aquest any esdevenia un dia festiu el vam avan\u00e7ar a la tarda de divendres. Es va celebrar a l&#8217;edifici d&#8217;educaci\u00f3 Infantil (CLICA LA IMATGE PER VEURE M\u00c9S FOTOGRAFIES) [&hellip;]<\/p>\n","protected":false},"author":1,"featured_media":21467,"comment_status":"closed","ping_status":"closed","sticky":false,"template":"","format":"standard","meta":{"_bbp_topic_count":0,"_bbp_reply_count":0,"_bbp_total_topic_count":0,"_bbp_total_reply_count":0,"_bbp_voice_count":0,"_bbp_anonymous_reply_count":0,"_bbp_topic_count_hidden":0,"_bbp_reply_count_hidden":0,"_bbp_forum_subforum_count":0,"site-sidebar-layout":"default","site-content-layout":"","ast-site-content-layout":"","site-content-style":"default","site-sidebar-style":"default","ast-global-header-display":"","ast-banner-title-visibility":"","ast-main-header-display":"","ast-hfb-above-header-display":"","ast-hfb-below-header-display":"","ast-hfb-mobile-header-display":"","site-post-title":"","ast-breadcrumbs-content":"","ast-featured-img":"","footer-sml-layout":"","theme-transparent-header-meta":"","adv-header-id-meta":"","stick-header-meta":"","header-above-stick-meta":"","header-main-stick-meta":"","header-below-stick-meta":"","astra-migrate-meta-layouts":"default","ast-page-background-enabled":"default","ast-page-background-meta":{"desktop":{"background-color":"var(--ast-global-color-4)","background-image":"","background-repeat":"repeat","background-position":"center center","background-size":"auto","background-attachment":"scroll","background-type":"","background-media":"","overlay-type":"","overlay-color":"","overlay-opacity":"","overlay-gradient":""},"tablet":{"background-color":"","background-image":"","background-repeat":"repeat","background-position":"center center","background-size":"auto","background-attachment":"scroll","background-type":"","background-media":"","overlay-type":"","overlay-color":"","overlay-opacity":"","overlay-gradient":""},"mobile":{"background-color":"","background-image":"","background-repeat":"repeat","background-position":"center center","background-size":"auto","background-attachment":"scroll","background-type":"","background-media":"","overlay-type":"","overlay-color":"","overlay-opacity":"","overlay-gradient":""}},"ast-content-background-meta":{"desktop":{"background-color":"var(--ast-global-color-5)","background-image":"","background-repeat":"repeat","background-position":"center center","background-size":"auto","background-attachment":"scroll","background-type":"","background-media":"","overlay-type":"","overlay-color":"","overlay-opacity":"","overlay-gradient":""},"tablet":{"background-color":"var(--ast-global-color-5)","background-image":"","background-repeat":"repeat","background-position":"center center","background-size":"auto","background-attachment":"scroll","background-type":"","background-media":"","overlay-type":"","overlay-color":"","overlay-opacity":"","overlay-gradient":""},"mobile":{"background-color":"var(--ast-global-color-5)","background-image":"","background-repeat":"repeat","background-position":"center center","background-size":"auto","background-attachment":"scroll","background-type":"","background-media":"","overlay-type":"","overlay-color":"","overlay-opacity":"","overlay-gradient":""}},"footnotes":""},"categories":[4],"tags":[],"class_list":["post-21464","post","type-post","status-publish","format-standard","has-post-thumbnail","hentry","category-portada"],"post_mailing_queue_ids":[],"_links":{"self":[{"href":"https:\/\/agora.xtec.cat\/escalmacelles\/wp-json\/wp\/v2\/posts\/21464","targetHints":{"allow":["GET"]}}],"collection":[{"href":"https:\/\/agora.xtec.cat\/escalmacelles\/wp-json\/wp\/v2\/posts"}],"about":[{"href":"https:\/\/agora.xtec.cat\/escalmacelles\/wp-json\/wp\/v2\/types\/post"}],"author":[{"embeddable":true,"href":"https:\/\/agora.xtec.cat\/escalmacelles\/wp-json\/wp\/v2\/users\/1"}],"replies":[{"embeddable":true,"href":"https:\/\/agora.xtec.cat\/escalmacelles\/wp-json\/wp\/v2\/comments?post=21464"}],"version-history":[{"count":2,"href":"https:\/\/agora.xtec.cat\/escalmacelles\/wp-json\/wp\/v2\/posts\/21464\/revisions"}],"predecessor-version":[{"id":21469,"href":"https:\/\/agora.xtec.cat\/escalmacelles\/wp-json\/wp\/v2\/posts\/21464\/revisions\/21469"}],"wp:featuredmedia":[{"embeddable":true,"href":"https:\/\/agora.xtec.cat\/escalmacelles\/wp-json\/wp\/v2\/media\/21467"}],"wp:attachment":[{"href":"https:\/\/agora.xtec.cat\/escalmacelles\/wp-json\/wp\/v2\/media?parent=21464"}],"wp:term":[{"taxonomy":"category","embeddable":true,"href":"https:\/\/agora.xtec.cat\/escalmacelles\/wp-json\/wp\/v2\/categories?post=21464"},{"taxonomy":"post_tag","embeddable":true,"href":"https:\/\/agora.xtec.cat\/escalmacelles\/wp-json\/wp\/v2\/tags?post=21464"}],"curies":[{"name":"wp","href":"https:\/\/api.w.org\/{rel}","templated":true}]}}