{"id":21460,"date":"2022-01-30T12:22:00","date_gmt":"2022-01-30T11:22:00","guid":{"rendered":"https:\/\/agora.xtec.cat\/escalmacelles\/?p=21460"},"modified":"2022-10-04T19:03:57","modified_gmt":"2022-10-04T17:03:57","slug":"ens-visita-la-laura-daurell","status":"publish","type":"post","link":"https:\/\/agora.xtec.cat\/escalmacelles\/portada\/ens-visita-la-laura-daurell\/","title":{"rendered":"ENS VISITA LA LAURA DAURELL"},"content":{"rendered":"<p>L&#8217;alumnat de 4t hem comen\u00e7at a treballar aquest trimestre el projecte del &#8220;<strong>Teatre<\/strong>&#8221; i no hem trobat millor manera d&#8217;iniciar-lo que amb la visita d&#8217;una actriu del poble que va estudiar a la nostra escola, la <strong>Laura Daurell<\/strong>.<\/p>\n<p>La Laura ens ha parlat de la seva experi\u00e8ncia i relaci\u00f3 amb aquesta disciplina art\u00edstica, de les qualitats que ha de tenir un bon actor\/actriu, dels estudis que s&#8217;han de cursar i el m\u00e9s important, ens ha donat consells que aplicarem sense cap dubte a l&#8217;hora de representar les nostres obres.<\/p>\n<p>Clicant sobre la foto s&#8217;accedeix al recull fotogr\u00e0fic.<\/p>\n<p><a href=\"https:\/\/photos.app.goo.gl\/meJqC9m8SqgsU3pN6\"><img loading=\"lazy\" decoding=\"async\" class=\"alignnone size-large wp-image-21461\" src=\"https:\/\/agora.xtec.cat\/escalmacelles\/wp-content\/uploads\/usu1902\/2022\/01\/IMG_20220128_122921-1024x851.jpg\" alt=\"\" width=\"1024\" height=\"851\" srcset=\"https:\/\/agora.xtec.cat\/escalmacelles\/wp-content\/uploads\/usu1902\/2022\/01\/IMG_20220128_122921-1024x851.jpg 1024w, https:\/\/agora.xtec.cat\/escalmacelles\/wp-content\/uploads\/usu1902\/2022\/01\/IMG_20220128_122921-300x250.jpg 300w, https:\/\/agora.xtec.cat\/escalmacelles\/wp-content\/uploads\/usu1902\/2022\/01\/IMG_20220128_122921-768x639.jpg 768w, https:\/\/agora.xtec.cat\/escalmacelles\/wp-content\/uploads\/usu1902\/2022\/01\/IMG_20220128_122921.jpg 1116w\" sizes=\"auto, (max-width: 1024px) 100vw, 1024px\" \/><\/a><\/p>\n<p>MOLTES GR\u00c0CIES LAURA!!!! Hem apr\u00e9s molt\u00edssim amb tu.<\/p>\n","protected":false},"excerpt":{"rendered":"<p>L&#8217;alumnat de 4t hem comen\u00e7at a treballar aquest trimestre el projecte del &#8220;Teatre&#8221; i no hem trobat millor manera d&#8217;iniciar-lo que amb la visita d&#8217;una actriu del poble que va estudiar a la nostra escola, la Laura Daurell. La Laura ens ha parlat de la seva experi\u00e8ncia i relaci\u00f3 amb aquesta disciplina art\u00edstica, de les [&hellip;]<\/p>\n","protected":false},"author":18,"featured_media":21461,"comment_status":"closed","ping_status":"closed","sticky":false,"template":"","format":"standard","meta":{"_bbp_topic_count":0,"_bbp_reply_count":0,"_bbp_total_topic_count":0,"_bbp_total_reply_count":0,"_bbp_voice_count":0,"_bbp_anonymous_reply_count":0,"_bbp_topic_count_hidden":0,"_bbp_reply_count_hidden":0,"_bbp_forum_subforum_count":0,"site-sidebar-layout":"default","site-content-layout":"","ast-site-content-layout":"","site-content-style":"default","site-sidebar-style":"default","ast-global-header-display":"","ast-banner-title-visibility":"","ast-main-header-display":"","ast-hfb-above-header-display":"","ast-hfb-below-header-display":"","ast-hfb-mobile-header-display":"","site-post-title":"","ast-breadcrumbs-content":"","ast-featured-img":"","footer-sml-layout":"","theme-transparent-header-meta":"","adv-header-id-meta":"","stick-header-meta":"","header-above-stick-meta":"","header-main-stick-meta":"","header-below-stick-meta":"","astra-migrate-meta-layouts":"default","ast-page-background-enabled":"default","ast-page-background-meta":{"desktop":{"background-color":"var(--ast-global-color-4)","background-image":"","background-repeat":"repeat","background-position":"center center","background-size":"auto","background-attachment":"scroll","background-type":"","background-media":"","overlay-type":"","overlay-color":"","overlay-opacity":"","overlay-gradient":""},"tablet":{"background-color":"","background-image":"","background-repeat":"repeat","background-position":"center center","background-size":"auto","background-attachment":"scroll","background-type":"","background-media":"","overlay-type":"","overlay-color":"","overlay-opacity":"","overlay-gradient":""},"mobile":{"background-color":"","background-image":"","background-repeat":"repeat","background-position":"center center","background-size":"auto","background-attachment":"scroll","background-type":"","background-media":"","overlay-type":"","overlay-color":"","overlay-opacity":"","overlay-gradient":""}},"ast-content-background-meta":{"desktop":{"background-color":"var(--ast-global-color-5)","background-image":"","background-repeat":"repeat","background-position":"center center","background-size":"auto","background-attachment":"scroll","background-type":"","background-media":"","overlay-type":"","overlay-color":"","overlay-opacity":"","overlay-gradient":""},"tablet":{"background-color":"var(--ast-global-color-5)","background-image":"","background-repeat":"repeat","background-position":"center center","background-size":"auto","background-attachment":"scroll","background-type":"","background-media":"","overlay-type":"","overlay-color":"","overlay-opacity":"","overlay-gradient":""},"mobile":{"background-color":"var(--ast-global-color-5)","background-image":"","background-repeat":"repeat","background-position":"center center","background-size":"auto","background-attachment":"scroll","background-type":"","background-media":"","overlay-type":"","overlay-color":"","overlay-opacity":"","overlay-gradient":""}},"footnotes":""},"categories":[13,4,5],"tags":[],"class_list":["post-21460","post","type-post","status-publish","format-standard","has-post-thumbnail","hentry","category-4t","category-portada","category-primaria"],"post_mailing_queue_ids":[],"_links":{"self":[{"href":"https:\/\/agora.xtec.cat\/escalmacelles\/wp-json\/wp\/v2\/posts\/21460","targetHints":{"allow":["GET"]}}],"collection":[{"href":"https:\/\/agora.xtec.cat\/escalmacelles\/wp-json\/wp\/v2\/posts"}],"about":[{"href":"https:\/\/agora.xtec.cat\/escalmacelles\/wp-json\/wp\/v2\/types\/post"}],"author":[{"embeddable":true,"href":"https:\/\/agora.xtec.cat\/escalmacelles\/wp-json\/wp\/v2\/users\/18"}],"replies":[{"embeddable":true,"href":"https:\/\/agora.xtec.cat\/escalmacelles\/wp-json\/wp\/v2\/comments?post=21460"}],"version-history":[{"count":2,"href":"https:\/\/agora.xtec.cat\/escalmacelles\/wp-json\/wp\/v2\/posts\/21460\/revisions"}],"predecessor-version":[{"id":21463,"href":"https:\/\/agora.xtec.cat\/escalmacelles\/wp-json\/wp\/v2\/posts\/21460\/revisions\/21463"}],"wp:featuredmedia":[{"embeddable":true,"href":"https:\/\/agora.xtec.cat\/escalmacelles\/wp-json\/wp\/v2\/media\/21461"}],"wp:attachment":[{"href":"https:\/\/agora.xtec.cat\/escalmacelles\/wp-json\/wp\/v2\/media?parent=21460"}],"wp:term":[{"taxonomy":"category","embeddable":true,"href":"https:\/\/agora.xtec.cat\/escalmacelles\/wp-json\/wp\/v2\/categories?post=21460"},{"taxonomy":"post_tag","embeddable":true,"href":"https:\/\/agora.xtec.cat\/escalmacelles\/wp-json\/wp\/v2\/tags?post=21460"}],"curies":[{"name":"wp","href":"https:\/\/api.w.org\/{rel}","templated":true}]}}