{"id":21448,"date":"2022-01-21T09:41:55","date_gmt":"2022-01-21T08:41:55","guid":{"rendered":"https:\/\/agora.xtec.cat\/escalmacelles\/?p=21448"},"modified":"2022-10-04T19:05:39","modified_gmt":"2022-10-04T17:05:39","slug":"dali-i-mes-5e","status":"publish","type":"post","link":"https:\/\/agora.xtec.cat\/escalmacelles\/portada\/dali-i-mes-5e\/","title":{"rendered":"DAL\u00cd &#8230;&#8230; I M\u00c9S. 5\u00e8"},"content":{"rendered":"<p>A cinqu\u00e8 treballem el gran artista, en Dal\u00ed. A partir del quadre \u201cPersistencia de la memoria\u201d, amb la lectura de la seva vida i obra, alhora que emprant diferents t\u00e8cniques de dibuix, ens hem anat endinsat en el seu m\u00f3n. Aqu\u00ed teniu una petita mostra.<a href=\"https:\/\/photos.app.goo.gl\/bNvuv6J6h2TkFGCPA\" target=\"_blank\" rel=\"noopener\"><img loading=\"lazy\" decoding=\"async\" class=\"wp-image-21450 aligncenter\" src=\"https:\/\/agora.xtec.cat\/escalmacelles\/wp-content\/uploads\/usu1902\/2022\/01\/dali7-1comprimit-1024x648.jpg\" alt=\"\" width=\"452\" height=\"286\" srcset=\"https:\/\/agora.xtec.cat\/escalmacelles\/wp-content\/uploads\/usu1902\/2022\/01\/dali7-1comprimit-1024x648.jpg 1024w, https:\/\/agora.xtec.cat\/escalmacelles\/wp-content\/uploads\/usu1902\/2022\/01\/dali7-1comprimit-300x190.jpg 300w, https:\/\/agora.xtec.cat\/escalmacelles\/wp-content\/uploads\/usu1902\/2022\/01\/dali7-1comprimit-768x486.jpg 768w, https:\/\/agora.xtec.cat\/escalmacelles\/wp-content\/uploads\/usu1902\/2022\/01\/dali7-1comprimit-1536x972.jpg 1536w, https:\/\/agora.xtec.cat\/escalmacelles\/wp-content\/uploads\/usu1902\/2022\/01\/dali7-1comprimit-2048x1296.jpg 2048w\" sizes=\"auto, (max-width: 452px) 100vw, 452px\" \/><\/a><\/p>\n<p>Ara, ens hem aturat en el treball d\u2019en Dal\u00ed. Estem a Medi Social amb l\u2019Imperi Rom\u00e0, el qual treballem transversalment. Per aquest motiu, estem estudiant la t\u00e8cnica del mosaic rom\u00e0 a educaci\u00f3 art\u00edstica. Primer, a partir d\u2019un model propi de l\u2019\u00e8poca, per despr\u00e9s passar a fer la nostra pr\u00f2pia creaci\u00f3. Vegeu unes fotos.<\/p>\n<p><a href=\"https:\/\/photos.google.com\/u\/2\/share\/AF1QipP442pcX2yhqSkfKJnAFUJbv7gjhTgJzHCMQr07UyXVp1ua_KneZ3YOZijCg-AzQA?key=QWJJSE5FSDIxeExkQW1LYUE3aDhua1o0OWp1Z29R\" target=\"_blank\" rel=\"noopener\"><img loading=\"lazy\" decoding=\"async\" class=\"wp-image-21451 aligncenter\" src=\"https:\/\/agora.xtec.cat\/escalmacelles\/wp-content\/uploads\/usu1902\/2022\/01\/mosaiccomprimit-1024x473.jpg\" alt=\"\" width=\"461\" height=\"213\" srcset=\"https:\/\/agora.xtec.cat\/escalmacelles\/wp-content\/uploads\/usu1902\/2022\/01\/mosaiccomprimit-1024x473.jpg 1024w, https:\/\/agora.xtec.cat\/escalmacelles\/wp-content\/uploads\/usu1902\/2022\/01\/mosaiccomprimit-300x139.jpg 300w, https:\/\/agora.xtec.cat\/escalmacelles\/wp-content\/uploads\/usu1902\/2022\/01\/mosaiccomprimit-768x355.jpg 768w, https:\/\/agora.xtec.cat\/escalmacelles\/wp-content\/uploads\/usu1902\/2022\/01\/mosaiccomprimit-1536x709.jpg 1536w, https:\/\/agora.xtec.cat\/escalmacelles\/wp-content\/uploads\/usu1902\/2022\/01\/mosaiccomprimit-2048x946.jpg 2048w\" sizes=\"auto, (max-width: 461px) 100vw, 461px\" \/><\/a><\/p>\n<p>Tamb\u00e9, com escola col\u00b7laborem amb l\u2019AFANOC, i aquest any celebren 10 anys de la casa dels Xuklis. Aix\u00ed que ens han proposat fer una felicitaci\u00f3 per aquest aniversari.<\/p>\n<p><a href=\"https:\/\/photos.app.goo.gl\/YvSSGNZ6XsdH4kgp9\" target=\"_blank\" rel=\"noopener\"><img loading=\"lazy\" decoding=\"async\" class=\"wp-image-21452 aligncenter\" src=\"https:\/\/agora.xtec.cat\/escalmacelles\/wp-content\/uploads\/usu1902\/2022\/01\/xukliscomprimida-1024x473.jpg\" alt=\"\" width=\"459\" height=\"212\" srcset=\"https:\/\/agora.xtec.cat\/escalmacelles\/wp-content\/uploads\/usu1902\/2022\/01\/xukliscomprimida-1024x473.jpg 1024w, https:\/\/agora.xtec.cat\/escalmacelles\/wp-content\/uploads\/usu1902\/2022\/01\/xukliscomprimida-300x139.jpg 300w, https:\/\/agora.xtec.cat\/escalmacelles\/wp-content\/uploads\/usu1902\/2022\/01\/xukliscomprimida-768x355.jpg 768w, https:\/\/agora.xtec.cat\/escalmacelles\/wp-content\/uploads\/usu1902\/2022\/01\/xukliscomprimida-1536x709.jpg 1536w, https:\/\/agora.xtec.cat\/escalmacelles\/wp-content\/uploads\/usu1902\/2022\/01\/xukliscomprimida-2048x946.jpg 2048w\" sizes=\"auto, (max-width: 459px) 100vw, 459px\" \/><\/a><\/p>\n<p><span style=\"font-family: inherit;font-size: 1em\">Alhora, estem treballant en el projecte per elaborar un logotip per ERASMUS+ i en el Dia de la Pau que celebrarem el proper divendres. Com veieu estem una mica enfeinats!<\/span><\/p>\n","protected":false},"excerpt":{"rendered":"<p>A cinqu\u00e8 treballem el gran artista, en Dal\u00ed. A partir del quadre \u201cPersistencia de la memoria\u201d, amb la lectura de la seva vida i obra, alhora que emprant diferents t\u00e8cniques de dibuix, ens hem anat endinsat en el seu m\u00f3n. Aqu\u00ed teniu una petita mostra. Ara, ens hem aturat en el treball d\u2019en Dal\u00ed. Estem [&hellip;]<\/p>\n","protected":false},"author":1,"featured_media":0,"comment_status":"closed","ping_status":"closed","sticky":false,"template":"","format":"standard","meta":{"_bbp_topic_count":0,"_bbp_reply_count":0,"_bbp_total_topic_count":0,"_bbp_total_reply_count":0,"_bbp_voice_count":0,"_bbp_anonymous_reply_count":0,"_bbp_topic_count_hidden":0,"_bbp_reply_count_hidden":0,"_bbp_forum_subforum_count":0,"site-sidebar-layout":"default","site-content-layout":"","ast-site-content-layout":"","site-content-style":"default","site-sidebar-style":"default","ast-global-header-display":"","ast-banner-title-visibility":"","ast-main-header-display":"","ast-hfb-above-header-display":"","ast-hfb-below-header-display":"","ast-hfb-mobile-header-display":"","site-post-title":"","ast-breadcrumbs-content":"","ast-featured-img":"","footer-sml-layout":"","theme-transparent-header-meta":"","adv-header-id-meta":"","stick-header-meta":"","header-above-stick-meta":"","header-main-stick-meta":"","header-below-stick-meta":"","astra-migrate-meta-layouts":"default","ast-page-background-enabled":"default","ast-page-background-meta":{"desktop":{"background-color":"var(--ast-global-color-4)","background-image":"","background-repeat":"repeat","background-position":"center center","background-size":"auto","background-attachment":"scroll","background-type":"","background-media":"","overlay-type":"","overlay-color":"","overlay-opacity":"","overlay-gradient":""},"tablet":{"background-color":"","background-image":"","background-repeat":"repeat","background-position":"center center","background-size":"auto","background-attachment":"scroll","background-type":"","background-media":"","overlay-type":"","overlay-color":"","overlay-opacity":"","overlay-gradient":""},"mobile":{"background-color":"","background-image":"","background-repeat":"repeat","background-position":"center center","background-size":"auto","background-attachment":"scroll","background-type":"","background-media":"","overlay-type":"","overlay-color":"","overlay-opacity":"","overlay-gradient":""}},"ast-content-background-meta":{"desktop":{"background-color":"var(--ast-global-color-5)","background-image":"","background-repeat":"repeat","background-position":"center center","background-size":"auto","background-attachment":"scroll","background-type":"","background-media":"","overlay-type":"","overlay-color":"","overlay-opacity":"","overlay-gradient":""},"tablet":{"background-color":"var(--ast-global-color-5)","background-image":"","background-repeat":"repeat","background-position":"center center","background-size":"auto","background-attachment":"scroll","background-type":"","background-media":"","overlay-type":"","overlay-color":"","overlay-opacity":"","overlay-gradient":""},"mobile":{"background-color":"var(--ast-global-color-5)","background-image":"","background-repeat":"repeat","background-position":"center center","background-size":"auto","background-attachment":"scroll","background-type":"","background-media":"","overlay-type":"","overlay-color":"","overlay-opacity":"","overlay-gradient":""}},"footnotes":""},"categories":[14,4,5],"tags":[],"class_list":["post-21448","post","type-post","status-publish","format-standard","hentry","category-5e","category-portada","category-primaria"],"post_mailing_queue_ids":[],"_links":{"self":[{"href":"https:\/\/agora.xtec.cat\/escalmacelles\/wp-json\/wp\/v2\/posts\/21448","targetHints":{"allow":["GET"]}}],"collection":[{"href":"https:\/\/agora.xtec.cat\/escalmacelles\/wp-json\/wp\/v2\/posts"}],"about":[{"href":"https:\/\/agora.xtec.cat\/escalmacelles\/wp-json\/wp\/v2\/types\/post"}],"author":[{"embeddable":true,"href":"https:\/\/agora.xtec.cat\/escalmacelles\/wp-json\/wp\/v2\/users\/1"}],"replies":[{"embeddable":true,"href":"https:\/\/agora.xtec.cat\/escalmacelles\/wp-json\/wp\/v2\/comments?post=21448"}],"version-history":[{"count":3,"href":"https:\/\/agora.xtec.cat\/escalmacelles\/wp-json\/wp\/v2\/posts\/21448\/revisions"}],"predecessor-version":[{"id":21454,"href":"https:\/\/agora.xtec.cat\/escalmacelles\/wp-json\/wp\/v2\/posts\/21448\/revisions\/21454"}],"wp:attachment":[{"href":"https:\/\/agora.xtec.cat\/escalmacelles\/wp-json\/wp\/v2\/media?parent=21448"}],"wp:term":[{"taxonomy":"category","embeddable":true,"href":"https:\/\/agora.xtec.cat\/escalmacelles\/wp-json\/wp\/v2\/categories?post=21448"},{"taxonomy":"post_tag","embeddable":true,"href":"https:\/\/agora.xtec.cat\/escalmacelles\/wp-json\/wp\/v2\/tags?post=21448"}],"curies":[{"name":"wp","href":"https:\/\/api.w.org\/{rel}","templated":true}]}}