{"id":21440,"date":"2022-01-18T17:51:45","date_gmt":"2022-01-18T16:51:45","guid":{"rendered":"https:\/\/agora.xtec.cat\/escalmacelles\/?p=21440"},"modified":"2022-01-18T17:51:45","modified_gmt":"2022-01-18T16:51:45","slug":"projecte-erasmus","status":"publish","type":"post","link":"https:\/\/agora.xtec.cat\/escalmacelles\/portada\/projecte-erasmus\/","title":{"rendered":"PROJECTE ERASMUS+"},"content":{"rendered":"<p style=\"text-align: center\"><strong>AJUDA&#8217;NS A BUSCAR UN LOGOTIP<\/strong><\/p>\n<p><img loading=\"lazy\" decoding=\"async\" class=\"aligncenter\" src=\"https:\/\/cproviedo.es\/wp-content\/uploads\/2018\/02\/EU-flag-Erasmus.jpg\" alt=\"ARETE CATALYST) Proyecto de cooperaci\u00f3n e innovaci\u00f3n para el intercambio de buenas pr\u00e1cticas: Asociaci\u00f3n estrat\u00e9gica KA201 \u2013 Centro del Profesorado y Recursos de Oviedo\" width=\"378\" height=\"108\" \/><\/p>\n<p><span style=\"font-weight: 400\">La nostra escola ha estat escollida per participar en el projecte ERASMUS +. <\/span><span style=\"font-weight: 400\">Aquest projecte t\u00e9 com a objectiu millorar la qualitat educativa dels centres que hi participen a trav\u00e9s de les oportunitats de mobilitat a diferents pa\u00efsos europeus.\u00a0<\/span><\/p>\n<p><span style=\"font-weight: 400\">La finalitat que l\u2019escola Ant\u00f2nia Sim\u00f3 i Arn\u00f3 pugui participar en aquest projecte, \u00e9s que sigui reconeguda en altres pa\u00efsos d\u2019Europa com a centre inclusiu i de millora en les seves pr\u00e0ctiques educatives.\u00a0<\/span><\/p>\n<p><span style=\"font-weight: 400\">Per aix\u00f2, necessitem que ens ajudeu a dissenyar un logotip per aquest projecte.<\/span><\/p>\n<p><span style=\"font-weight: 400\">BASES DEL CONCURS:<\/span><\/p>\n<ul>\n<li><span style=\"font-weight: 400\">El logotip el pots fer individual o en grup (3 m\u00e0xim)<\/span><\/li>\n<li><span style=\"font-weight: 400\">Color: m\u00e0xim 3 colors (+ el <\/span><b>blanc<\/b><span style=\"font-weight: 400\">). Per\u00f2 dels tres, un ha de\u00a0 ser necess\u00e0riament el <\/span><b>blau<\/b><span style=\"font-weight: 400\">, el color de la UE: <\/span><b>0\/51\/153- hexadecimal:003399.<\/b><\/li>\n<\/ul>\n<ul>\n<li style=\"font-weight: 400\"><span style=\"font-weight: 400\">Ha d\u2019incloure l\u2019acr\u00f2nim: <\/span><b>CETE+<\/b><span style=\"font-weight: 400\">.<\/span><\/li>\n<li style=\"font-weight: 400\"><span style=\"font-weight: 400\">T\u00e8cnica: digital o f\u00edsica.<\/span><\/li>\n<li style=\"font-weight: 400\"><span style=\"font-weight: 400\">Si es realitza digital, la mesura ha de ser:<br \/>\n<\/span>Large: 1200 x 1200 \u00a0 px<br \/>\nMedium: 820 x 820 \u00a0 px<br \/>\nSmall: 170\u00a0 X\u00a0 170\u00a0 px<\/li>\n<\/ul>\n<ul>\n<li style=\"font-weight: 400\"><span style=\"font-weight: 400\">S\u2019ha de realitzar a l\u2019escola.<\/span><\/li>\n<li style=\"font-weight: 400\"><span style=\"font-weight: 400\">Ha de ser original i creatiu. No es poden copiar.<\/span><\/li>\n<li style=\"font-weight: 400\"><span style=\"font-weight: 400\">De cada nivell, s\u2019escollir\u00e0 1 logotip. Per tant, tindrem 6 finalistes.<\/span><\/li>\n<li style=\"font-weight: 400\"><span style=\"font-weight: 400\">Dels 6 finalistes, l\u2019alumnat i el professorat escollir\u00e0 per votaci\u00f3 aquell que m\u00e9s li agradi.<\/span><\/li>\n<li style=\"font-weight: 400;text-align: left\"><span style=\"font-weight: 400\"><span style=\"font-weight: 400\">Finalment, el m\u00e9s votat dels 6 ser\u00e0 el logotip que guanyar\u00e0 un diploma del projecte ERASMUS. <\/span><\/span>El\u00a0 logotip guanyador del centre passar\u00e0 a la selecci\u00f3 general del projecte ERASMUS+.\u00a0 I si guanyem, obtindrem una activitat l\u00fadica \u2013educativa per gaudir el grup de l\u2019alumne\/a guanyador\/a.\n<p>MOLTA SORT A TOTS I TOTES!<\/li>\n<\/ul>\n<p><span style=\"font-weight: 400\">\u00a0<\/span><\/p>\n","protected":false},"excerpt":{"rendered":"<p>AJUDA&#8217;NS A BUSCAR UN LOGOTIP La nostra escola ha estat escollida per participar en el projecte ERASMUS +. Aquest projecte t\u00e9 com a objectiu millorar la qualitat educativa dels centres que hi participen a trav\u00e9s de les oportunitats de mobilitat a diferents pa\u00efsos europeus.\u00a0 La finalitat que l\u2019escola Ant\u00f2nia Sim\u00f3 i Arn\u00f3 pugui participar en [&hellip;]<\/p>\n","protected":false},"author":23,"featured_media":0,"comment_status":"open","ping_status":"closed","sticky":false,"template":"","format":"standard","meta":{"_bbp_topic_count":0,"_bbp_reply_count":0,"_bbp_total_topic_count":0,"_bbp_total_reply_count":0,"_bbp_voice_count":0,"_bbp_anonymous_reply_count":0,"_bbp_topic_count_hidden":0,"_bbp_reply_count_hidden":0,"_bbp_forum_subforum_count":0,"site-sidebar-layout":"default","site-content-layout":"","ast-site-content-layout":"","site-content-style":"default","site-sidebar-style":"default","ast-global-header-display":"","ast-banner-title-visibility":"","ast-main-header-display":"","ast-hfb-above-header-display":"","ast-hfb-below-header-display":"","ast-hfb-mobile-header-display":"","site-post-title":"","ast-breadcrumbs-content":"","ast-featured-img":"","footer-sml-layout":"","theme-transparent-header-meta":"","adv-header-id-meta":"","stick-header-meta":"","header-above-stick-meta":"","header-main-stick-meta":"","header-below-stick-meta":"","astra-migrate-meta-layouts":"default","ast-page-background-enabled":"default","ast-page-background-meta":{"desktop":{"background-color":"var(--ast-global-color-4)","background-image":"","background-repeat":"repeat","background-position":"center center","background-size":"auto","background-attachment":"scroll","background-type":"","background-media":"","overlay-type":"","overlay-color":"","overlay-opacity":"","overlay-gradient":""},"tablet":{"background-color":"","background-image":"","background-repeat":"repeat","background-position":"center center","background-size":"auto","background-attachment":"scroll","background-type":"","background-media":"","overlay-type":"","overlay-color":"","overlay-opacity":"","overlay-gradient":""},"mobile":{"background-color":"","background-image":"","background-repeat":"repeat","background-position":"center center","background-size":"auto","background-attachment":"scroll","background-type":"","background-media":"","overlay-type":"","overlay-color":"","overlay-opacity":"","overlay-gradient":""}},"ast-content-background-meta":{"desktop":{"background-color":"var(--ast-global-color-5)","background-image":"","background-repeat":"repeat","background-position":"center center","background-size":"auto","background-attachment":"scroll","background-type":"","background-media":"","overlay-type":"","overlay-color":"","overlay-opacity":"","overlay-gradient":""},"tablet":{"background-color":"var(--ast-global-color-5)","background-image":"","background-repeat":"repeat","background-position":"center center","background-size":"auto","background-attachment":"scroll","background-type":"","background-media":"","overlay-type":"","overlay-color":"","overlay-opacity":"","overlay-gradient":""},"mobile":{"background-color":"var(--ast-global-color-5)","background-image":"","background-repeat":"repeat","background-position":"center center","background-size":"auto","background-attachment":"scroll","background-type":"","background-media":"","overlay-type":"","overlay-color":"","overlay-opacity":"","overlay-gradient":""}},"footnotes":""},"categories":[4],"tags":[],"class_list":["post-21440","post","type-post","status-publish","format-standard","hentry","category-portada"],"post_mailing_queue_ids":[],"_links":{"self":[{"href":"https:\/\/agora.xtec.cat\/escalmacelles\/wp-json\/wp\/v2\/posts\/21440","targetHints":{"allow":["GET"]}}],"collection":[{"href":"https:\/\/agora.xtec.cat\/escalmacelles\/wp-json\/wp\/v2\/posts"}],"about":[{"href":"https:\/\/agora.xtec.cat\/escalmacelles\/wp-json\/wp\/v2\/types\/post"}],"author":[{"embeddable":true,"href":"https:\/\/agora.xtec.cat\/escalmacelles\/wp-json\/wp\/v2\/users\/23"}],"replies":[{"embeddable":true,"href":"https:\/\/agora.xtec.cat\/escalmacelles\/wp-json\/wp\/v2\/comments?post=21440"}],"version-history":[{"count":4,"href":"https:\/\/agora.xtec.cat\/escalmacelles\/wp-json\/wp\/v2\/posts\/21440\/revisions"}],"predecessor-version":[{"id":21446,"href":"https:\/\/agora.xtec.cat\/escalmacelles\/wp-json\/wp\/v2\/posts\/21440\/revisions\/21446"}],"wp:attachment":[{"href":"https:\/\/agora.xtec.cat\/escalmacelles\/wp-json\/wp\/v2\/media?parent=21440"}],"wp:term":[{"taxonomy":"category","embeddable":true,"href":"https:\/\/agora.xtec.cat\/escalmacelles\/wp-json\/wp\/v2\/categories?post=21440"},{"taxonomy":"post_tag","embeddable":true,"href":"https:\/\/agora.xtec.cat\/escalmacelles\/wp-json\/wp\/v2\/tags?post=21440"}],"curies":[{"name":"wp","href":"https:\/\/api.w.org\/{rel}","templated":true}]}}