{"id":21396,"date":"2021-12-15T17:18:39","date_gmt":"2021-12-15T16:18:39","guid":{"rendered":"https:\/\/agora.xtec.cat\/escalmacelles\/?p=21396"},"modified":"2021-12-15T17:18:39","modified_gmt":"2021-12-15T16:18:39","slug":"dia-internacional-dels-animals-a-lescola","status":"publish","type":"post","link":"https:\/\/agora.xtec.cat\/escalmacelles\/portada\/dia-internacional-dels-animals-a-lescola\/","title":{"rendered":"DIA INTERNACIONAL DELS ANIMALS A L&#8217;ESCOLA"},"content":{"rendered":"<p>El dia 10 de desembre va ser el dia Internacional dels animals. A l&#8217;escola vam portar a terme dues activitats per tal de conscienciar a l&#8217;alumnat del nostre centre i treballar el respecte i cura dels animals.<\/p>\n<p>La <strong>Plataforma animalista de Lleida<\/strong> ens vam fer unes xerrades gratu\u00eftes de Tinen\u00e7a responsable d&#8217;animals de companyia amb la finalitat que el nostre alumnat sigui, en un futur, persones responsables en el tracte amb els animals i puguem disminuir la quantitat d&#8217;animals abandonats i perduts. Moltes gr\u00e0cies a la Laia i a la Rosa pel seu esfor\u00e7 i dedicaci\u00f3.<\/p>\n<p>L&#8217;escola juntament amb el Centre Veterinari d&#8217;Almacelles i l&#8217;associaci\u00f3 VIECAN vam tenir la iniciativa de fer la <strong>recollida de material i menjar<\/strong> per a les protectores d&#8217;animals de refer\u00e8ncia del poble.<\/p>\n<p>Aquesta proposta ha estat un \u00e8xit!!!<\/p>\n<p>Gr\u00e0cies a tots i totes per la vostra col\u00b7laboraci\u00f3. Sense la vostra participaci\u00f3 no hagu\u00e9s estat possible.<\/p>\n<p><a href=\"https:\/\/photos.app.goo.gl\/fRhqdNrWDkP1gNAF6\"><img loading=\"lazy\" decoding=\"async\" class=\"alignnone size-full wp-image-21397\" src=\"https:\/\/agora.xtec.cat\/escalmacelles\/wp-content\/uploads\/usu1902\/2021\/12\/IMG-20211214-WA0013.jpg\" alt=\"\" width=\"1024\" height=\"768\" srcset=\"https:\/\/agora.xtec.cat\/escalmacelles\/wp-content\/uploads\/usu1902\/2021\/12\/IMG-20211214-WA0013.jpg 1024w, https:\/\/agora.xtec.cat\/escalmacelles\/wp-content\/uploads\/usu1902\/2021\/12\/IMG-20211214-WA0013-300x225.jpg 300w, https:\/\/agora.xtec.cat\/escalmacelles\/wp-content\/uploads\/usu1902\/2021\/12\/IMG-20211214-WA0013-768x576.jpg 768w, https:\/\/agora.xtec.cat\/escalmacelles\/wp-content\/uploads\/usu1902\/2021\/12\/IMG-20211214-WA0013-200x150.jpg 200w\" sizes=\"auto, (max-width: 1024px) 100vw, 1024px\" \/><\/a><\/p>\n","protected":false},"excerpt":{"rendered":"<p>El dia 10 de desembre va ser el dia Internacional dels animals. A l&#8217;escola vam portar a terme dues activitats per tal de conscienciar a l&#8217;alumnat del nostre centre i treballar el respecte i cura dels animals. La Plataforma animalista de Lleida ens vam fer unes xerrades gratu\u00eftes de Tinen\u00e7a responsable d&#8217;animals de companyia amb [&hellip;]<\/p>\n","protected":false},"author":4,"featured_media":0,"comment_status":"closed","ping_status":"closed","sticky":false,"template":"","format":"standard","meta":{"_bbp_topic_count":0,"_bbp_reply_count":0,"_bbp_total_topic_count":0,"_bbp_total_reply_count":0,"_bbp_voice_count":0,"_bbp_anonymous_reply_count":0,"_bbp_topic_count_hidden":0,"_bbp_reply_count_hidden":0,"_bbp_forum_subforum_count":0,"site-sidebar-layout":"default","site-content-layout":"","ast-site-content-layout":"","site-content-style":"default","site-sidebar-style":"default","ast-global-header-display":"","ast-banner-title-visibility":"","ast-main-header-display":"","ast-hfb-above-header-display":"","ast-hfb-below-header-display":"","ast-hfb-mobile-header-display":"","site-post-title":"","ast-breadcrumbs-content":"","ast-featured-img":"","footer-sml-layout":"","theme-transparent-header-meta":"","adv-header-id-meta":"","stick-header-meta":"","header-above-stick-meta":"","header-main-stick-meta":"","header-below-stick-meta":"","astra-migrate-meta-layouts":"default","ast-page-background-enabled":"default","ast-page-background-meta":{"desktop":{"background-color":"var(--ast-global-color-4)","background-image":"","background-repeat":"repeat","background-position":"center center","background-size":"auto","background-attachment":"scroll","background-type":"","background-media":"","overlay-type":"","overlay-color":"","overlay-opacity":"","overlay-gradient":""},"tablet":{"background-color":"","background-image":"","background-repeat":"repeat","background-position":"center center","background-size":"auto","background-attachment":"scroll","background-type":"","background-media":"","overlay-type":"","overlay-color":"","overlay-opacity":"","overlay-gradient":""},"mobile":{"background-color":"","background-image":"","background-repeat":"repeat","background-position":"center center","background-size":"auto","background-attachment":"scroll","background-type":"","background-media":"","overlay-type":"","overlay-color":"","overlay-opacity":"","overlay-gradient":""}},"ast-content-background-meta":{"desktop":{"background-color":"var(--ast-global-color-5)","background-image":"","background-repeat":"repeat","background-position":"center center","background-size":"auto","background-attachment":"scroll","background-type":"","background-media":"","overlay-type":"","overlay-color":"","overlay-opacity":"","overlay-gradient":""},"tablet":{"background-color":"var(--ast-global-color-5)","background-image":"","background-repeat":"repeat","background-position":"center center","background-size":"auto","background-attachment":"scroll","background-type":"","background-media":"","overlay-type":"","overlay-color":"","overlay-opacity":"","overlay-gradient":""},"mobile":{"background-color":"var(--ast-global-color-5)","background-image":"","background-repeat":"repeat","background-position":"center center","background-size":"auto","background-attachment":"scroll","background-type":"","background-media":"","overlay-type":"","overlay-color":"","overlay-opacity":"","overlay-gradient":""}},"footnotes":""},"categories":[4],"tags":[],"class_list":["post-21396","post","type-post","status-publish","format-standard","hentry","category-portada"],"post_mailing_queue_ids":[],"_links":{"self":[{"href":"https:\/\/agora.xtec.cat\/escalmacelles\/wp-json\/wp\/v2\/posts\/21396","targetHints":{"allow":["GET"]}}],"collection":[{"href":"https:\/\/agora.xtec.cat\/escalmacelles\/wp-json\/wp\/v2\/posts"}],"about":[{"href":"https:\/\/agora.xtec.cat\/escalmacelles\/wp-json\/wp\/v2\/types\/post"}],"author":[{"embeddable":true,"href":"https:\/\/agora.xtec.cat\/escalmacelles\/wp-json\/wp\/v2\/users\/4"}],"replies":[{"embeddable":true,"href":"https:\/\/agora.xtec.cat\/escalmacelles\/wp-json\/wp\/v2\/comments?post=21396"}],"version-history":[{"count":3,"href":"https:\/\/agora.xtec.cat\/escalmacelles\/wp-json\/wp\/v2\/posts\/21396\/revisions"}],"predecessor-version":[{"id":21400,"href":"https:\/\/agora.xtec.cat\/escalmacelles\/wp-json\/wp\/v2\/posts\/21396\/revisions\/21400"}],"wp:attachment":[{"href":"https:\/\/agora.xtec.cat\/escalmacelles\/wp-json\/wp\/v2\/media?parent=21396"}],"wp:term":[{"taxonomy":"category","embeddable":true,"href":"https:\/\/agora.xtec.cat\/escalmacelles\/wp-json\/wp\/v2\/categories?post=21396"},{"taxonomy":"post_tag","embeddable":true,"href":"https:\/\/agora.xtec.cat\/escalmacelles\/wp-json\/wp\/v2\/tags?post=21396"}],"curies":[{"name":"wp","href":"https:\/\/api.w.org\/{rel}","templated":true}]}}