{"id":21366,"date":"2021-11-25T19:43:43","date_gmt":"2021-11-25T18:43:43","guid":{"rendered":"https:\/\/agora.xtec.cat\/escalmacelles\/?p=21366"},"modified":"2022-10-04T21:55:59","modified_gmt":"2022-10-04T19:55:59","slug":"el-dia-de-la-musica-a-educacio-infantil","status":"publish","type":"post","link":"https:\/\/agora.xtec.cat\/escalmacelles\/infantil\/el-dia-de-la-musica-a-educacio-infantil\/","title":{"rendered":"EL DIA DE LA M\u00daSICA A EDUCACI\u00d3 INFANTIL"},"content":{"rendered":"<p>DILLUNS DIA 22 VA SER EL DIA DE LA M\u00daSICA. LA M\u00daSICA ENS AGRADA MOLT I PER CELEBRAR-HO, A LA TARDA, VA VENIR UN DELS MESTRES DE M\u00daSICA DE L&#8217;ESCOLA, EL F\u00c8LIX LECI\u00d1ENA. EL F\u00c8LIX ENS VA TOCAR UNES QUANTES CAN\u00c7ONS AMB LA SEVA GUITARRA. HO VA FER MOLT B\u00c9 I ENS VA AGRADAR MOLT!<\/p>\n<p>MOLTES GR\u00c0CIES F\u00c8LIX!!<\/p>\n<p><a href=\"https:\/\/photos.app.goo.gl\/GJookCKdSGyMxhNFA\"><img loading=\"lazy\" decoding=\"async\" class=\"wp-image-21367 aligncenter\" src=\"https:\/\/agora.xtec.cat\/escalmacelles\/wp-content\/uploads\/usu1902\/2021\/11\/20211122_152608-576x1024.jpg\" alt=\"\" width=\"203\" height=\"361\" srcset=\"https:\/\/agora.xtec.cat\/escalmacelles\/wp-content\/uploads\/usu1902\/2021\/11\/20211122_152608-576x1024.jpg 576w, https:\/\/agora.xtec.cat\/escalmacelles\/wp-content\/uploads\/usu1902\/2021\/11\/20211122_152608-169x300.jpg 169w, https:\/\/agora.xtec.cat\/escalmacelles\/wp-content\/uploads\/usu1902\/2021\/11\/20211122_152608-768x1365.jpg 768w, https:\/\/agora.xtec.cat\/escalmacelles\/wp-content\/uploads\/usu1902\/2021\/11\/20211122_152608-864x1536.jpg 864w, https:\/\/agora.xtec.cat\/escalmacelles\/wp-content\/uploads\/usu1902\/2021\/11\/20211122_152608.jpg 1024w\" sizes=\"auto, (max-width: 203px) 100vw, 203px\" \/><\/a><\/p>\n","protected":false},"excerpt":{"rendered":"<p>DILLUNS DIA 22 VA SER EL DIA DE LA M\u00daSICA. LA M\u00daSICA ENS AGRADA MOLT I PER CELEBRAR-HO, A LA TARDA, VA VENIR UN DELS MESTRES DE M\u00daSICA DE L&#8217;ESCOLA, EL F\u00c8LIX LECI\u00d1ENA. EL F\u00c8LIX ENS VA TOCAR UNES QUANTES CAN\u00c7ONS AMB LA SEVA GUITARRA. HO VA FER MOLT B\u00c9 I ENS VA AGRADAR MOLT! [&hellip;]<\/p>\n","protected":false},"author":7,"featured_media":0,"comment_status":"closed","ping_status":"closed","sticky":false,"template":"","format":"standard","meta":{"_bbp_topic_count":0,"_bbp_reply_count":0,"_bbp_total_topic_count":0,"_bbp_total_reply_count":0,"_bbp_voice_count":0,"_bbp_anonymous_reply_count":0,"_bbp_topic_count_hidden":0,"_bbp_reply_count_hidden":0,"_bbp_forum_subforum_count":0,"site-sidebar-layout":"default","site-content-layout":"","ast-site-content-layout":"","site-content-style":"default","site-sidebar-style":"default","ast-global-header-display":"","ast-banner-title-visibility":"","ast-main-header-display":"","ast-hfb-above-header-display":"","ast-hfb-below-header-display":"","ast-hfb-mobile-header-display":"","site-post-title":"","ast-breadcrumbs-content":"","ast-featured-img":"","footer-sml-layout":"","theme-transparent-header-meta":"","adv-header-id-meta":"","stick-header-meta":"","header-above-stick-meta":"","header-main-stick-meta":"","header-below-stick-meta":"","astra-migrate-meta-layouts":"default","ast-page-background-enabled":"default","ast-page-background-meta":{"desktop":{"background-color":"var(--ast-global-color-4)","background-image":"","background-repeat":"repeat","background-position":"center center","background-size":"auto","background-attachment":"scroll","background-type":"","background-media":"","overlay-type":"","overlay-color":"","overlay-opacity":"","overlay-gradient":""},"tablet":{"background-color":"","background-image":"","background-repeat":"repeat","background-position":"center center","background-size":"auto","background-attachment":"scroll","background-type":"","background-media":"","overlay-type":"","overlay-color":"","overlay-opacity":"","overlay-gradient":""},"mobile":{"background-color":"","background-image":"","background-repeat":"repeat","background-position":"center center","background-size":"auto","background-attachment":"scroll","background-type":"","background-media":"","overlay-type":"","overlay-color":"","overlay-opacity":"","overlay-gradient":""}},"ast-content-background-meta":{"desktop":{"background-color":"var(--ast-global-color-5)","background-image":"","background-repeat":"repeat","background-position":"center center","background-size":"auto","background-attachment":"scroll","background-type":"","background-media":"","overlay-type":"","overlay-color":"","overlay-opacity":"","overlay-gradient":""},"tablet":{"background-color":"var(--ast-global-color-5)","background-image":"","background-repeat":"repeat","background-position":"center center","background-size":"auto","background-attachment":"scroll","background-type":"","background-media":"","overlay-type":"","overlay-color":"","overlay-opacity":"","overlay-gradient":""},"mobile":{"background-color":"var(--ast-global-color-5)","background-image":"","background-repeat":"repeat","background-position":"center center","background-size":"auto","background-attachment":"scroll","background-type":"","background-media":"","overlay-type":"","overlay-color":"","overlay-opacity":"","overlay-gradient":""}},"footnotes":""},"categories":[3,8,9,2,65,4],"tags":[],"class_list":["post-21366","post","type-post","status-publish","format-standard","hentry","category-p3","category-p4","category-p5","category-infantil","category-musica","category-portada"],"post_mailing_queue_ids":[],"_links":{"self":[{"href":"https:\/\/agora.xtec.cat\/escalmacelles\/wp-json\/wp\/v2\/posts\/21366","targetHints":{"allow":["GET"]}}],"collection":[{"href":"https:\/\/agora.xtec.cat\/escalmacelles\/wp-json\/wp\/v2\/posts"}],"about":[{"href":"https:\/\/agora.xtec.cat\/escalmacelles\/wp-json\/wp\/v2\/types\/post"}],"author":[{"embeddable":true,"href":"https:\/\/agora.xtec.cat\/escalmacelles\/wp-json\/wp\/v2\/users\/7"}],"replies":[{"embeddable":true,"href":"https:\/\/agora.xtec.cat\/escalmacelles\/wp-json\/wp\/v2\/comments?post=21366"}],"version-history":[{"count":1,"href":"https:\/\/agora.xtec.cat\/escalmacelles\/wp-json\/wp\/v2\/posts\/21366\/revisions"}],"predecessor-version":[{"id":21368,"href":"https:\/\/agora.xtec.cat\/escalmacelles\/wp-json\/wp\/v2\/posts\/21366\/revisions\/21368"}],"wp:attachment":[{"href":"https:\/\/agora.xtec.cat\/escalmacelles\/wp-json\/wp\/v2\/media?parent=21366"}],"wp:term":[{"taxonomy":"category","embeddable":true,"href":"https:\/\/agora.xtec.cat\/escalmacelles\/wp-json\/wp\/v2\/categories?post=21366"},{"taxonomy":"post_tag","embeddable":true,"href":"https:\/\/agora.xtec.cat\/escalmacelles\/wp-json\/wp\/v2\/tags?post=21366"}],"curies":[{"name":"wp","href":"https:\/\/api.w.org\/{rel}","templated":true}]}}