{"id":21346,"date":"2021-11-14T12:44:22","date_gmt":"2021-11-14T11:44:22","guid":{"rendered":"https:\/\/agora.xtec.cat\/escalmacelles\/?p=21346"},"modified":"2022-10-04T21:50:02","modified_gmt":"2022-10-04T19:50:02","slug":"sortida-a-lleida-6e","status":"publish","type":"post","link":"https:\/\/agora.xtec.cat\/escalmacelles\/portada\/sortida-a-lleida-6e\/","title":{"rendered":"Sortida a Lleida 6\u00e8"},"content":{"rendered":"<p>El passat divendres, dia 12 de novembre, l&#8217;alumnat de 6\u00e8 vam fer una sortida a Lleida. Vam visitar les restes hist\u00f2riques d&#8217;unes de les adoberies m\u00e9s antigues de l&#8217;estat espanyol i que millor s&#8217;han conservat. Tamb\u00e9, vam anar a veure l&#8217;exposici\u00f3 \u201cArt i mite. Els d\u00e9us del Prado\u201d al CaixaF\u00f2rum. A m\u00e9s a m\u00e9s, vam aprofitar el dia per veure l&#8217;estaci\u00f3 Lleida-Pirineus i el carrer Cavallers i vam finalitzar la sortida a la Seu Vella. Una excursi\u00f3 molt completa i gratificant, relacionada amb el Projecte de la Hist\u00f2ria.<\/p>\n<p><a href=\"https:\/\/photos.app.goo.gl\/EYNT283qUYVh1v5o9\"><img decoding=\"async\" class=\"aligncenter\" src=\"https:\/\/lh3.googleusercontent.com\/LngPRMLSH_o34QTJAlS0xu44QCUuw5a7fMf_UMEazJ6rbm_XHzv16aoe-_WBqzoEm8ZpyGLJ5NAhULrR6g4mxXFAgM0prbfnSm5W1UeE7UQHjcISGOLDTSnyCc-fvb2Qqgw21bcdSitM7YgkMSbtwImsITWwGA6jUvzaBSxRSB3RgrI0TInVYrHTHTr9Nw2Zg9KEwB8unW3gaqlsVmavstnAGSyrqiv3VNtYcWI58M50VW5xIhCBL16YNNs3KKkNVjPQHdEwa6qdNEk6MxMG6ltVVjoV_Tz34FsHcCwlf7_cnpKU7y2SOBJka2zOMdi8p9WNaZI0Cua28gBJK94tCLnTjNuAYqjq8oNlLrjcYkQ19OV8LoDpPp6bk832UpzgZ3cOpmz1QSwMRFDCJHeTOo7eGiGZ8l74aNrvcYKcaOALaiSJAlYMJdYe_gE-vuoyEpKgtgSLUSBQBfX6T0zJHEhLfYxPktP6S5xia1_DOjD5p3VMtMH0yK9vufB8sSOa9jVcUMDE9IyA6BabREo9Wclv7q2kl6Q-tZzXs7KWIHQiSXG0D_5xdwFoZm65kro3Oct62tlRHSPEKiHoOoVi4Ib1k1z90D38sX8RMSCZEIpVeK_cSVANwClyfwWnpd5mBy27w9lwh6ppQ4FJveNTTEi9ksM43R__mdEAVCtxZDDquzipW5wXcd7gVBvAI5CCZb5x9JO5QgPmOGER899TuT1p=w686-h914-no?authuser=0\" \/><\/a><\/p>\n","protected":false},"excerpt":{"rendered":"<p>El passat divendres, dia 12 de novembre, l&#8217;alumnat de 6\u00e8 vam fer una sortida a Lleida. Vam visitar les restes hist\u00f2riques d&#8217;unes de les adoberies m\u00e9s antigues de l&#8217;estat espanyol i que millor s&#8217;han conservat. Tamb\u00e9, vam anar a veure l&#8217;exposici\u00f3 \u201cArt i mite. Els d\u00e9us del Prado\u201d al CaixaF\u00f2rum. A m\u00e9s a m\u00e9s, vam [&hellip;]<\/p>\n","protected":false},"author":23,"featured_media":0,"comment_status":"closed","ping_status":"closed","sticky":false,"template":"","format":"standard","meta":{"_bbp_topic_count":0,"_bbp_reply_count":0,"_bbp_total_topic_count":0,"_bbp_total_reply_count":0,"_bbp_voice_count":0,"_bbp_anonymous_reply_count":0,"_bbp_topic_count_hidden":0,"_bbp_reply_count_hidden":0,"_bbp_forum_subforum_count":0,"site-sidebar-layout":"default","site-content-layout":"","ast-site-content-layout":"","site-content-style":"default","site-sidebar-style":"default","ast-global-header-display":"","ast-banner-title-visibility":"","ast-main-header-display":"","ast-hfb-above-header-display":"","ast-hfb-below-header-display":"","ast-hfb-mobile-header-display":"","site-post-title":"","ast-breadcrumbs-content":"","ast-featured-img":"","footer-sml-layout":"","theme-transparent-header-meta":"","adv-header-id-meta":"","stick-header-meta":"","header-above-stick-meta":"","header-main-stick-meta":"","header-below-stick-meta":"","astra-migrate-meta-layouts":"default","ast-page-background-enabled":"default","ast-page-background-meta":{"desktop":{"background-color":"var(--ast-global-color-4)","background-image":"","background-repeat":"repeat","background-position":"center center","background-size":"auto","background-attachment":"scroll","background-type":"","background-media":"","overlay-type":"","overlay-color":"","overlay-opacity":"","overlay-gradient":""},"tablet":{"background-color":"","background-image":"","background-repeat":"repeat","background-position":"center center","background-size":"auto","background-attachment":"scroll","background-type":"","background-media":"","overlay-type":"","overlay-color":"","overlay-opacity":"","overlay-gradient":""},"mobile":{"background-color":"","background-image":"","background-repeat":"repeat","background-position":"center center","background-size":"auto","background-attachment":"scroll","background-type":"","background-media":"","overlay-type":"","overlay-color":"","overlay-opacity":"","overlay-gradient":""}},"ast-content-background-meta":{"desktop":{"background-color":"var(--ast-global-color-5)","background-image":"","background-repeat":"repeat","background-position":"center center","background-size":"auto","background-attachment":"scroll","background-type":"","background-media":"","overlay-type":"","overlay-color":"","overlay-opacity":"","overlay-gradient":""},"tablet":{"background-color":"var(--ast-global-color-5)","background-image":"","background-repeat":"repeat","background-position":"center center","background-size":"auto","background-attachment":"scroll","background-type":"","background-media":"","overlay-type":"","overlay-color":"","overlay-opacity":"","overlay-gradient":""},"mobile":{"background-color":"var(--ast-global-color-5)","background-image":"","background-repeat":"repeat","background-position":"center center","background-size":"auto","background-attachment":"scroll","background-type":"","background-media":"","overlay-type":"","overlay-color":"","overlay-opacity":"","overlay-gradient":""}},"footnotes":""},"categories":[15,4,5],"tags":[],"class_list":["post-21346","post","type-post","status-publish","format-standard","hentry","category-6e","category-portada","category-primaria"],"post_mailing_queue_ids":[],"_links":{"self":[{"href":"https:\/\/agora.xtec.cat\/escalmacelles\/wp-json\/wp\/v2\/posts\/21346","targetHints":{"allow":["GET"]}}],"collection":[{"href":"https:\/\/agora.xtec.cat\/escalmacelles\/wp-json\/wp\/v2\/posts"}],"about":[{"href":"https:\/\/agora.xtec.cat\/escalmacelles\/wp-json\/wp\/v2\/types\/post"}],"author":[{"embeddable":true,"href":"https:\/\/agora.xtec.cat\/escalmacelles\/wp-json\/wp\/v2\/users\/23"}],"replies":[{"embeddable":true,"href":"https:\/\/agora.xtec.cat\/escalmacelles\/wp-json\/wp\/v2\/comments?post=21346"}],"version-history":[{"count":3,"href":"https:\/\/agora.xtec.cat\/escalmacelles\/wp-json\/wp\/v2\/posts\/21346\/revisions"}],"predecessor-version":[{"id":21349,"href":"https:\/\/agora.xtec.cat\/escalmacelles\/wp-json\/wp\/v2\/posts\/21346\/revisions\/21349"}],"wp:attachment":[{"href":"https:\/\/agora.xtec.cat\/escalmacelles\/wp-json\/wp\/v2\/media?parent=21346"}],"wp:term":[{"taxonomy":"category","embeddable":true,"href":"https:\/\/agora.xtec.cat\/escalmacelles\/wp-json\/wp\/v2\/categories?post=21346"},{"taxonomy":"post_tag","embeddable":true,"href":"https:\/\/agora.xtec.cat\/escalmacelles\/wp-json\/wp\/v2\/tags?post=21346"}],"curies":[{"name":"wp","href":"https:\/\/api.w.org\/{rel}","templated":true}]}}