{"id":21236,"date":"2021-11-01T19:41:53","date_gmt":"2021-11-01T18:41:53","guid":{"rendered":"https:\/\/agora.xtec.cat\/escalmacelles\/?p=21236"},"modified":"2022-10-04T22:22:01","modified_gmt":"2022-10-04T20:22:01","slug":"sortida-montblanc-5e","status":"publish","type":"post","link":"https:\/\/agora.xtec.cat\/escalmacelles\/portada\/sortida-montblanc-5e\/","title":{"rendered":"SORTIDA MONTBLANC 5\u00e8."},"content":{"rendered":"<p>El divendres passat, els de 5\u00e8 vam\u00a0 visitar Montblanc. Aquest curs estudiarem l&#8217;Edat Mitjana i poder visitar alhora que con\u00e8ixer de primera m\u00e0 un exemple de ciutat d&#8217;aquella \u00e8poca, ser\u00e0 fonamental. L&#8217;activitat es dividia en dues parts: mentre uns feien un recorregut per la vila medieval, els altres visitaven el Museu Comarcal. Aix\u00f2 ens va permetre poder con\u00e8ixer com vivien, com es defensaven, qu\u00e8 menjaven, classes socials, govern, vassallatge, construccions,&#8230; En el museu, ens vam centrar en l&#8217;habitat des de la Prehist\u00f2ria, passant per l&#8217;edat Antiga fins la Medieval, per lligar-ho amb l&#8217;eix transversal d&#8217;escola d&#8217;aquest curs, els artesans i, en concret, la cer\u00e0mica, que \u00e9s el que treballarem cinqu\u00e8. Va estar molt am\u00e8 amb activitats participatives i variades.<\/p>\n<p>Per acabar, una tornada dol\u00e7a. Vam visitar la f\u00e0brica-botiga de Rifacli, on es fan galetes artesanals des del segle passat.<\/p>\n<p><a href=\"https:\/\/photos.app.goo.gl\/WAHRsMbhZcyPpbSn9\" target=\"_blank\" rel=\"noopener\">FOTOS<\/a><\/p>\n<p><a href=\"https:\/\/photos.app.goo.gl\/WAHRsMbhZcyPpbSn9\" target=\"_blank\" rel=\"noopener\"><img loading=\"lazy\" decoding=\"async\" class=\"alignnone wp-image-21237\" src=\"https:\/\/agora.xtec.cat\/escalmacelles\/wp-content\/uploads\/usu1902\/2021\/11\/IMG_20211029_105228-1-473x1024.jpg\" alt=\"\" width=\"207\" height=\"448\" srcset=\"https:\/\/agora.xtec.cat\/escalmacelles\/wp-content\/uploads\/usu1902\/2021\/11\/IMG_20211029_105228-1-473x1024.jpg 473w, https:\/\/agora.xtec.cat\/escalmacelles\/wp-content\/uploads\/usu1902\/2021\/11\/IMG_20211029_105228-1-139x300.jpg 139w, https:\/\/agora.xtec.cat\/escalmacelles\/wp-content\/uploads\/usu1902\/2021\/11\/IMG_20211029_105228-1-768x1663.jpg 768w, https:\/\/agora.xtec.cat\/escalmacelles\/wp-content\/uploads\/usu1902\/2021\/11\/IMG_20211029_105228-1-709x1536.jpg 709w, https:\/\/agora.xtec.cat\/escalmacelles\/wp-content\/uploads\/usu1902\/2021\/11\/IMG_20211029_105228-1-946x2048.jpg 946w, https:\/\/agora.xtec.cat\/escalmacelles\/wp-content\/uploads\/usu1902\/2021\/11\/IMG_20211029_105228-1-scaled.jpg 1182w\" sizes=\"auto, (max-width: 207px) 100vw, 207px\" \/><\/a> <a href=\"https:\/\/photos.app.goo.gl\/WAHRsMbhZcyPpbSn9\" target=\"_blank\" rel=\"noopener\"><img loading=\"lazy\" decoding=\"async\" class=\"alignnone wp-image-21238\" src=\"https:\/\/agora.xtec.cat\/escalmacelles\/wp-content\/uploads\/usu1902\/2021\/11\/IMG_20211029_122304-1024x473.jpg\" alt=\"\" width=\"324\" height=\"150\" srcset=\"https:\/\/agora.xtec.cat\/escalmacelles\/wp-content\/uploads\/usu1902\/2021\/11\/IMG_20211029_122304-1024x473.jpg 1024w, https:\/\/agora.xtec.cat\/escalmacelles\/wp-content\/uploads\/usu1902\/2021\/11\/IMG_20211029_122304-300x139.jpg 300w, https:\/\/agora.xtec.cat\/escalmacelles\/wp-content\/uploads\/usu1902\/2021\/11\/IMG_20211029_122304-768x355.jpg 768w, https:\/\/agora.xtec.cat\/escalmacelles\/wp-content\/uploads\/usu1902\/2021\/11\/IMG_20211029_122304-1536x709.jpg 1536w, https:\/\/agora.xtec.cat\/escalmacelles\/wp-content\/uploads\/usu1902\/2021\/11\/IMG_20211029_122304-2048x946.jpg 2048w\" sizes=\"auto, (max-width: 324px) 100vw, 324px\" \/><\/a> <a href=\"https:\/\/photos.app.goo.gl\/WAHRsMbhZcyPpbSn9\" target=\"_blank\" rel=\"noopener\"><img loading=\"lazy\" decoding=\"async\" class=\"alignnone wp-image-21239\" src=\"https:\/\/agora.xtec.cat\/escalmacelles\/wp-content\/uploads\/usu1902\/2021\/11\/IMG_20211029_115904-472x1024.jpg\" alt=\"\" width=\"168\" height=\"364\" srcset=\"https:\/\/agora.xtec.cat\/escalmacelles\/wp-content\/uploads\/usu1902\/2021\/11\/IMG_20211029_115904-472x1024.jpg 472w, https:\/\/agora.xtec.cat\/escalmacelles\/wp-content\/uploads\/usu1902\/2021\/11\/IMG_20211029_115904-138x300.jpg 138w, https:\/\/agora.xtec.cat\/escalmacelles\/wp-content\/uploads\/usu1902\/2021\/11\/IMG_20211029_115904-768x1667.jpg 768w, https:\/\/agora.xtec.cat\/escalmacelles\/wp-content\/uploads\/usu1902\/2021\/11\/IMG_20211029_115904-708x1536.jpg 708w, https:\/\/agora.xtec.cat\/escalmacelles\/wp-content\/uploads\/usu1902\/2021\/11\/IMG_20211029_115904-944x2048.jpg 944w, https:\/\/agora.xtec.cat\/escalmacelles\/wp-content\/uploads\/usu1902\/2021\/11\/IMG_20211029_115904-scaled.jpg 1180w\" sizes=\"auto, (max-width: 168px) 100vw, 168px\" \/><\/a> <a href=\"https:\/\/photos.app.goo.gl\/WAHRsMbhZcyPpbSn9\" target=\"_blank\" rel=\"noopener\"><img loading=\"lazy\" decoding=\"async\" class=\"alignnone wp-image-21240\" src=\"https:\/\/agora.xtec.cat\/escalmacelles\/wp-content\/uploads\/usu1902\/2021\/11\/IMG_20211029_112340-1024x472.jpg\" alt=\"\" width=\"206\" height=\"95\" srcset=\"https:\/\/agora.xtec.cat\/escalmacelles\/wp-content\/uploads\/usu1902\/2021\/11\/IMG_20211029_112340-1024x472.jpg 1024w, https:\/\/agora.xtec.cat\/escalmacelles\/wp-content\/uploads\/usu1902\/2021\/11\/IMG_20211029_112340-300x138.jpg 300w, https:\/\/agora.xtec.cat\/escalmacelles\/wp-content\/uploads\/usu1902\/2021\/11\/IMG_20211029_112340-768x354.jpg 768w, https:\/\/agora.xtec.cat\/escalmacelles\/wp-content\/uploads\/usu1902\/2021\/11\/IMG_20211029_112340-1536x708.jpg 1536w, https:\/\/agora.xtec.cat\/escalmacelles\/wp-content\/uploads\/usu1902\/2021\/11\/IMG_20211029_112340-2048x944.jpg 2048w\" sizes=\"auto, (max-width: 206px) 100vw, 206px\" \/><\/a><\/p>\n","protected":false},"excerpt":{"rendered":"<p>El divendres passat, els de 5\u00e8 vam\u00a0 visitar Montblanc. Aquest curs estudiarem l&#8217;Edat Mitjana i poder visitar alhora que con\u00e8ixer de primera m\u00e0 un exemple de ciutat d&#8217;aquella \u00e8poca, ser\u00e0 fonamental. L&#8217;activitat es dividia en dues parts: mentre uns feien un recorregut per la vila medieval, els altres visitaven el Museu Comarcal. Aix\u00f2 ens va [&hellip;]<\/p>\n","protected":false},"author":1,"featured_media":0,"comment_status":"closed","ping_status":"closed","sticky":false,"template":"","format":"standard","meta":{"_bbp_topic_count":0,"_bbp_reply_count":0,"_bbp_total_topic_count":0,"_bbp_total_reply_count":0,"_bbp_voice_count":0,"_bbp_anonymous_reply_count":0,"_bbp_topic_count_hidden":0,"_bbp_reply_count_hidden":0,"_bbp_forum_subforum_count":0,"site-sidebar-layout":"default","site-content-layout":"","ast-site-content-layout":"","site-content-style":"default","site-sidebar-style":"default","ast-global-header-display":"","ast-banner-title-visibility":"","ast-main-header-display":"","ast-hfb-above-header-display":"","ast-hfb-below-header-display":"","ast-hfb-mobile-header-display":"","site-post-title":"","ast-breadcrumbs-content":"","ast-featured-img":"","footer-sml-layout":"","theme-transparent-header-meta":"","adv-header-id-meta":"","stick-header-meta":"","header-above-stick-meta":"","header-main-stick-meta":"","header-below-stick-meta":"","astra-migrate-meta-layouts":"default","ast-page-background-enabled":"default","ast-page-background-meta":{"desktop":{"background-color":"var(--ast-global-color-4)","background-image":"","background-repeat":"repeat","background-position":"center center","background-size":"auto","background-attachment":"scroll","background-type":"","background-media":"","overlay-type":"","overlay-color":"","overlay-opacity":"","overlay-gradient":""},"tablet":{"background-color":"","background-image":"","background-repeat":"repeat","background-position":"center center","background-size":"auto","background-attachment":"scroll","background-type":"","background-media":"","overlay-type":"","overlay-color":"","overlay-opacity":"","overlay-gradient":""},"mobile":{"background-color":"","background-image":"","background-repeat":"repeat","background-position":"center center","background-size":"auto","background-attachment":"scroll","background-type":"","background-media":"","overlay-type":"","overlay-color":"","overlay-opacity":"","overlay-gradient":""}},"ast-content-background-meta":{"desktop":{"background-color":"var(--ast-global-color-5)","background-image":"","background-repeat":"repeat","background-position":"center center","background-size":"auto","background-attachment":"scroll","background-type":"","background-media":"","overlay-type":"","overlay-color":"","overlay-opacity":"","overlay-gradient":""},"tablet":{"background-color":"var(--ast-global-color-5)","background-image":"","background-repeat":"repeat","background-position":"center center","background-size":"auto","background-attachment":"scroll","background-type":"","background-media":"","overlay-type":"","overlay-color":"","overlay-opacity":"","overlay-gradient":""},"mobile":{"background-color":"var(--ast-global-color-5)","background-image":"","background-repeat":"repeat","background-position":"center center","background-size":"auto","background-attachment":"scroll","background-type":"","background-media":"","overlay-type":"","overlay-color":"","overlay-opacity":"","overlay-gradient":""}},"footnotes":""},"categories":[14,4,5],"tags":[],"class_list":["post-21236","post","type-post","status-publish","format-standard","hentry","category-5e","category-portada","category-primaria"],"post_mailing_queue_ids":[],"_links":{"self":[{"href":"https:\/\/agora.xtec.cat\/escalmacelles\/wp-json\/wp\/v2\/posts\/21236","targetHints":{"allow":["GET"]}}],"collection":[{"href":"https:\/\/agora.xtec.cat\/escalmacelles\/wp-json\/wp\/v2\/posts"}],"about":[{"href":"https:\/\/agora.xtec.cat\/escalmacelles\/wp-json\/wp\/v2\/types\/post"}],"author":[{"embeddable":true,"href":"https:\/\/agora.xtec.cat\/escalmacelles\/wp-json\/wp\/v2\/users\/1"}],"replies":[{"embeddable":true,"href":"https:\/\/agora.xtec.cat\/escalmacelles\/wp-json\/wp\/v2\/comments?post=21236"}],"version-history":[{"count":2,"href":"https:\/\/agora.xtec.cat\/escalmacelles\/wp-json\/wp\/v2\/posts\/21236\/revisions"}],"predecessor-version":[{"id":21244,"href":"https:\/\/agora.xtec.cat\/escalmacelles\/wp-json\/wp\/v2\/posts\/21236\/revisions\/21244"}],"wp:attachment":[{"href":"https:\/\/agora.xtec.cat\/escalmacelles\/wp-json\/wp\/v2\/media?parent=21236"}],"wp:term":[{"taxonomy":"category","embeddable":true,"href":"https:\/\/agora.xtec.cat\/escalmacelles\/wp-json\/wp\/v2\/categories?post=21236"},{"taxonomy":"post_tag","embeddable":true,"href":"https:\/\/agora.xtec.cat\/escalmacelles\/wp-json\/wp\/v2\/tags?post=21236"}],"curies":[{"name":"wp","href":"https:\/\/api.w.org\/{rel}","templated":true}]}}