{"id":20828,"date":"2021-06-03T16:33:55","date_gmt":"2021-06-03T14:33:55","guid":{"rendered":"http:\/\/agora.xtec.cat\/escalmacelles\/?p=20828"},"modified":"2022-10-04T22:12:41","modified_gmt":"2022-10-04T20:12:41","slug":"sortida-al-parc-del-vilot-de-p5","status":"publish","type":"post","link":"https:\/\/agora.xtec.cat\/escalmacelles\/infantil\/sortida-al-parc-del-vilot-de-p5\/","title":{"rendered":"SORTIDA AL PARC DEL VILOT DE P5"},"content":{"rendered":"<p>Els nens i nenes de P5 estavem molt contents de poder anar a passar el dia al Pac del Vilot!!<\/p>\n<p>Va ser divendres 21 de maig,\u00a0 vam sortir a les 9:30 de l&#8217;escola amb les nostres motxilles i les gorres, preparats per a visitar el jaciment arqueol\u00f2gic que hi ha al Parc. All\u00ed ens esperava la Montse Gen\u00e9, l&#8217;arqueol\u00f2ga, que ens va acompanyar per les restes de la vila medieval, ens va explicar com eren aquelles cases de les que nom\u00e9s en quedaven algunes parets. Vam poder passar pels carrers empedrats i fer d&#8217;arque\u00f2legs, buscant entre la sorra alguna cosa interessant. Vam esmorzar, vam fer jocs i despr\u00e9s vam dinar.<\/p>\n<p>Les nostres tutores ens van preparar una ginkana molt divertida, i ens ho vam passar molt b\u00e9!<\/p>\n<figure id=\"attachment_20866\" aria-describedby=\"caption-attachment-20866\" style=\"width: 300px\" class=\"wp-caption alignleft\"><a href=\"https:\/\/photos.app.goo.gl\/AkZf8hRgH6QbLpXX6\"><img loading=\"lazy\" decoding=\"async\" class=\"wp-image-20866 size-medium\" src=\"https:\/\/agora.xtec.cat\/escalmacelles\/wp-content\/uploads\/usu1902\/2021\/05\/P5C-300x225.jpg\" alt=\"\" width=\"300\" height=\"225\" srcset=\"https:\/\/agora.xtec.cat\/escalmacelles\/wp-content\/uploads\/usu1902\/2021\/05\/P5C-300x225.jpg 300w, https:\/\/agora.xtec.cat\/escalmacelles\/wp-content\/uploads\/usu1902\/2021\/05\/P5C-768x576.jpg 768w, https:\/\/agora.xtec.cat\/escalmacelles\/wp-content\/uploads\/usu1902\/2021\/05\/P5C.jpg 1024w, https:\/\/agora.xtec.cat\/escalmacelles\/wp-content\/uploads\/usu1902\/2021\/05\/P5C-200x150.jpg 200w\" sizes=\"auto, (max-width: 300px) 100vw, 300px\" \/><\/a><figcaption id=\"caption-attachment-20866\" class=\"wp-caption-text\">P5C<\/figcaption><\/figure>\n<figure id=\"attachment_20865\" aria-describedby=\"caption-attachment-20865\" style=\"width: 300px\" class=\"wp-caption alignleft\"><a href=\"https:\/\/photos.app.goo.gl\/J8TMpJHtenKSVCs46\"><img loading=\"lazy\" decoding=\"async\" class=\"wp-image-20865 size-medium\" src=\"https:\/\/agora.xtec.cat\/escalmacelles\/wp-content\/uploads\/usu1902\/2021\/05\/P5B-300x225.jpg\" alt=\"\" width=\"300\" height=\"225\" srcset=\"https:\/\/agora.xtec.cat\/escalmacelles\/wp-content\/uploads\/usu1902\/2021\/05\/P5B-300x225.jpg 300w, https:\/\/agora.xtec.cat\/escalmacelles\/wp-content\/uploads\/usu1902\/2021\/05\/P5B-768x576.jpg 768w, https:\/\/agora.xtec.cat\/escalmacelles\/wp-content\/uploads\/usu1902\/2021\/05\/P5B.jpg 1024w, https:\/\/agora.xtec.cat\/escalmacelles\/wp-content\/uploads\/usu1902\/2021\/05\/P5B-200x150.jpg 200w\" sizes=\"auto, (max-width: 300px) 100vw, 300px\" \/><\/a><figcaption id=\"caption-attachment-20865\" class=\"wp-caption-text\">P5B<\/figcaption><\/figure>\n<figure id=\"attachment_20864\" aria-describedby=\"caption-attachment-20864\" style=\"width: 300px\" class=\"wp-caption alignleft\"><a href=\"https:\/\/photos.app.goo.gl\/5XsXtcEe3MsyY6pt6\"><img loading=\"lazy\" decoding=\"async\" class=\"wp-image-20864 size-medium\" src=\"https:\/\/agora.xtec.cat\/escalmacelles\/wp-content\/uploads\/usu1902\/2021\/05\/P5A-300x225.jpg\" alt=\"\" width=\"300\" height=\"225\" srcset=\"https:\/\/agora.xtec.cat\/escalmacelles\/wp-content\/uploads\/usu1902\/2021\/05\/P5A-300x225.jpg 300w, https:\/\/agora.xtec.cat\/escalmacelles\/wp-content\/uploads\/usu1902\/2021\/05\/P5A-768x576.jpg 768w, https:\/\/agora.xtec.cat\/escalmacelles\/wp-content\/uploads\/usu1902\/2021\/05\/P5A.jpg 1024w, https:\/\/agora.xtec.cat\/escalmacelles\/wp-content\/uploads\/usu1902\/2021\/05\/P5A-200x150.jpg 200w\" sizes=\"auto, (max-width: 300px) 100vw, 300px\" \/><\/a><figcaption id=\"caption-attachment-20864\" class=\"wp-caption-text\">P5A<\/figcaption><\/figure>\n","protected":false},"excerpt":{"rendered":"<p>Els nens i nenes de P5 estavem molt contents de poder anar a passar el dia al Pac del Vilot!! Va ser divendres 21 de maig,\u00a0 vam sortir a les 9:30 de l&#8217;escola amb les nostres motxilles i les gorres, preparats per a visitar el jaciment arqueol\u00f2gic que hi ha al Parc. All\u00ed ens esperava [&hellip;]<\/p>\n","protected":false},"author":1,"featured_media":0,"comment_status":"closed","ping_status":"closed","sticky":false,"template":"","format":"standard","meta":{"_bbp_topic_count":0,"_bbp_reply_count":0,"_bbp_total_topic_count":0,"_bbp_total_reply_count":0,"_bbp_voice_count":0,"_bbp_anonymous_reply_count":0,"_bbp_topic_count_hidden":0,"_bbp_reply_count_hidden":0,"_bbp_forum_subforum_count":0,"site-sidebar-layout":"default","site-content-layout":"","ast-site-content-layout":"","site-content-style":"default","site-sidebar-style":"default","ast-global-header-display":"","ast-banner-title-visibility":"","ast-main-header-display":"","ast-hfb-above-header-display":"","ast-hfb-below-header-display":"","ast-hfb-mobile-header-display":"","site-post-title":"","ast-breadcrumbs-content":"","ast-featured-img":"","footer-sml-layout":"","theme-transparent-header-meta":"","adv-header-id-meta":"","stick-header-meta":"","header-above-stick-meta":"","header-main-stick-meta":"","header-below-stick-meta":"","astra-migrate-meta-layouts":"default","ast-page-background-enabled":"default","ast-page-background-meta":{"desktop":{"background-color":"var(--ast-global-color-4)","background-image":"","background-repeat":"repeat","background-position":"center center","background-size":"auto","background-attachment":"scroll","background-type":"","background-media":"","overlay-type":"","overlay-color":"","overlay-opacity":"","overlay-gradient":""},"tablet":{"background-color":"","background-image":"","background-repeat":"repeat","background-position":"center center","background-size":"auto","background-attachment":"scroll","background-type":"","background-media":"","overlay-type":"","overlay-color":"","overlay-opacity":"","overlay-gradient":""},"mobile":{"background-color":"","background-image":"","background-repeat":"repeat","background-position":"center center","background-size":"auto","background-attachment":"scroll","background-type":"","background-media":"","overlay-type":"","overlay-color":"","overlay-opacity":"","overlay-gradient":""}},"ast-content-background-meta":{"desktop":{"background-color":"var(--ast-global-color-5)","background-image":"","background-repeat":"repeat","background-position":"center center","background-size":"auto","background-attachment":"scroll","background-type":"","background-media":"","overlay-type":"","overlay-color":"","overlay-opacity":"","overlay-gradient":""},"tablet":{"background-color":"var(--ast-global-color-5)","background-image":"","background-repeat":"repeat","background-position":"center center","background-size":"auto","background-attachment":"scroll","background-type":"","background-media":"","overlay-type":"","overlay-color":"","overlay-opacity":"","overlay-gradient":""},"mobile":{"background-color":"var(--ast-global-color-5)","background-image":"","background-repeat":"repeat","background-position":"center center","background-size":"auto","background-attachment":"scroll","background-type":"","background-media":"","overlay-type":"","overlay-color":"","overlay-opacity":"","overlay-gradient":""}},"footnotes":""},"categories":[3,8,9,2,4],"tags":[],"class_list":["post-20828","post","type-post","status-publish","format-standard","hentry","category-p3","category-p4","category-p5","category-infantil","category-portada"],"post_mailing_queue_ids":[],"_links":{"self":[{"href":"https:\/\/agora.xtec.cat\/escalmacelles\/wp-json\/wp\/v2\/posts\/20828","targetHints":{"allow":["GET"]}}],"collection":[{"href":"https:\/\/agora.xtec.cat\/escalmacelles\/wp-json\/wp\/v2\/posts"}],"about":[{"href":"https:\/\/agora.xtec.cat\/escalmacelles\/wp-json\/wp\/v2\/types\/post"}],"author":[{"embeddable":true,"href":"https:\/\/agora.xtec.cat\/escalmacelles\/wp-json\/wp\/v2\/users\/1"}],"replies":[{"embeddable":true,"href":"https:\/\/agora.xtec.cat\/escalmacelles\/wp-json\/wp\/v2\/comments?post=20828"}],"version-history":[{"count":3,"href":"https:\/\/agora.xtec.cat\/escalmacelles\/wp-json\/wp\/v2\/posts\/20828\/revisions"}],"predecessor-version":[{"id":20870,"href":"https:\/\/agora.xtec.cat\/escalmacelles\/wp-json\/wp\/v2\/posts\/20828\/revisions\/20870"}],"wp:attachment":[{"href":"https:\/\/agora.xtec.cat\/escalmacelles\/wp-json\/wp\/v2\/media?parent=20828"}],"wp:term":[{"taxonomy":"category","embeddable":true,"href":"https:\/\/agora.xtec.cat\/escalmacelles\/wp-json\/wp\/v2\/categories?post=20828"},{"taxonomy":"post_tag","embeddable":true,"href":"https:\/\/agora.xtec.cat\/escalmacelles\/wp-json\/wp\/v2\/tags?post=20828"}],"curies":[{"name":"wp","href":"https:\/\/api.w.org\/{rel}","templated":true}]}}